{"id":347133,"date":"2026-02-10T15:58:12","date_gmt":"2026-02-10T15:58:12","guid":{"rendered":"https:\/\/www.europesays.com\/it\/347133\/"},"modified":"2026-02-10T15:58:12","modified_gmt":"2026-02-10T15:58:12","slug":"unicredit-premio-ai-dipendenti-da-2-770-euro-e-buoni-pasto-piu-alti-accordo-con-i-sindacati","status":"publish","type":"post","link":"https:\/\/www.europesays.com\/it\/347133\/","title":{"rendered":"Unicredit, premio ai dipendenti da 2.770 euro (e buoni pasto pi\u00f9 alti): accordo con i sindacati"},"content":{"rendered":"<p>    di<br \/>\n    Andrea Rinaldi<\/p>\n<p class=\"summary-art is-line-h-12 is-mr-t-20\">Previsto anche un contributo per cure odontoiatriche e confermato per quest\u2019anno un servizio digitale di medicina primaria h24<\/p>\n<p class=\"chapter-paragraph\">Premio fino a 2.770 euro per tutti i dipendenti <a href=\"https:\/\/www.corriere.it\/economia\/finanza\/26_febbraio_09\/unicredit-utile-record-a-10-6-miliardi-in-aumento-del-14-ma-calano-ricavi-e-cet1-169ab907-226e-450d-a96a-9adf54958xlk.shtml\" title=\"Unicredit, utile record a 10,6 miliardi, in aumento del 14% (ma calano ricavi e Cet1)\" rel=\"nofollow noopener\" target=\"_blank\">Unicredit in Italia<\/a>. Il riconoscimento, che prevede anche un contributo alla polizza sanitaria di gruppo riferita alla <b>cure odontoiatriche<\/b>, si riferisce al 2025 e registra un incremento di oltre il 10% rispetto all\u2019anno precedente. Nell\u2019accordo &#8211; firmato nella notte tra luned\u00ec 9 e marted\u00ec 10 febbraio da <b>Fabi, First Cisl, Fisac Cgil, Uilca, Unisin<\/b> &#8211; \u00e8 previsto inoltre <b>l\u2019aumento del valore dei buoni pasto<\/b>, che passeranno\u00a0da 8 a 10 euro da gennaio 2027 per il personale a tempo pieno.\u00a0\u00a0<\/p>\n<p class=\"chapter-paragraph\">Nel dettaglio, chi opter\u00e0 per la destinazione a \u00abconto welfare\u00bb sar\u00e0 destinatario di un importo totale di 2.770 euro, comprendente la quota inerente la copertura dentaria aggiuntiva come negli anni precedenti, che sar\u00e0 accreditato nel mese di aprile. Mentre <b>chi opter\u00e0 per l&#8217;erogazione \u00abcash\u00bb, vedr\u00e0 corrisposto un importo pari a 2.270 euro, <\/b>sempre con la quota inerente la copertura dentaria aggiuntiva, con accredito a giugno.    &#13;<br \/>\n&#13;<br \/>\n&#13;<br \/>\n&#13;<br \/>\n&#13;<br \/>\n&#13;<br \/>\n&#13;<br \/>\n&#13;<br \/>\n&#13;<br \/>\n&#13;<br \/>\n&#13;<br \/>\n&#13;<br \/>\n&#13;<br \/>\n&#13;<br \/>\n&#13;<br \/>\n&#13;<br \/>\n&#13;<br \/>\n&#13;<br \/>\n&#13;<br \/>\n&#13;<br \/>\n&#13;<br \/>\n&#13;<br \/>\n&#13;<br \/>\n&#13;<br \/>\n&#13;<br \/>\n&#13;<br \/>\n&#13;<br \/>\n&#13;<br \/>\n&#13;<br \/>\n&#13;<br \/>\n&#13;<br \/>\n&#13;<br \/>\n&#13;<br \/>\n&#13;<br \/>\n&#13;<br \/>\n&#13;<br \/>\n&#13;<br \/>\n&#13;<br \/>\n&#13;<br \/>\n&#13;<br \/>\n&#13;<br \/>\n&#13;<br \/>\n&#13;<br \/>\n&#13;<br \/>\n&#13;<br \/>\n&#13;<br \/>\n&#13;<br \/>\n&#13;<br \/>\n&#13;<br \/>\n&#13;<br \/>\n&#13;<br \/>\n&#13;<br \/>\n&#13;\n<\/p>\n<p>    Chi ne beneficer\u00e0<\/p>\n<p class=\"chapter-paragraph\">Il premio verr\u00e0 riconosciuto anche sui congedi fruiti dalle donne oggetto di violenze di genere inserite in percorsi di protezione certificati e alle assenze per necessit\u00e0 di cura di lavoratrici e lavoratori affetti da malattie irreversibili e di particolare gravit\u00e0.<br \/><b>L\u2019intesa prevede al suo interno un importo di euro 88,70 quale contributo polizza odontoiatrica <\/b>e una somma una tantum a sostegno delle coperture sanitarie dedicate alle cure dentarie stimato in circa 120 euro pro-capite. Viene inoltre prorogata la validit\u00e0 della <b>polizza temporanea caso morte<\/b> (TCM)\u00a0 per tutto il 2027. E\u2019 infine\u00a0 confermato anche per quest\u2019anno un servizio digitale di medicina primaria h24 per le lavoratrici e i lavoratori e i loro familiari e il meccanismo dei welfare days.<br \/>\u00abSiamo soddisfatti per un accordo che, nel suo complesso, valorizza il premio in UniCredit come uno degli impianti pi\u00f9 avanzati e competitivi del settore del credito. In particolare, il riconoscimento del buono pasto, al limite massimo della defiscalizzazione, rappresenta un incremento economico oggettivo e significativo, di natura strutturale. Siamo certi che le lavoratrici e i lavoratori sapranno cogliere questi elementi di natura economica come un concreto riconoscimento del loro impegno costante. Altri importanti impegni ci attendono e continueremo a svolgere il nostro ruolo con responsabilit\u00e0 e determinazione, sempre nel loro esclusivo interesse\u00bb commenta il <b>coordinatore Fabi in Unicredit, Stefano Cefaloni.<\/b><\/p>\n<p>    I sindacati<\/p>\n<p class=\"chapter-paragraph\">\u00abGrazie al lavoro svolto dalla nostra delegazione trattante, unitariamente con le altre sigle sindacali &#8211; sottolinea <b>Sabrina Brezzo, segretaria generale aggiunta First Cisl<\/b> &#8211; \u00e8 stato raggiunto un accordo che realizza un incremento complessivo con benefici strutturali, sia di attenzione al welfare che all&#8217;inclusione sociale, con la piena maturazione del premio a specifiche fattispecie di assenze e con il rinnovo della polizza temporanea caso morte, sia attraverso l\u2019adeguamento dei ticket pasto. Auspichiamo per\u00f2 un prossimo adeguamento dei ticket pasto anche per il personale a tempo parziale. Il riconoscimento dell&#8217;impegno delle lavoratrici e dei lavoratori del gruppo che ha contribuito al raggiungimento dei risultati di UniCredit deve realizzarsi anche attraverso ulteriori concrete tutele. Restano ancora da affrontare sul tavolo Unicredit argomenti sostanziali: riteniamo infatti che siano necessarie risposte alle esigenze di genitorialit\u00e0, di cura, di armonizzazione dei tempi di vita e di lavoro, di benessere lavorativo, sempre pi\u00f9 sentite, che potranno rappresentare \u2013 conclude Brezzo &#8211; un passo ulteriore anche in tema di partecipazione reale\u00bb<\/p>\n<p class=\"chapter-paragraph\">\u00abDopo una lunga e difficile trattativa, che ci ha visto inizialmente su posizioni distanti, grazie al profondo senso di responsabilit\u00e0 della Uilca, delle altre Organizzazioni Sindacali e delle strutture di governance di Unicredit, si \u00e8 raggiunto un accordo di piena soddisfazione che permette ai dipendenti di beneficiare di un premio crescente rispetto agli anni passati, al momento il pi? alto del sistema bancario italiano\u00bb, commenta <b>Rosario Mingoia, segretario responsabile Uilca Unicredit.<\/b><\/p>\n<p class=\"chapter-paragraph\">\u00ab\u00c8 un accordo unico nel settore, per quantit\u00e0 e qualit\u00e0, che riconosce alle lavoratrici e ai lavoratori del Gruppo il contributo offerto al raggiungimento di quegli straordinari risultati emersi dalla presentazione dei dati dello scorso anno, operando quella redistribuzione da noi richiesta nei confronti di chi ha concorso in maniera determinante al raggiungimento di risultati da record\u00bb, dice\u00a0 il <b>segretario nazionale della Fisac Cgil, Riccardo Sanna.<\/b><\/p>\n<p><a class=\"chiedi-esperto-box\" href=\"https:\/\/www.corriere.it\/economia\/chiedi-esperto\/fai-una-domanda\/\" rel=\"nofollow noopener\" target=\"_blank\"><img decoding=\"async\" src=\"https:\/\/www.europesays.com\/it\/wp-content\/uploads\/2026\/02\/box_esperto_dsk.png\" alt=\"Chiedi agli esperti\"\/><\/a><\/p>\n<p class=\"is-last-update\" datetime=\"2026-02-10T11:38:19+01:00\">10 febbraio 2026 ( modifica il 10 febbraio 2026 | 11:38)<\/p>\n<p class=\"is-copyright\">\n            \u00a9 RIPRODUZIONE RISERVATA\n        <\/p>\n","protected":false},"excerpt":{"rendered":"di Andrea Rinaldi Previsto anche un contributo per cure odontoiatriche e confermato per quest\u2019anno un servizio digitale di&hellip;\n","protected":false},"author":3,"featured_media":208935,"comment_status":"","ping_status":"","sticky":false,"template":"","format":"standard","meta":{"footnotes":"","_share_on_mastodon":"0"},"categories":[6],"tags":[579,91956,201928,201929,187094,1495,29562,201930,1267,63566,192,193,18413,1079,201931,201932,7323,201933,4185,201934,201935,14,2664,2339,90494,201936,201937,4916,201938,201939,2588,724,38105,8,23311,14794,1537,90,89,9324,21257,112492,7,15,82,9,83,10,27801,24222,776,32072,10146,5389,13,51993,11,80,84,12,81,85,1410,3003],"class_list":["post-347133","post","type-post","status-publish","format-standard","has-post-thumbnail","category-ultime-notizie","tag-accordo","tag-adeguamento","tag-adeguamento-ticket","tag-adeguamento-ticket-pasto","tag-aggiuntiva","tag-altre","tag-assenze","tag-brezzo","tag-buoni","tag-buoni-pasto","tag-cgil","tag-cisl","tag-commenta","tag-confermato","tag-confermato-servizio","tag-confermato-servizio-digitale","tag-contributo","tag-contributo-polizza","tag-copertura","tag-copertura-dentaria","tag-copertura-dentaria-aggiuntiva","tag-cronaca","tag-cura","tag-cure","tag-cure-odontoiatriche","tag-dentaria","tag-dentaria-aggiuntiva","tag-digitale","tag-digitale-medicina","tag-digitale-medicina-primaria","tag-dipendenti","tag-euro","tag-fabi","tag-headlines","tag-importo","tag-incremento","tag-it","tag-italia","tag-italy","tag-lavoratori","tag-lavoratrici","tag-lavoratrici-lavoratori","tag-news","tag-notizie","tag-notizie-di-cronaca","tag-notizie-principali","tag-notiziedicronaca","tag-notizieprincipali","tag-pasto","tag-polizza","tag-premio","tag-raggiungimento","tag-riconoscimento","tag-risultati","tag-titoli","tag-uilca","tag-ultime-notizie","tag-ultime-notizie-di-cronaca","tag-ultime-notizie-e-news-di-oggi","tag-ultimenotizie","tag-ultimenotiziedicronaca","tag-ultimenotizieenewsdioggi","tag-unicredit","tag-welfare"],"share_on_mastodon":{"url":"","error":"Validation failed: Text character limit of 500 exceeded"},"_links":{"self":[{"href":"https:\/\/www.europesays.com\/it\/wp-json\/wp\/v2\/posts\/347133","targetHints":{"allow":["GET"]}}],"collection":[{"href":"https:\/\/www.europesays.com\/it\/wp-json\/wp\/v2\/posts"}],"about":[{"href":"https:\/\/www.europesays.com\/it\/wp-json\/wp\/v2\/types\/post"}],"author":[{"embeddable":true,"href":"https:\/\/www.europesays.com\/it\/wp-json\/wp\/v2\/users\/3"}],"replies":[{"embeddable":true,"href":"https:\/\/www.europesays.com\/it\/wp-json\/wp\/v2\/comments?post=347133"}],"version-history":[{"count":0,"href":"https:\/\/www.europesays.com\/it\/wp-json\/wp\/v2\/posts\/347133\/revisions"}],"wp:featuredmedia":[{"embeddable":true,"href":"https:\/\/www.europesays.com\/it\/wp-json\/wp\/v2\/media\/208935"}],"wp:attachment":[{"href":"https:\/\/www.europesays.com\/it\/wp-json\/wp\/v2\/media?parent=347133"}],"wp:term":[{"taxonomy":"category","embeddable":true,"href":"https:\/\/www.europesays.com\/it\/wp-json\/wp\/v2\/categories?post=347133"},{"taxonomy":"post_tag","embeddable":true,"href":"https:\/\/www.europesays.com\/it\/wp-json\/wp\/v2\/tags?post=347133"}],"curies":[{"name":"wp","href":"https:\/\/api.w.org\/{rel}","templated":true}]}}