{"id":347392,"date":"2026-02-10T19:49:20","date_gmt":"2026-02-10T19:49:20","guid":{"rendered":"https:\/\/www.europesays.com\/it\/347392\/"},"modified":"2026-02-10T19:49:20","modified_gmt":"2026-02-10T19:49:20","slug":"una-mini-casa-di-50mq-con-una-torre-alta","status":"publish","type":"post","link":"https:\/\/www.europesays.com\/it\/347392\/","title":{"rendered":"Una mini-casa di 50mq con una torre alta"},"content":{"rendered":"<p data-journey-content=\"true\" data-node-id=\"3\" class=\"css-6wxqfj emevuu60\">Torniamo indietro nel tempo, alla scoperta di un progetto che <strong data-node-id=\"3.1\"><a href=\"https:\/\/falaatelier.com\/\" target=\"_blank\" rel=\"nofollow noopener\" data-vars-ga-outbound-link=\"https:\/\/falaatelier.com\/\" data-vars-ga-ux-element=\"Hyperlink\" data-vars-ga-call-to-action=\"Fala Atelier\" data-node-id=\"3.1.0\" class=\"body-link css-g36lkp emevuu60\">Fala Atelier<\/a><\/strong> ha firmato qualche anno fa &#8211; nel 2018, per la precisione &#8211; mettendo a segno la ripetuta capacit\u00e0 di trasformare uno spazio in un altro. Questa <strong data-node-id=\"3.3\"><a href=\"https:\/\/www.elledecor.com\/it\/case-piccole\/\" target=\"_blank\" data-vars-ga-outbound-link=\"https:\/\/www.elledecor.com\/it\/case-piccole\/\" data-vars-ga-ux-element=\"Hyperlink\" data-vars-ga-call-to-action=\"piccola casa\" data-node-id=\"3.3.0\" class=\"body-link css-g36lkp emevuu60\" rel=\"nofollow noopener\">piccola casa<\/a><\/strong> ad Amarante, in <strong data-node-id=\"3.5\"><a href=\"https:\/\/www.elledecor.com\/it\/viaggi\/g44136155\/consigli-estate-portogallo\/\" target=\"_blank\" data-vars-ga-outbound-link=\"https:\/\/www.elledecor.com\/it\/viaggi\/g44136155\/consigli-estate-portogallo\/\" data-vars-ga-ux-element=\"Hyperlink\" data-vars-ga-call-to-action=\"Portogallo\" data-node-id=\"3.5.0\" class=\"body-link css-g36lkp emevuu60\" rel=\"nofollow noopener\">Portogallo<\/a><\/strong>, che si estende su una superficie totale di <strong data-node-id=\"3.7\">55 metri quadrati<\/strong>, era, prima della sua ristrutturazione pi\u00f9 recente, una piccola baracca in granito con una pianta leggermente irregolare. Ed ecco la sfida. Abbracciata tuttora da un giardino incantevole, internamente cresce in verticale per mezzo di una scala a chiocciola bianca che mette in relazione il sopra e il sotto: e, cio\u00e8, le aree pi\u00f9 private con quelle pi\u00f9 conviviali. <\/p>\n<p><img draggable=\"true\" alt=\"mini casa bellissima\" title=\"Mini-casa bellissima\" loading=\"lazy\" width=\"2172\" height=\"2716\" decoding=\"async\" data-nimg=\"1\" style=\"color:transparent;width:100%;height:auto;\"   src=\"https:\/\/www.europesays.com\/it\/wp-content\/uploads\/2026\/02\/081-rl-1-6989ec0f45ffa.jpg\" class=\"css-0 e1g79fud0\"\/><a target=\"_blank\" rel=\"noopener nofollow\" data-theme-key=\"base-link\" href=\"https:\/\/pinterest.com\/pin\/create\/button\/?url=https:\/\/www.elledecor.com\/it\/case\/a70287011\/mini-casa-di-50mq-con-torre\/&amp;description=elledecoritalia&amp;media=https:\/\/hips.hearstapps.com\/hmg-prod\/images\/081-rl-1-6989ec0f45ffa.jpg?resize=1600:*\" class=\"pinterest css-on9hn5 e1c1bym14\"><img decoding=\"async\" data-dynamic-svg=\"true\" src=\"https:\/\/www.elledecor.com\/_assets\/design-tokens\/fre\/static\/icons\/social\/pinterest.e8cf655.svg?primary=%2523ffffff\" loading=\"lazy\" data-testid=\"dynamic-svg-base\" height=\"auto\" width=\"auto\" alt=\"pinterest\" class=\"css-4lml0h e1mlxuuw1\"\/><\/a><\/p>\n<p>Ricardo Loureiro<\/p>\n<p><img draggable=\"true\" alt=\"mini casa bellissima\" title=\"Mini-casa bellissima\" loading=\"lazy\" width=\"2172\" height=\"2716\" decoding=\"async\" data-nimg=\"1\" style=\"color:transparent;width:100%;height:auto;\"   src=\"https:\/\/www.europesays.com\/it\/wp-content\/uploads\/2026\/02\/081-rl-2-6989ec471dd1c.jpg\" class=\"css-0 e1g79fud0\"\/><a target=\"_blank\" rel=\"noopener nofollow\" data-theme-key=\"base-link\" href=\"https:\/\/pinterest.com\/pin\/create\/button\/?url=https:\/\/www.elledecor.com\/it\/case\/a70287011\/mini-casa-di-50mq-con-torre\/&amp;description=elledecoritalia&amp;media=https:\/\/hips.hearstapps.com\/hmg-prod\/images\/081-rl-2-6989ec471dd1c.jpg?resize=1600:*\" class=\"pinterest css-on9hn5 e1c1bym14\"><img decoding=\"async\" data-dynamic-svg=\"true\" src=\"https:\/\/www.elledecor.com\/_assets\/design-tokens\/fre\/static\/icons\/social\/pinterest.e8cf655.svg?primary=%2523ffffff\" loading=\"lazy\" data-testid=\"dynamic-svg-base\" height=\"auto\" width=\"auto\" alt=\"pinterest\" class=\"css-4lml0h e1mlxuuw1\"\/><\/a><\/p>\n<p>Ricardo Loureiro<\/p>\n<p data-journey-content=\"true\" data-node-id=\"11\" class=\"css-6wxqfj emevuu60\">All&#8217;edificio preesistente, gli architetti Filipe Magalh\u00e3es, Ana Luisa Soares, Ahmed Belkhodja, Costanza Favero, Ana Lima, Joana Sendas e Paulo Sousa hanno aggiunto una <strong data-node-id=\"11.1\">torre<\/strong>. Questo elemento sovrapposto ospita un bagno piccino posizionato al livello inferiore e una doccia al piano superiore. La difficolt\u00e0 maggiore, secondo quanto raccontato dai progettisti, \u00e8 stata portare a termine una ristrutturazione nonostante le irregolarit\u00e0 murarie. E anzi: &#8220;una parete curva al primo piano&#8221;, raccontano, &#8220;\u00e8 stata introdotta per tenere insieme i due elementi, nascondere i tubi tecnici e alcuni spazi di stoccaggio, oltre che per causare una sottile distorsione della <a href=\"https:\/\/www.elledecor.com\/it\/design\/a46051638\/come-arredare-la-camera-da-letto-e-trasformarla-nello-spazio-dei-sogni-perfetto\/\" target=\"_blank\" data-vars-ga-outbound-link=\"https:\/\/www.elledecor.com\/it\/design\/a46051638\/come-arredare-la-camera-da-letto-e-trasformarla-nello-spazio-dei-sogni-perfetto\/\" data-vars-ga-ux-element=\"Hyperlink\" data-vars-ga-call-to-action=\"camera da letto\" data-node-id=\"11.3\" class=\"body-link css-g36lkp emevuu60\" rel=\"nofollow noopener\">camera da letto<\/a>&#8220;. <\/p>\n<p><img draggable=\"true\" alt=\"mini casa bellissima\" title=\"Mini-casa bellissima\" loading=\"lazy\" width=\"2172\" height=\"2716\" decoding=\"async\" data-nimg=\"1\" style=\"color:transparent;width:100%;height:auto;\"   src=\"https:\/\/www.europesays.com\/it\/wp-content\/uploads\/2026\/02\/081-rl-4-6989ec5fc401b.jpg\" class=\"css-0 e1g79fud0\"\/><a target=\"_blank\" rel=\"noopener nofollow\" data-theme-key=\"base-link\" href=\"https:\/\/pinterest.com\/pin\/create\/button\/?url=https:\/\/www.elledecor.com\/it\/case\/a70287011\/mini-casa-di-50mq-con-torre\/&amp;description=elledecoritalia&amp;media=https:\/\/hips.hearstapps.com\/hmg-prod\/images\/081-rl-4-6989ec5fc401b.jpg?resize=1600:*\" class=\"pinterest css-on9hn5 e1c1bym14\"><img decoding=\"async\" data-dynamic-svg=\"true\" src=\"https:\/\/www.elledecor.com\/_assets\/design-tokens\/fre\/static\/icons\/social\/pinterest.e8cf655.svg?primary=%2523ffffff\" loading=\"lazy\" data-testid=\"dynamic-svg-base\" height=\"auto\" width=\"auto\" alt=\"pinterest\" class=\"css-4lml0h e1mlxuuw1\"\/><\/a><\/p>\n<p>Ricardo Loureiro<\/p>\n<p><img draggable=\"true\" alt=\"mini casa di design bellissima\" title=\"Mini-casa di design bellissima\" loading=\"lazy\" width=\"2362\" height=\"2953\" decoding=\"async\" data-nimg=\"1\" style=\"color:transparent;width:100%;height:auto;\"   src=\"https:\/\/www.europesays.com\/it\/wp-content\/uploads\/2026\/02\/081-rl-6-6989ec7b7b874.jpg\" class=\"css-0 e1g79fud0\"\/><a target=\"_blank\" rel=\"noopener nofollow\" data-theme-key=\"base-link\" href=\"https:\/\/pinterest.com\/pin\/create\/button\/?url=https:\/\/www.elledecor.com\/it\/case\/a70287011\/mini-casa-di-50mq-con-torre\/&amp;description=elledecoritalia&amp;media=https:\/\/hips.hearstapps.com\/hmg-prod\/images\/081-rl-6-6989ec7b7b874.jpg?resize=1600:*\" class=\"pinterest css-on9hn5 e1c1bym14\"><img decoding=\"async\" data-dynamic-svg=\"true\" src=\"https:\/\/www.elledecor.com\/_assets\/design-tokens\/fre\/static\/icons\/social\/pinterest.e8cf655.svg?primary=%2523ffffff\" loading=\"lazy\" data-testid=\"dynamic-svg-base\" height=\"auto\" width=\"auto\" alt=\"pinterest\" class=\"css-4lml0h e1mlxuuw1\"\/><\/a><\/p>\n<p>Ricardo Loureiro<\/p>\n<p data-journey-content=\"true\" data-node-id=\"17\" class=\"css-6wxqfj emevuu60\">Il progetto si propone ai suoi abitanti come uno spazio coerente dal punto di vista estetico: il paesaggio indoor \u00e8 punteggiato da pareti bianche; la promenade \u00e8 realizzata da pavimenti in legno a strisce e, come intermezzi piacevoli allo sguardo, i frammenti di marmo bianco si abbinano perfettamente alla carpenteria <strong data-node-id=\"17.5\"><a href=\"https:\/\/www.elledecor.com\/it\/case\/a63821412\/interrato-casa-colorata-officesm\/\" target=\"_blank\" data-vars-ga-outbound-link=\"https:\/\/www.elledecor.com\/it\/case\/a63821412\/interrato-casa-colorata-officesm\/\" data-vars-ga-ux-element=\"Hyperlink\" data-vars-ga-call-to-action=\"verde menta\" data-node-id=\"17.5.0\" class=\"body-link css-g36lkp emevuu60\" rel=\"nofollow noopener\">verde menta<\/a><\/strong>. Guardando la mini-casa dall&#8217;esterno, i colori fanno da calamita alla curiosit\u00e0. Il motivo che tinteggia la colonna &#8211; fatto di triangoli bianchi e rosa &#8211; disegna un piacevole contrasto. Ma &#8220;l&#8217;alta torre si erge in una paradossale indipendenza, rifiutando di essere seria e lanciando un coraggioso messaggio formale. Un oggetto monumentale per un programma non monumentale&#8221;. <\/p>\n<p data-journey-content=\"true\" data-node-id=\"22\" class=\"css-6wxqfj emevuu60\"><a href=\"https:\/\/falaatelier.com\/\" target=\"_blank\" rel=\"nofollow noopener\" data-vars-ga-outbound-link=\"https:\/\/falaatelier.com\/\" data-vars-ga-ux-element=\"Hyperlink\" data-vars-ga-call-to-action=\"www.falaatelier.com\" data-node-id=\"22.0\" class=\"body-link css-g36lkp emevuu60\">www.falaatelier.com<\/a><\/p>\n<p><img src=\"https:\/\/www.europesays.com\/it\/wp-content\/uploads\/2026\/02\/1770752960_610_e84fffd4-6caa-4927-b6a7-ab5791add78d_1694417339.file.png\" alt=\"Headshot of Alessia Musillo\" title=\"Headshot of Alessia Musillo\" width=\"100%\" height=\"100%\" decoding=\"async\" loading=\"lazy\" class=\"css-o0wq4v ev8dhu53\"\/><\/p>\n<p>Alessia Musillo \u00e8 Head of Content di Elledecor.it e Marie Claire Maison Italia digital. Laureata all\u2019Universit\u00e0 Statale di Milano con una tesi custodita presso la Fondazione Treccani di Milano, ha studiato anche Modern Languages presso la University of Strathclyde a Glasgow (UK) e Semiotics presso la University of Tartu (Estonia). Dopo aver collaborato con diverse testate giornalistiche, oggi trasforma l\u2019attualit\u00e0 in racconti scrivendo di citt\u00e0, design e cultura pop per il sito web di Elle Decor Italia. Potete seguirla su Instagram (@alessia__musillo) o leggendo Elledecor.it. I suoi articoli sono viaggi sulle tracce dell\u2019abitare contemporaneo. Il suo mezzo? La parola. \u00a0\u00a0\u00a0\u00a0\u00a0<\/p>\n","protected":false},"excerpt":{"rendered":"Torniamo indietro nel tempo, alla scoperta di un progetto che Fala Atelier ha firmato qualche anno fa &#8211;&hellip;\n","protected":false},"author":3,"featured_media":347393,"comment_status":"","ping_status":"","sticky":false,"template":"","format":"standard","meta":{"footnotes":"","_share_on_mastodon":"0"},"categories":[1446],"tags":[1615,1613,1614,1611,1610,1612,203,204,1537,90,89,15327],"class_list":["post-347392","post","type-post","status-publish","format-standard","has-post-thumbnail","category-arte-e-design","tag-arte","tag-arte-e-design","tag-arteedesign","tag-arts","tag-arts-and-design","tag-design","tag-entertainment","tag-intrattenimento","tag-it","tag-italia","tag-italy","tag-mini-casa"],"share_on_mastodon":{"url":"https:\/\/pubeurope.com\/@it\/116048072979269589","error":""},"_links":{"self":[{"href":"https:\/\/www.europesays.com\/it\/wp-json\/wp\/v2\/posts\/347392","targetHints":{"allow":["GET"]}}],"collection":[{"href":"https:\/\/www.europesays.com\/it\/wp-json\/wp\/v2\/posts"}],"about":[{"href":"https:\/\/www.europesays.com\/it\/wp-json\/wp\/v2\/types\/post"}],"author":[{"embeddable":true,"href":"https:\/\/www.europesays.com\/it\/wp-json\/wp\/v2\/users\/3"}],"replies":[{"embeddable":true,"href":"https:\/\/www.europesays.com\/it\/wp-json\/wp\/v2\/comments?post=347392"}],"version-history":[{"count":0,"href":"https:\/\/www.europesays.com\/it\/wp-json\/wp\/v2\/posts\/347392\/revisions"}],"wp:featuredmedia":[{"embeddable":true,"href":"https:\/\/www.europesays.com\/it\/wp-json\/wp\/v2\/media\/347393"}],"wp:attachment":[{"href":"https:\/\/www.europesays.com\/it\/wp-json\/wp\/v2\/media?parent=347392"}],"wp:term":[{"taxonomy":"category","embeddable":true,"href":"https:\/\/www.europesays.com\/it\/wp-json\/wp\/v2\/categories?post=347392"},{"taxonomy":"post_tag","embeddable":true,"href":"https:\/\/www.europesays.com\/it\/wp-json\/wp\/v2\/tags?post=347392"}],"curies":[{"name":"wp","href":"https:\/\/api.w.org\/{rel}","templated":true}]}}