{"id":347427,"date":"2026-02-10T20:25:19","date_gmt":"2026-02-10T20:25:19","guid":{"rendered":"https:\/\/www.europesays.com\/it\/347427\/"},"modified":"2026-02-10T20:25:19","modified_gmt":"2026-02-10T20:25:19","slug":"uber-rinnova-laccordo-con-i-taxi-auto-a-guida-autonoma-entro-questanno-a-londra-e-in-germania","status":"publish","type":"post","link":"https:\/\/www.europesays.com\/it\/347427\/","title":{"rendered":"Uber rinnova l\u2019accordo con i taxi: \u00abAuto a guida autonoma entro quest\u2019anno a Londra e in Germania\u00bb"},"content":{"rendered":"<p>    di<br \/>\n    Giuliana Ferraino<\/p>\n<p class=\"summary-art is-line-h-12 is-mr-t-20\">Diaz, vice presidente Uber Mobility Emea: \u00abIn Italia, terza economia europea, il nostro business dovrebbe essere pi\u00f9 grande. Per le Olimpiadi mobilitati 5 mila driver, la pi\u00f9 grande operazione mai realizzata qui\u00bb<\/p>\n<p class=\"chapter-paragraph\"><b>Anabel Diaz, 51 anni, spagnola, vice president Mobility EMEA di Uber, gioved\u00ec a Milano ha partecipato come tedofora al percorso olimpico,<\/b> per simboleggiare un legame con una citt\u00e0 che va oltre il business e si intreccia con i grandi eventi che ridisegnano la mobilit\u00e0 urbana. Nei prossimi giorni seguir\u00e0 alcune gare di pattinaggio artistico e hockey su ghiaccio, ma l\u2019agenda resta fitta di incontri istituzionali e operativi. Incluso <b>l\u2019annuncio per il rinnovo per altri cinque anni dell\u2019accordo di integrazione con itTaxi,<\/b> siglato nel 2022.<\/p>\n<p class=\"chapter-paragraph\">Il primo punto che Diaz tiene a chiarire riguarda \u00abil pi\u00f9 grande equivoco che ancora oggi esiste in Europa\u00bb su Uber. \u00abMolti pensano che stiamo cercando di prendere il posto dei taxi. Non \u00e8 cos\u00ec\u00bb, dice. <b>\u00abIl nostro obiettivo \u00e8 ridurre la dipendenza dall\u2019auto privata<\/b> e rendere la mobilit\u00e0 pi\u00f9 efficiente, offrendo pi\u00f9 scelta attraverso una piattaforma sicura e affidabile\u00bb.    &#13;<br \/>\n&#13;<br \/>\n&#13;<br \/>\n&#13;<br \/>\n&#13;<br \/>\n&#13;<br \/>\n&#13;<br \/>\n&#13;<br \/>\n&#13;<br \/>\n&#13;<br \/>\n&#13;<br \/>\n&#13;<br \/>\n&#13;<br \/>\n&#13;<br \/>\n&#13;<br \/>\n&#13;<br \/>\n&#13;<br \/>\n&#13;<br \/>\n&#13;<br \/>\n&#13;<br \/>\n&#13;<br \/>\n&#13;<br \/>\n&#13;<br \/>\n&#13;<br \/>\n&#13;<br \/>\n&#13;<br \/>\n&#13;<br \/>\n&#13;<br \/>\n&#13;<br \/>\n&#13;<br \/>\n&#13;<br \/>\n&#13;<br \/>\n&#13;<br \/>\n&#13;<br \/>\n&#13;<br \/>\n&#13;<br \/>\n&#13;<br \/>\n&#13;<br \/>\n&#13;<br \/>\n&#13;<br \/>\n&#13;<br \/>\n&#13;<br \/>\n&#13;<br \/>\n&#13;<br \/>\n&#13;<br \/>\n&#13;<br \/>\n&#13;<br \/>\n&#13;<br \/>\n&#13;<br \/>\n&#13;<br \/>\n&#13;<br \/>\n&#13;<br \/>\n&#13;\n<\/p>\n<p class=\"chapter-paragraph\">L\u2019integrazione con i taxi, spiega, va letta proprio in questa chiave. \u00abNon si tratta di fare quello che i taxi hanno sempre fatto in modo diverso, ma di <b>allargare il mercato<\/b>\u00bb. E i numeri, secondo Diaz, lo dimostrano: \u00abDa quando abbiamo avviato la partnership, in Italia sono state effettuate <b>oltre 20 milioni di richieste di taxi tramite l\u2019app Uber.<\/b> Solo nell\u2019ultimo anno i viaggi in taxi prenotati via app sono cresciuti di circa il 40%\u00bb.<\/p>\n<p class=\"chapter-paragraph\">I benefici, insiste, non riguardano solo la domanda. \u00abPer i tassisti significa meno tempi morti tra una corsa e l\u2019altra: riescono a fare pi\u00f9 viaggi senza aumentare le ore di lavoro\u00bb, spiega. \u00ab<b>Per gli utenti vuol dire attese pi\u00f9 brevi<\/b> e un servizio che regge meglio anche nei momenti di picco\u00bb.<\/p>\n<p class=\"chapter-paragraph\">Il percorso italiano, per\u00f2, non \u00e8 stato semplice. \u00abQui le regole rendevano molto difficile operare con modelli diversi dal taxi: poche licenze, costi elevati. In quel contesto il taxi era la vera porta d\u2019ingresso per portare tecnologia nel settore\u00bb, racconta. \u00abAbbiamo trovato interlocutori pronti a rischiare, innovatori e coraggiosi\u00bb.<\/p>\n<p class=\"chapter-paragraph\">Oggi, dice Diaz, la fotografia \u00e8 cambiata. \u00abLavoriamo con oltre 6 mila taxi in circa 50 citt\u00e0 e l\u2019obiettivo \u00e8 estendere progressivamente la copertura su tutto il territorio\u00bb. Se si guarda alla domanda, il segnale \u00e8 ancora pi\u00f9 netto: \u00abLe corse su Uber in Italia crescono di circa il 50% l\u2019anno e <b>oggi l\u201980% dei nuovi utenti sono residenti locali.<\/b> \u00c8 un cambio di passo rispetto al passato, quando la domanda era trainata soprattutto dai turisti\u00bb.<\/p>\n<p class=\"chapter-paragraph\">Turismo che resta comunque centrale. \u00abUber Taxi in Italia \u00e8 utilizzato da viaggiatori di pi\u00f9 di 170 Paesi\u00bb, osserva. \u00abPer chi arriva dall\u2019estero contano semplicit\u00e0 e fiducia: un\u2019app che conosci, il pagamento digitale, il prezzo chiaro\u00bb.<\/p>\n<p class=\"chapter-paragraph\">Il rapporto con i tassisti, sottolinea, \u00abnon \u00e8 mai statico\u00bb. \u00abNon firmiamo un contratto e basta: <b>lavoriamo continuamente su algoritmi, domanda, aree critiche. <\/b>Gli incentivi sono allineati, perch\u00e9 l\u2019obiettivo \u00e8 far crescere il business insieme\u00bb.<\/p>\n<p class=\"chapter-paragraph\">Restano nodi aperti sul fronte regolatorio. \u00abIl nostro messaggio \u00e8 semplice: regolare s\u00ec, ma non regolare l\u2019inefficienza\u00bb, dice. \u00abIn molte citt\u00e0 la domanda c\u2019\u00e8, ma non ci sono abbastanza licenze per soddisfarla\u00bb.<\/p>\n<p class=\"chapter-paragraph\">Guardando all\u2019Europa, Diaz rivendica il ruolo crescente dei taxi nel modello Uber. \u00abDa quando ricopro questo ruolo, oltre 180 mila tassisti hanno iniziato a usare la piattaforma in Europa. Solo nell\u2019ultimo anno la crescita \u00e8 stata intorno al 40%\u00bb. Oggi oltre il 15% dei viaggi Uber nell\u2019area EMEA avviene con taxi. \u00abIn Paesi come Irlanda, Grecia o Polonia operiamo solo con licenze taxi. I modelli possono convivere\u00bb.<\/p>\n<p class=\"chapter-paragraph\">Milano-Cortina 2026 \u00e8 uno dei motivi della sua presenza in citt\u00e0. \u00abUn evento cos\u00ec cambia tutto: domanda, flussi, geografia urbana\u00bb, dice.<b> Uber prevede di mobilitare fino a 5 mila driver. \u00ab\u00c8 la pi\u00f9 grande operazione mai realizzata in Italia\u00bb.\u00a0<\/b><\/p>\n<p class=\"chapter-paragraph\">Lo sguardo, per\u00f2, va gi\u00e0 oltre. \u00ab<b>Le auto a guida autonoma entreranno nell\u2019ecosistema nei prossimi cinque anni\u00bb,<\/b> afferma. \u00abVedremo veicoli Uber che si guidano da soli <b>a Londra e in Germania entro quest\u2019anno<\/b>. In Italia? Resta nel radar, se ci saranno le condizioni\u00bb.<\/p>\n<p class=\"chapter-paragraph\">Il messaggio finale \u00e8 netto: \u00ab<b>L\u2019Italia \u00e8 la terza economia europea e il nostro business qui dovrebbe essere pi\u00f9 grande.<\/b> Questo significa che ci sono bisogni di mobilit\u00e0 ancora scoperti. Ed \u00e8 l\u00ec che tecnologia e cooperazione possono fare la differenza\u00bb, conclude.<\/p>\n<p><a href=\"https:\/\/www.corriere.it\/app-economia\/?intcmp=DL-app_nd_011024_corriere_ss_conomia\" target=\"_blank\" class=\"bck-app-banner\" rel=\"nofollow noopener\"><img decoding=\"async\" class=\"bck-app-img\" src=\"https:\/\/www.europesays.com\/it\/wp-content\/uploads\/2025\/08\/1756449670_863_app.png\"\/><\/p>\n<p>Nuova app <strong>L&#8217;Economia<\/strong>. News, approfondimenti e l&#8217;assistente virtuale al tuo servizio.<\/p>\n<p>SCARICA L&#8217; APP<\/p>\n<p><img decoding=\"async\" src=\"https:\/\/www.europesays.com\/it\/wp-content\/uploads\/2025\/07\/eco.png\"\/><\/a><\/p>\n<p>Iscriviti alle <a href=\"https:\/\/www.corriere.it\/newsletter\/?theme=4\" rel=\"nofollow noopener\" target=\"_blank\">newsletter de L&#8217;Economia<\/a>. Analisi e commenti sui principali avvenimenti\u00a0economici a cura delle firme del Corriere.<\/p>\n<p class=\"is-last-update\" datetime=\"2026-02-09T19:01:47+01:00\">10 febbraio 2026<\/p>\n<p class=\"is-copyright\">\n            \u00a9 RIPRODUZIONE RISERVATA\n        <\/p>\n","protected":false},"excerpt":{"rendered":"di Giuliana Ferraino Diaz, vice presidente Uber Mobility Emea: \u00abIn Italia, terza economia europea, il nostro business dovrebbe&hellip;\n","protected":false},"author":3,"featured_media":347428,"comment_status":"","ping_status":"","sticky":false,"template":"","format":"standard","meta":{"footnotes":"","_share_on_mastodon":"0"},"categories":[172],"tags":[579,178,4158,2765,202022,202023,2545,177,202024,631,18350,2341,6018,29717,202025,202026,184,18515,202027,202021,3882,3085,2697,202028,202029,3044,3453,49256,18259,1537,90,202030,202031,89,49388,42000,5122,202032,6411,28,8588,202033,202034,5919,3520,809,811,202035,857,491,7473,3522,6520,1434,178987,52469,14498,7146],"class_list":["post-347427","post","type-post","status-publish","format-standard","has-post-thumbnail","category-affari","tag-accordo","tag-affari","tag-app","tag-auto","tag-auto-guida","tag-auto-guida-autonoma","tag-autonoma","tag-business","tag-business-dovrebbe","tag-cinque","tag-diaz","tag-domanda","tag-dovrebbe","tag-driver","tag-driver-operazione","tag-driver-operazione-realizzata","tag-economia","tag-economia-europea","tag-economia-europea-business","tag-emea","tag-entro","tag-europa","tag-europea","tag-europea-business","tag-europea-business-dovrebbe","tag-germania","tag-guida","tag-guida-autonoma","tag-integrazione","tag-it","tag-italia","tag-italia-terza","tag-italia-terza-economia","tag-italy","tag-lavoriamo","tag-licenze","tag-londra","tag-londra-germania","tag-messaggio","tag-milano","tag-mobilita","tag-mobility","tag-mobility-emea","tag-modelli","tag-netto","tag-obiettivo","tag-operazione","tag-operazione-realizzata","tag-paesi","tag-percorso","tag-piattaforma","tag-possono","tag-prossimi","tag-resta","tag-tassisti","tag-taxi","tag-uber","tag-viaggi"],"share_on_mastodon":{"url":"","error":"Validation failed: Text character limit of 500 exceeded"},"_links":{"self":[{"href":"https:\/\/www.europesays.com\/it\/wp-json\/wp\/v2\/posts\/347427","targetHints":{"allow":["GET"]}}],"collection":[{"href":"https:\/\/www.europesays.com\/it\/wp-json\/wp\/v2\/posts"}],"about":[{"href":"https:\/\/www.europesays.com\/it\/wp-json\/wp\/v2\/types\/post"}],"author":[{"embeddable":true,"href":"https:\/\/www.europesays.com\/it\/wp-json\/wp\/v2\/users\/3"}],"replies":[{"embeddable":true,"href":"https:\/\/www.europesays.com\/it\/wp-json\/wp\/v2\/comments?post=347427"}],"version-history":[{"count":0,"href":"https:\/\/www.europesays.com\/it\/wp-json\/wp\/v2\/posts\/347427\/revisions"}],"wp:featuredmedia":[{"embeddable":true,"href":"https:\/\/www.europesays.com\/it\/wp-json\/wp\/v2\/media\/347428"}],"wp:attachment":[{"href":"https:\/\/www.europesays.com\/it\/wp-json\/wp\/v2\/media?parent=347427"}],"wp:term":[{"taxonomy":"category","embeddable":true,"href":"https:\/\/www.europesays.com\/it\/wp-json\/wp\/v2\/categories?post=347427"},{"taxonomy":"post_tag","embeddable":true,"href":"https:\/\/www.europesays.com\/it\/wp-json\/wp\/v2\/tags?post=347427"}],"curies":[{"name":"wp","href":"https:\/\/api.w.org\/{rel}","templated":true}]}}