{"id":347637,"date":"2026-02-10T23:34:14","date_gmt":"2026-02-10T23:34:14","guid":{"rendered":"https:\/\/www.europesays.com\/it\/347637\/"},"modified":"2026-02-10T23:34:14","modified_gmt":"2026-02-10T23:34:14","slug":"generali-shopping-nei-servizi-per-dipendenti-acquista-swiss-life-network","status":"publish","type":"post","link":"https:\/\/www.europesays.com\/it\/347637\/","title":{"rendered":"Generali, shopping nei servizi per dipendenti: acquista Swiss Life Network"},"content":{"rendered":"<p>    di<br \/>\n    Andrea Rinaldi<\/p>\n<p class=\"summary-art is-line-h-12 is-mr-t-20\">Il big di Trieste diventa primo al mondo nel welfare aziendale con 3 miliardi di premi. La nuova piattaforma avr\u00e0 una presenza in oltre 130 Paesi e quasi 200 partner di rete<\/p>\n<p class=\"chapter-paragraph\">Il Gruppo Generali e Swiss Life Global Solutions hanno stipulato una partnership commerciale a lungo termine e un accordo vincolante per l&#8217;acquisizione di <b>Swiss Life Network (Sln)<\/b> da parte di <b>Generali Employee Benefits (Geb)<\/b>. Con questa operazione, il gruppo di Trieste dar\u00e0 vita alla rete numero uno al mondo nel settore dei servizi per i dipendenti, offerti alle aziende, <b>con oltre 3 miliardi di euro di premi gestiti,\u00a0una presenza in oltre 130 Paesi e quasi 200 partner di rete<\/b> e\u00a0l&#8217;obiettivo di definire nuovi standard in termini di servizio e innovazione per i clienti multinazionali e i loro dipendenti in tutto il mondo.\u00a0<\/p>\n<p>    Come sar\u00e0<\/p>\n<p class=\"chapter-paragraph\">Il gruppo italiano e quello elvetico\u00a0 uniranno i punti di forza delle rispettive reti e i loro profili complementari. L&#8217;operazione generer\u00e0 sinergie lungo l&#8217;intera offerta di prodotti (protezione e previdenza, multinational pooling, riassicurazione verso captive), nell&#8217;impronta geografica, nei segmenti di clientela e nelle capacit\u00e0 commerciali e tecniche, sostenute da una chiara ambizione:<b> stabilire un nuovo punto di riferimento nel mercato globale degli \u00abemployee benefits\u00bb <\/b>(i\u00a0benefici che il datore di lavoro offre ai propri dipendenti e che comprendono\u00a0 fondo pensione, assicurazione sulla vita,<br \/>invalidit\u00e0, infortuni, fondo sanitario)\u00a0<b>in termini di esperienza del cliente<\/b>, innovazione e crescita sostenibile.\u00a0    &#13;<br \/>\n&#13;<br \/>\n&#13;<br \/>\n&#13;<br \/>\n&#13;<br \/>\n&#13;<br \/>\n&#13;<br \/>\n&#13;<br \/>\n&#13;<br \/>\n&#13;<br \/>\n&#13;<br \/>\n&#13;<br \/>\n&#13;<br \/>\n&#13;<br \/>\n&#13;<br \/>\n&#13;<br \/>\n&#13;<br \/>\n&#13;<br \/>\n&#13;<br \/>\n&#13;<br \/>\n&#13;<br \/>\n&#13;<br \/>\n&#13;<br \/>\n&#13;<br \/>\n&#13;<br \/>\n&#13;<br \/>\n&#13;<br \/>\n&#13;<br \/>\n&#13;<br \/>\n&#13;<br \/>\n&#13;<br \/>\n&#13;<br \/>\n&#13;<br \/>\n&#13;<br \/>\n&#13;<br \/>\n&#13;<br \/>\n&#13;<br \/>\n&#13;<br \/>\n&#13;<br \/>\n&#13;<br \/>\n&#13;<br \/>\n&#13;<br \/>\n&#13;<br \/>\n&#13;<br \/>\n&#13;<br \/>\n&#13;<br \/>\n&#13;<br \/>\n&#13;<br \/>\n&#13;<br \/>\n&#13;<br \/>\n&#13;<br \/>\n&#13;<br \/>\n&#13;\n<\/p>\n<p>    I manager<\/p>\n<p class=\"chapter-paragraph\"><b>Ludovic Bayard<\/b>, ad della rete Generali Employee Benefits, (la linea di business dedicata agli employee benefit di Generali Care), guider\u00e0 la nuova piattaforma combinata, che far\u00e0 parte di Generali Care, il sistema globale di partnership per la clientela imprese e retail di Trieste, e riporter\u00e0 ad<br \/><b>Antoine Parisi<\/b>.<b> Frederik Van Den Eede<\/b> invece, chief commercial officer di Geb, e <b>Michael Hansen<\/b>, chief executive officer di Swiss Life Network, guideranno congiuntamente l\u2019area commerciale.<\/p>\n<p class=\"chapter-paragraph\">Secondo Ludovic Bayard, ceo di Generali Employee Benefits, \u00abla nuova piattaforma rappresenta una tappa fondamentale nel rafforzamento del business employee benefit di Generali e conferma il Gruppo come partner di riferimento numero uno per le multinazionali, le Pmi e i loro dipendenti a livello globale\u00bb. Antoine Parisi, ceo di Generali Care, evidenzia come \u00abl&#8217;operazione \u00e8 pienamente in linea con le ambizioni del piano &#8220;Lifetime Partner 27: Driving Excellence&#8221; e con il nostro impegno a offrire soluzioni Care e i servizi pi\u00f9 innovativi ai clienti multinazionali di tutto il mondo\u00bb.<\/p>\n<p><a href=\"https:\/\/www.corriere.it\/app-economia\/?intcmp=DL-app_nd_011024_corriere_ss_conomia\" target=\"_blank\" class=\"bck-app-banner\" rel=\"nofollow noopener\"><img decoding=\"async\" class=\"bck-app-img\" src=\"https:\/\/www.europesays.com\/it\/wp-content\/uploads\/2025\/08\/1756449670_863_app.png\"\/><\/p>\n<p>Nuova app <strong>L&#8217;Economia<\/strong>. News, approfondimenti e l&#8217;assistente virtuale al tuo servizio.<\/p>\n<p>SCARICA L&#8217; APP<\/p>\n<p><img decoding=\"async\" src=\"https:\/\/www.europesays.com\/it\/wp-content\/uploads\/2025\/07\/eco.png\"\/><\/a><\/p>\n<p>Iscriviti alle <a href=\"https:\/\/www.corriere.it\/newsletter\/?theme=4\" rel=\"nofollow noopener\" target=\"_blank\">newsletter de L&#8217;Economia<\/a>. Analisi e commenti sui principali avvenimenti\u00a0economici a cura delle firme del Corriere.<\/p>\n<p class=\"is-last-update\" datetime=\"2026-02-10T18:12:37+01:00\">10 febbraio 2026<\/p>\n<p class=\"is-copyright\">\n            \u00a9 RIPRODUZIONE RISERVATA\n        <\/p>\n","protected":false},"excerpt":{"rendered":"di Andrea Rinaldi Il big di Trieste diventa primo al mondo nel welfare aziendale con 3 miliardi di&hellip;\n","protected":false},"author":3,"featured_media":347638,"comment_status":"","ping_status":"","sticky":false,"template":"","format":"standard","meta":{"footnotes":"","_share_on_mastodon":"0"},"categories":[172],"tags":[178,202084,202085,202086,60315,202074,177,18783,2588,202073,202075,9199,202078,202079,202080,4183,1537,90,89,22847,202081,76237,2122,273,202082,811,16864,7473,2518,1324,202076,202077,202083,6687],"class_list":["post-347637","post","type-post","status-publish","format-standard","has-post-thumbnail","category-affari","tag-affari","tag-antoine","tag-antoine-parisi","tag-bayard","tag-benefit","tag-benefits","tag-business","tag-care","tag-dipendenti","tag-employee","tag-employee-benefits","tag-generali","tag-generali-care","tag-generali-employee","tag-generali-employee-benefits","tag-globale","tag-it","tag-italia","tag-italy","tag-life","tag-life-network","tag-multinazionali","tag-network","tag-nuova","tag-nuova-piattaforma","tag-operazione","tag-partner","tag-piattaforma","tag-rete","tag-servizi","tag-swiss","tag-swiss-life","tag-swiss-life-network","tag-trieste"],"share_on_mastodon":{"url":"https:\/\/pubeurope.com\/@it\/116048957609252402","error":""},"_links":{"self":[{"href":"https:\/\/www.europesays.com\/it\/wp-json\/wp\/v2\/posts\/347637","targetHints":{"allow":["GET"]}}],"collection":[{"href":"https:\/\/www.europesays.com\/it\/wp-json\/wp\/v2\/posts"}],"about":[{"href":"https:\/\/www.europesays.com\/it\/wp-json\/wp\/v2\/types\/post"}],"author":[{"embeddable":true,"href":"https:\/\/www.europesays.com\/it\/wp-json\/wp\/v2\/users\/3"}],"replies":[{"embeddable":true,"href":"https:\/\/www.europesays.com\/it\/wp-json\/wp\/v2\/comments?post=347637"}],"version-history":[{"count":0,"href":"https:\/\/www.europesays.com\/it\/wp-json\/wp\/v2\/posts\/347637\/revisions"}],"wp:featuredmedia":[{"embeddable":true,"href":"https:\/\/www.europesays.com\/it\/wp-json\/wp\/v2\/media\/347638"}],"wp:attachment":[{"href":"https:\/\/www.europesays.com\/it\/wp-json\/wp\/v2\/media?parent=347637"}],"wp:term":[{"taxonomy":"category","embeddable":true,"href":"https:\/\/www.europesays.com\/it\/wp-json\/wp\/v2\/categories?post=347637"},{"taxonomy":"post_tag","embeddable":true,"href":"https:\/\/www.europesays.com\/it\/wp-json\/wp\/v2\/tags?post=347637"}],"curies":[{"name":"wp","href":"https:\/\/api.w.org\/{rel}","templated":true}]}}