{"id":348160,"date":"2026-02-11T08:55:05","date_gmt":"2026-02-11T08:55:05","guid":{"rendered":"https:\/\/www.europesays.com\/it\/348160\/"},"modified":"2026-02-11T08:55:05","modified_gmt":"2026-02-11T08:55:05","slug":"rai-in-vigilanza-nuova-fumata-nera-su-simona-agnes-la-maggioranza-diserta-la-seduta-floridia-convoca-lad-rossi","status":"publish","type":"post","link":"https:\/\/www.europesays.com\/it\/348160\/","title":{"rendered":"Rai, in Vigilanza nuova fumata nera su Simona Agnes: la maggioranza diserta la seduta. Floridia convoca l&#8217;ad Rossi"},"content":{"rendered":"<p>    di<br \/>\n    Erica Dellapasqua<\/p>\n<p class=\"summary-art is-line-h-12\">Tredicesima fumata nera per la carica di presidente del cda Rai. Nella seduta plenaria di stamane nessun componente era presente per la maggioranza. Floridia: \u00abSituazione straordinaria, stallo dura da un anno\u00bb<\/p>\n<p class=\"chapter-paragraph\"><b>Tredicesima fumata nera <\/b>in <b>commissione di Vigilanza Rai\u00a0<\/b>per il voto su <b>Simona Agnes <\/b>come<b> presidente del cda Rai<\/b>. Nella seduta plenaria di stamane 11 febbraio, convocata per le 8.15, per la maggioranza non si \u00e8 presentato alcun componente. E&#8217; dunque <b>venuto meno il numero legale <\/b>per esprimere la votazione.<\/p>\n<p class=\"chapter-paragraph\">Per le <b>opposizioni<\/b>\u00a0erano <b>presenti<\/b>:<b>\u00a0<\/b>Antonio Nicita, Francesco Verducci, Stefano Graziano e Ouidad Bakkali (Pd); Maria Elena Boschi, Dafne Musolino e Annamaria Furlan (Iv); Dario Carotenuto, Anna Laura Orrico, Gaetano Amato e Dolores Bevilacqua (M5S) e Giuseppe De Cristofaro (Avs).    &#13;<br \/>\n&#13;<br \/>\n&#13;<br \/>\n&#13;<br \/>\n&#13;<br \/>\n&#13;<br \/>\n&#13;<br \/>\n&#13;<br \/>\n&#13;<br \/>\n&#13;<br \/>\n&#13;<br \/>\n&#13;<br \/>\n&#13;<br \/>\n&#13;<br \/>\n&#13;<br \/>\n&#13;<br \/>\n&#13;<br \/>\n&#13;<br \/>\n&#13;<br \/>\n&#13;<br \/>\n&#13;<br \/>\n&#13;<br \/>\n&#13;<br \/>\n&#13;<br \/>\n&#13;<br \/>\n&#13;<br \/>\n&#13;<br \/>\n&#13;<br \/>\n&#13;<br \/>\n&#13;<br \/>\n&#13;<br \/>\n&#13;<br \/>\n&#13;<br \/>\n&#13;<br \/>\n&#13;<br \/>\n&#13;<br \/>\n&#13;<br \/>\n&#13;<br \/>\n&#13;<br \/>\n&#13;<br \/>\n&#13;<br \/>\n&#13;<br \/>\n&#13;<br \/>\n&#13;<br \/>\n&#13;<br \/>\n&#13;<br \/>\n&#13;<br \/>\n&#13;<br \/>\n&#13;<br \/>\n&#13;<br \/>\n&#13;<br \/>\n&#13;<br \/>\n&#13;\n<\/p>\n<p class=\"chapter-paragraph\">Trascorsi mesi, quindi, dall&#8217;insediamento del consiglio di amministrazione della Rai, ancora non si sblocca<a href=\"https:\/\/roma.corriere.it\/notizie\/politica\/25_gennaio_15\/rai-stallo-nomina-simona-agnes-6684a8ff-62ac-4462-9a1e-9af4b8a6fxlk.shtml?refresh_ce\" rel=\"nofollow noopener\" target=\"_blank\"> lo stallo in commissione <\/a>di Vigilanza. E l&#8217;ennesima elezione mancata \u00e8 anche l&#8217;occasione, questa volta, per tenere alta la polemica sulle ultime vicende che hanno travolto l&#8217;azienda, dalle gaffe alle <b>Olimpiadi <\/b>al caso di <b>Andrea Pucci<\/b>, il<a href=\"https:\/\/www.corriere.it\/spettacoli\/26_febbraio_09\/pucci-cosa-succede-ora-al-festival-dopo-il-suo-forfait-intanto-conad-gli-annulla-un-evento-lui-mi-tocchera-far-l-elemosina-dbff8d17-b3b3-4319-88c5-02f63cdf6xlk.shtml\" rel=\"nofollow noopener\" target=\"_blank\"> comico che ha deciso di rinunciare a Sanremo<\/a>.<\/p>\n<p class=\"chapter-paragraph\">Al termine della seduta, le\u00a0<b>opposizioni <\/b>hanno inviato una <b>lettera<\/b> alla presidente della commissione di Vigilanza sulla Rai,<b> Barbara Floridia (M5S)<\/b>, per chiedere la convocazione \u00abimmediata\u00bb dell&#8217;ad di viale Mazzini Giampaolo Rossi senza attendere che si pronunci la giunta del Regolamento del Senato.<\/p>\n<p class=\"chapter-paragraph\">Floridia si era infatti rivolta alla stessa giunta per chiedere una interpretazione normativa in merito alla possibilit\u00e0 di effettuare la <b>convocazione <\/b>anche<b> in mancanza di una condivisione<\/b> della decisione nell&#8217;ufficio di presidenza della Vigilanza. Parere che, tuttavia, al momento non \u00e8 stato ancora fornito.<\/p>\n<p>    Le opposizioni:\u00a0\u00abOlimpiadi e Pucci, il tempo \u00e8 scaduto\u00bb<\/p>\n<p class=\"chapter-paragraph\">\u00abQuesta mattina &#8211; si legge nella <b>lettera <\/b>firmata dai capigruppo in commissione Stefano Graziano (Pd), Dario Carotenuto (M5s), Angelo Bonelli (Avs), Maria Elena Boschi (Iv) &#8211; davanti all&#8217;<b>ennesima diserzione<\/b> della Vigilanza Rai da parte della maggioranza, abbiamo chiesto ufficialmente alla presidente Barbara Floridia la convocazione immediata dell&#8217;amministratore delegato della Rai, Giampaolo Rossi, per consentire alla Commissione di svolgere finalmente le sue funzioni. Come noto, da oltre un anno i lavori sono bloccati per il ricatto della maggioranza, che impedisce il numero legale con l&#8217;<b>obiettivo di imporre la propria candidata <\/b>alla presidenza della Rai\u00bb.<\/p>\n<p class=\"chapter-paragraph\">\u00abAltrettanto grave &#8211; si legge ancora &#8211; \u00e8 l<b>&#8216;immobilismo del presidente La Russa<\/b>, che ha trovato il tempo per telefonare al <b><a href=\"https:\/\/roma.corriere.it\/notizie\/politica\/26_febbraio_09\/la-russa-pucci-comico-caso-3516365b-dee7-43f3-8fc5-3af60e7d7xlk.shtml\" rel=\"nofollow noopener\" target=\"_blank\">comico Pucci <\/a><\/b>ma non di convocare la Giunta per il Regolamento e dirci se questa audizione si pu\u00f2 fare &#8211; come gi\u00e0 accaduto in passato &#8211; o meno, nonostante i ripetuti solleciti delle forze di opposizione\u00bb.<\/p>\n<p class=\"chapter-paragraph\">\u00abQuesto <b>stallo <\/b>&#8211; concludono i capigruppo dell&#8217;opposizione in Vigilanza &#8211; non pu\u00f2 proseguire oltre. Solo per restare alla stretta attualit\u00e0 \u00e8 inconcepibile che questioni essenziali come la<b> gestione delle Olimpiadi <\/b>da parte del servizio pubblico dopo la figuraccia targata<b> Paolo Petrecca <\/b>vengano messe a conoscenza del parlamento solo sui giornali senza che se ne possa discutere nella sede istituzionale preposta come la Commissione di vigilanza. Il <b>tempo \u00e8 scaduto<\/b>: Giampaolo Rossi venga in vigilanza il prima possibile\u00bb.<\/p>\n<p>    Floridia convoca l&#8217;ad Rossi<\/p>\n<p class=\"chapter-paragraph\"><b>Invito<\/b>, quello delle opposizioni, <b>raccolto da Floridia.<\/b><\/p>\n<p class=\"chapter-paragraph\">\u00abHo ricevuto la lettera delle opposizioni &#8211; ha risposto la presidente della commissione di Vigilanza Rai &#8211; e vista la<b> straordinariet\u00e0 della situazione<\/b>, con lo stallo che<b> perdura da oltre un anno<\/b> e l&#8217;assoluto immobilismo della Giunta per il Regolamento, ho deciso di procedere oggi stesso con la convocazione dell&#8217;amministratore delegato della Rai Giampaolo Rossi. La sua audizione potr\u00e0 tenersi nei giorni 18 o 19 febbraio oppure 3 o 5 marzo, a seconda delle sue disponibilit\u00e0. \u00c8 mio dovere <b>garantire <\/b>che la Commissione possa finalmente <b>svolgere le proprie funzioni<\/b>, tanto pi\u00f9 in un momento in cui c&#8217;\u00e8 un grande dibattito che attraversa l&#8217;opinione pubblica e la stampa su questioni essenziali relative al servizio pubblico, da cui il Parlamento non pu\u00f2 in alcun modo rimanere fuori\u00bb.<\/p>\n<p class=\"is-mr-t-20 is-mr-b-20\"><b><br \/>\n                    <a href=\"https:\/\/roma.corriere.it\/?intcmp=Notizielocali_nd_010623_corriere_ss_roma\" target=\"_blank\" rel=\"nofollow noopener\">Vai a tutte le notizie di Roma<\/a><br \/>\n            <\/b><\/p>\n<p class=\"chapter-paragraph\"><b><a href=\"https:\/\/www.corriere.it\/newsletter\/?theme=52&amp;intcmp=NL-artic_nd_050624_corriere_ss_roma\" target=\"_blank\" rel=\"nofollow noopener\">Iscriviti alla newsletter di Corriere Roma<\/a><\/b><\/p>\n<p class=\"is-last-update\" datetime=\"2026-02-11T09:47:32+01:00\">11 febbraio 2026 ( modifica il 11 febbraio 2026 | 09:47)<\/p>\n<p class=\"is-copyright\">\n            \u00a9 RIPRODUZIONE RISERVATA\n        <\/p>\n","protected":false},"excerpt":{"rendered":"di Erica Dellapasqua Tredicesima fumata nera per la carica di presidente del cda Rai. Nella seduta plenaria di&hellip;\n","protected":false},"author":3,"featured_media":348161,"comment_status":"","ping_status":"","sticky":false,"template":"","format":"standard","meta":{"footnotes":"","_share_on_mastodon":"0"},"categories":[1444],"tags":[44093,10302,6964,6965,70768,101102,23660,24245,202317,26160,115958,100950,1415,104588,202318,6913,5464,2320,202319,30061,112277,25382,38157,203,202314,79077,202315,67486,93932,1541,202316,204,1537,90,89,2698,22,30335,5917,2462,135,26099,2848,13593,9509,3970,7190,253,93093,93929],"class_list":["post-348160","post","type-post","status-publish","format-standard","has-post-thumbnail","category-tv","tag-agnes","tag-alcun","tag-amministratore","tag-amministratore-delegato","tag-amministratore-delegato-rai","tag-audizione","tag-avs","tag-barbara","tag-barbara-floridia","tag-boschi","tag-capigruppo","tag-carotenuto","tag-cda","tag-cda-rai","tag-cda-rai-seduta","tag-chiedere","tag-comico","tag-commissione","tag-commissione-svolgere","tag-commissione-vigilanza","tag-commissione-vigilanza-rai","tag-componente","tag-convocazione","tag-entertainment","tag-floridia","tag-fumata","tag-fumata-nera","tag-giampaolo","tag-giampaolo-rossi","tag-giunta","tag-giunta-regolamento","tag-intrattenimento","tag-it","tag-italia","tag-italy","tag-lettera","tag-maggioranza","tag-nera","tag-olimpiadi","tag-opposizioni","tag-presidente","tag-pucci","tag-rai","tag-regolamento","tag-rossi","tag-seduta","tag-stallo","tag-tv","tag-vigilanza","tag-vigilanza-rai"],"share_on_mastodon":{"url":"","error":"Validation failed: Text character limit of 500 exceeded"},"_links":{"self":[{"href":"https:\/\/www.europesays.com\/it\/wp-json\/wp\/v2\/posts\/348160","targetHints":{"allow":["GET"]}}],"collection":[{"href":"https:\/\/www.europesays.com\/it\/wp-json\/wp\/v2\/posts"}],"about":[{"href":"https:\/\/www.europesays.com\/it\/wp-json\/wp\/v2\/types\/post"}],"author":[{"embeddable":true,"href":"https:\/\/www.europesays.com\/it\/wp-json\/wp\/v2\/users\/3"}],"replies":[{"embeddable":true,"href":"https:\/\/www.europesays.com\/it\/wp-json\/wp\/v2\/comments?post=348160"}],"version-history":[{"count":0,"href":"https:\/\/www.europesays.com\/it\/wp-json\/wp\/v2\/posts\/348160\/revisions"}],"wp:featuredmedia":[{"embeddable":true,"href":"https:\/\/www.europesays.com\/it\/wp-json\/wp\/v2\/media\/348161"}],"wp:attachment":[{"href":"https:\/\/www.europesays.com\/it\/wp-json\/wp\/v2\/media?parent=348160"}],"wp:term":[{"taxonomy":"category","embeddable":true,"href":"https:\/\/www.europesays.com\/it\/wp-json\/wp\/v2\/categories?post=348160"},{"taxonomy":"post_tag","embeddable":true,"href":"https:\/\/www.europesays.com\/it\/wp-json\/wp\/v2\/tags?post=348160"}],"curies":[{"name":"wp","href":"https:\/\/api.w.org\/{rel}","templated":true}]}}