{"id":348570,"date":"2026-02-11T14:38:14","date_gmt":"2026-02-11T14:38:14","guid":{"rendered":"https:\/\/www.europesays.com\/it\/348570\/"},"modified":"2026-02-11T14:38:14","modified_gmt":"2026-02-11T14:38:14","slug":"misano-100-open-games-domenica-22-al-via-la-stagione-ciclistica-dellemilia-romagna","status":"publish","type":"post","link":"https:\/\/www.europesays.com\/it\/348570\/","title":{"rendered":"MISANO 100 &#8211; OPEN GAMES: DOMENICA 22 AL VIA LA STAGIONE CICLISTICA DELL&#8217;EMILIA ROMAGNA"},"content":{"rendered":"<p><strong>Un week-end a tutto gas, tra velocit\u00e0, talento e grande spettacolo.<\/strong> L\u2019Autodromo \u201cMisano World Circuit Marco Simoncelli\u201d, <strong>domenica 22 febbrai<\/strong>o si prepara ad accendere <strong>i riflettori sul \u201c5\u00b0 Misano 100 \u2013 Open Games<\/strong>\u201d, evento che aprir\u00e0 ufficialmente la stagione delle gare ciclistiche in Emilia-Romagna, trasformando il celebre circuito romagnolo in un teatro di emozioni e adrenalina pura.\n            <\/p>\n<p>La quinta edizione del week-end ciclistico romagnolo si svolge con il patrocinio dell\u2019Amministrazione Comunale di Misano Adriatico con <strong>la fattiva collaborazione della Direzione dell\u2019Autodromo Internazionale Marco Simoncelli<\/strong>, struttura simbolo dello sport motoristico e ciclistico, che porta il nome del grande campione romagnolo \u201cSic\u201d.<strong> Il momento clou della manifestazione sar\u00e0 la gara Elite-Under 23<\/strong>, categoria che rappresenta l\u2019anticamera del professionismo e che racchiude al suo interno i futuri campioni del ciclismo italiano e internazionale. Giovani atleti pronti a misurarsi su un palcoscenico d\u2019eccezione, in una corsa che negli anni ha saputo affermarsi come appuntamento di assoluto prestigio.\n            <\/p>\n<p>La gara di domenica, <strong>organizzata dal G.S. Eurobike Riccione<\/strong>, sotto la guida della presidente Serenella Ammaturo e del coordinatore generale Valeriano Pesaresi, si disputer\u00e0 sul circuito dell\u2019autodromo, un tracciato di 4,2 km da ripetere per 28 tornate, per un totale di 117,6 chilometri. <strong>Un percorso tecnico e spettacolare, capace di esaltare le qualit\u00e0 degli atleti e garantire grande coinvolgimento al pubblico<\/strong>.<\/p>\n<p>Grande attesa anche per la team presentation, che si svolger\u00e0 direttamente sulla pit-lane dalle 12:15 sino alle 13:30, regalando a tifosi e appassionati la possibilit\u00e0 di vivere da vicino squadre e protagonisti della giornata. <strong>Lo start vedr\u00e0 al via 27 team per oltre 160 atleti iscritt<\/strong>i, con il meglio del panorama nazionale rappresentato e un importante respiro internazionale grazie alla presenza del team svizzero V.C. Mendrisio e della Nazionale Ucraina. Tra le squadre pi\u00f9 attese figurano anche i campioni uscenti della S.C. Padovani \u2013Polo\u2013 Cherry Bank, vincitori dell\u2019edizione 2025 con Lorenzo Ursella, pronti a difendere il titolo in una gara che promette battaglia fino all\u2019ultimo giro. Il pubblico potr\u00e0 assistere allo spettacolo dalla tribuna centrale, con ingresso libero, per 28 giri di pura adrenalina, con arrivo previsto intorno alle ore 16:00.<\/p>\n<p><strong>Il fine settimana si aprir\u00e0 gi\u00e0 dal sabato mattina, con un ricco antipasto dedicato alla categoria Master,<\/strong> che ospiter\u00e0 la 2\u00aa tappa del Campionato Romagnolo, dopo l\u2019esordio di Traversara (Ravenna), sotto l\u2019egida ACSI. Il programma prevede lo start alle ore 9:30 per la categoria Super Gent A-B-C insieme alla categoria Femminile (10 giri), alle 10:45 prenderanno il via i Gentlemen 1-2 (12 giri), mentre a seguire sar\u00e0 la volta di Veterani 1-2 e Senior\/Junior (15 giri). Le premiazioni interesseranno i primi cinque classificati di ogni categoria, con iscrizioni aperte fino al 20\/02 sul sito dedicato Ciclocolor.<\/p>\n<p>Un sentito ringraziamento va infine agli sponsor che rendono possibile l\u2019evento: Guidrez, Mor-Fer Asfalti, Caff\u00e8 Pascucci e <a data-auth=\"NotApplicable\" rel=\"noopener noreferrer nofollow\" target=\"_blank\" href=\"http:\/\/ma.gi.ca\/\" data-linkindex=\"0\" title=\"http:\/\/ma.gi.ca\/\">Ma.gi.ca\u00a0<\/a>Supermercati\u00a0Conad di Misano, partner fondamentali per un appuntamento che unisce sport, territorio e passione. Misano \u00e8 pronta a vibrare: il futuro del ciclismo passa da qui.<\/p>\n","protected":false},"excerpt":{"rendered":"Un week-end a tutto gas, tra velocit\u00e0, talento e grande spettacolo. L\u2019Autodromo \u201cMisano World Circuit Marco Simoncelli\u201d, domenica&hellip;\n","protected":false},"author":3,"featured_media":348571,"comment_status":"","ping_status":"","sticky":false,"template":"","format":"standard","meta":{"footnotes":"","_share_on_mastodon":"0"},"categories":[1456],"tags":[1824,1825,54085,14449,1537,90,89,16140,245,244],"class_list":["post-348570","post","type-post","status-publish","format-standard","has-post-thumbnail","category-ciclismo","tag-ciclismo","tag-cycling","tag-elite-under-23","tag-gare-giovanili","tag-it","tag-italia","tag-italy","tag-misano","tag-sport","tag-sports"],"share_on_mastodon":{"url":"https:\/\/pubeurope.com\/@it\/116052512214192639","error":""},"_links":{"self":[{"href":"https:\/\/www.europesays.com\/it\/wp-json\/wp\/v2\/posts\/348570","targetHints":{"allow":["GET"]}}],"collection":[{"href":"https:\/\/www.europesays.com\/it\/wp-json\/wp\/v2\/posts"}],"about":[{"href":"https:\/\/www.europesays.com\/it\/wp-json\/wp\/v2\/types\/post"}],"author":[{"embeddable":true,"href":"https:\/\/www.europesays.com\/it\/wp-json\/wp\/v2\/users\/3"}],"replies":[{"embeddable":true,"href":"https:\/\/www.europesays.com\/it\/wp-json\/wp\/v2\/comments?post=348570"}],"version-history":[{"count":0,"href":"https:\/\/www.europesays.com\/it\/wp-json\/wp\/v2\/posts\/348570\/revisions"}],"wp:featuredmedia":[{"embeddable":true,"href":"https:\/\/www.europesays.com\/it\/wp-json\/wp\/v2\/media\/348571"}],"wp:attachment":[{"href":"https:\/\/www.europesays.com\/it\/wp-json\/wp\/v2\/media?parent=348570"}],"wp:term":[{"taxonomy":"category","embeddable":true,"href":"https:\/\/www.europesays.com\/it\/wp-json\/wp\/v2\/categories?post=348570"},{"taxonomy":"post_tag","embeddable":true,"href":"https:\/\/www.europesays.com\/it\/wp-json\/wp\/v2\/tags?post=348570"}],"curies":[{"name":"wp","href":"https:\/\/api.w.org\/{rel}","templated":true}]}}