{"id":34899,"date":"2025-08-08T05:56:10","date_gmt":"2025-08-08T05:56:10","guid":{"rendered":"https:\/\/www.europesays.com\/it\/34899\/"},"modified":"2025-08-08T05:56:10","modified_gmt":"2025-08-08T05:56:10","slug":"gasperini-progetto-giovani-inusuale-per-la-roma-dovremo-essere-credibili","status":"publish","type":"post","link":"https:\/\/www.europesays.com\/it\/34899\/","title":{"rendered":"Gasperini: \u201cProgetto giovani inusuale per la Roma. Dovremo essere credibili\u201d"},"content":{"rendered":"<p>Le parole del tecnico giallorosso: &#8220;Stiamo facendo un lavoro che possa portare grandi soddisfazioni ai tifosi e cercare di costruire una squadra che possa crescere&#8221;<\/p>\n<p><a href=\"https:\/\/www.x.com\/forzaroma\" target=\"_blank\" class=\"author-twitter-signature is-mr-r-10\" rel=\"nofollow noopener\"><\/a><a href=\"https:\/\/www.facebook.com\/forzaromainfo\" target=\"_blank\" class=\"author-facebook-signature is-mr-r-10\" rel=\"nofollow noopener\"><\/a><a href=\"https:\/\/www.forzaroma.info\/redazione\" class=\"gzn_authorname gzn_authorname_border\" rel=\"nofollow noopener\" target=\"_blank\"><br \/>\n                    Redazione                    <\/a><\/p>\n<p class=\"is-above-copyright is-mr-t-0\">\n                        7 agosto 2025 (modifica il 7 agosto 2025 | 23:48)\n                    <\/p>\n<p><strong>Gian Piero Gasperini<\/strong> \u00e8 intervenuto dal ritiro di St. George&#8217;s Park nel corso della trasmissione &#8216;Calciomercato&#8217; su Sky Sport. L&#8217;allenatore giallorosso ha parlato di passato, presente e futuro, dal tema mercato alla situazione legata alla fascia di capitano e al progetto che il club ha voluto iniziare con il suo approdo nella Capitale. Di seguito le parole del tecnico della <strong>Roma<\/strong>:<\/p>\n<p><strong>Quale \u00e8 il bilancio del primo mese a Roma?<\/strong> &#8220;Un mese \u00e8 gi\u00e0 qualcosa. Credo che abbiamo fatto tante cose insieme. Ho avuto la fortuna di incontrare un gruppo molto coeso e legato, che mi ha dato grandissima disponibilit\u00e0. Siamo stati capaci di fare tante cose. Guardando avanti, per\u00f2, dobbiamo fare ancora tantissime cose&#8221;.<\/p>\n<p><strong>C&#8217;\u00e8 gi\u00e0 un obiettivo per questa Roma?<\/strong> &#8220;Acquisire credibilit\u00e0, soprattutto rispetto ai nostri tifosi. Stiamo facendo un lavoro che possa portare loro grandi soddisfazioni. Il tempo necessario? Quello che ci vorr\u00e0, speriamo il pi\u00f9 breve possibile. La Roma deve essere una squadra ambiziosa e guardare sempre in alto. Al momento mi auguro di ricevere la credibilit\u00e0 che abbiamo imboccato la strada giusta&#8221;.<\/p>\n<p><strong>Sul mercato della Roma.<\/strong> &#8220;Il mercato della Roma bisogna valutarlo per quello che \u00e8 stato finora. Sono arrivati Wesley, El Aynaoui, Ferguson, Ghilardi. Tutti ragazzi di 21, 22, 23 anni che hanno avuto esperienze pi\u00f9 o meno importanti. Sono profili per cui la propriet\u00e0 si \u00e8 rivolta a me, per andare in questa direzione. Questa non \u00e8 la direzione usuale per una squadra come la Roma, ma \u00e8 ci\u00f2 che stiamo cercando di fare. Sar\u00e0 cos\u00ec anche se ne arriveranno altri, per cercare di costruire una squadra che possa crescere&#8221;.<\/p>\n<p><strong>Ha sentito Fabio Silva?<\/strong> &#8220;In questo mese non riesco a guardare altro che gli allenamenti della nostra squadra (ride, ndr). E&#8217; innegabile che ci sono tanti giocatori in questo momento, si sta entrando nel momento pi\u00f9 cruciale del mercato. Per quanto riguarda gli attaccanti in particolare, qualunque squadra ha un&#8217;attenzione particolare per quel ruolo. Fa parte del calcio&#8221;.<\/p>\n<p><strong>Lei ha una consuetudine nel lavorare con i giovani. Il cambio di strategia della Roma e scegliere lei sono due strade che si incrociano?<\/strong> &#8220;Quando abbiamoparlato la prima volta con la societ\u00e0 il loro progetto che mi hanno esposto era rivolto proprio in questa direzione. A me ha dato tanto entusiasmo. L&#8217;ho fatto un po&#8217; in tutte le squadre in cui sono stato, dal Genoa all&#8217;Atalanta. Questa \u00e8 una dimensione diversa anche per la Roma. Quando ti rivolgi a un altro tipo di mercato magari ti arriva un immediato miglioramento ma in prospettiva pu\u00f2 essere meno efficace. Questa pu\u00f2 essere una novit\u00e0 a Roma, qualcosa di diverso, e questo \u00e8 stato lo stimolo che ha fatto da molla. L&#8217;ho fatto da tante parti, se riuscissi a farlo bene anche a Roma sarebbe straordinario&#8221;.<\/p>\n<p><strong>Quando Ranieri ha dett0 &#8216;Gasperini non sar\u00e0 l&#8217;allenatore della Roma&#8217;, era effettivamente un &#8216;no&#8217; o un tentativo di depistaggio?<\/strong> &#8220;Questo bisogna chiederlo a Claudio Ranieri. In quel momento il campionato era in una fase importante, \u00e8 stato bravissimo cos\u00ec. La mia decisione vera \u00e8 stata presa a fine campionato, dopo l&#8217;ultima partita. Ho chiesto all&#8217;Atalanta la possibilit\u00e0 di potermi incontrare con altre squadre e poi in tre giorni \u00e8 successo tutto&#8221;.<\/p>\n<p><strong>Dybala e Soul\u00e9 possono coesistere?<\/strong> &#8220;I giocatori bravi possono coesistere sempre, magari ad averli tutti bravi. Entrambi sono mancini e prediligono giocare nella stessa zona del campo, ma Dybala ha giocato anche in altre zone di campo mentre Soul\u00e9 \u00e8 un ragazzo giovane e credo abbia bisogno di incrementare il suo raggio d&#8217;azione, senza avere solo il rientro e tiro da fuori. Pu\u00f2 provare anche altre zolle di campo. L&#8217;anno scorso con Ranieri ha giocato spesso da quinto, dimostrando grande duttilit\u00e0 e che quando hai qualit\u00e0 puoi muoverti e giocare in diverse zone del campo. Questo rappresenta un valore, non una difficolt\u00e0&#8221;.<\/p>\n<p><strong>Ha parlato con Pellegrini della situazione legata alla fascia?<\/strong> &#8220;E&#8217; una gerarchia che adotto da sempre e mi fa specie abbia creato situazioni. Credo che in una squadra i potenziali capitani debbano essere di pi\u00f9, tutti quei giocatori in grado di sostenere la fascia, e per fare questo devono avere dei requisiti. Se in una squadra hai pi\u00f9 elementi hai sicuramente un nucleo pi\u00f9 forte. Ricordo l&#8217;esperienza a Dublino: Toloi per anzianit\u00e0 era capitano ma non stava giocando, De Roon era squalificato. And\u00f2 Djimsiti ad alzare la coppa, insieme a tutti quanti. Questo \u00e8 il mio concetto. Chi indossa la maglia della squadra per pi\u00f9 tempo ha sicuramente dei requisiti, \u00e8 giusto e mi sembra un criterio molto semplice. Non si sa mai bene quale \u00e8 la cosa giusta, ma questo \u00e8 un criterio non soggettivo bens\u00ec abbastanza numerico e sostenibile. Poi, ripeto, per me i capitani sono il nucleo forte della squadra&#8221;.<\/p>\n<p><strong>Preferirebbe scegliere i giocatori o il tempo in una piazza come Roma?<\/strong> &#8220;Se guardo al tempo non basterebbe mai&#8230; Il tempo \u00e8 questo e proprio per questo non parlo di risultati ma di credibilit\u00e0. Se riesci a portare qualcosa la gente lo riconosce e poi il tempo te lo concede. Certo vorremmo avere subito vittorie, una squadra competitiva, un altro gioco&#8230; quello \u00e8 l&#8217;obiettivo, ma non mi sento di prometterlo ora. E&#8217; chiaro che i calciatori sono una parte importantissima, ma anche lo spirito con cui gioca una squadra se apprezzata dal suo pubblico \u00e8 qualcosa di fondamentale. Poi \u00e8 evidente che ci siano i risultati&#8221;.<\/p>\n<p><strong>Lookman \u00e8 pronto al salto all&#8217;Inter?<\/strong> &#8220;Posso solo dire che mi dispiace, abbiamo vissuto talmente dei momenti cos\u00ec belli che si corre il rischio di ricordare questi giocatori per l&#8217;ultimo episodio quando invece ce ne sono stati tantissimi e meravigliosi. Sono dispiaciuto sia per il ragazzo sia per la societ\u00e0, mi auguro che questa situazione possa risolversi presto&#8221;.<\/p>\n<p class=\"is-copyright\">\u00a9 RIPRODUZIONE RISERVATA<\/p>\n","protected":false},"excerpt":{"rendered":"Le parole del tecnico giallorosso: &#8220;Stiamo facendo un lavoro che possa portare grandi soddisfazioni ai tifosi e cercare&hellip;\n","protected":false},"author":3,"featured_media":34900,"comment_status":"","ping_status":"","sticky":false,"template":"","format":"standard","meta":{"footnotes":""},"categories":[1452],"tags":[1960,1495,569,6589,3439,23153,721,1856,921,32705,8230,2138,32706,32707,32708,122,4933,32709,32710,32704,1367,3081,32711,1277,274,18967,3074,1740,3440,5301,5288,1889,2267,3412,1598,1374,1251,32712,25936,31640,1537,90,89,23543,32713,1412,32714,3783,32715,32716,809,66,3492,2851,30414,987,786,1739,245,244,1857,659],"class_list":{"0":"post-34899","1":"post","2":"type-post","3":"status-publish","4":"format-standard","5":"has-post-thumbnail","7":"category-calcio","8":"tag-allenatore","9":"tag-altre","10":"tag-atalanta","11":"tag-auguro","12":"tag-bisogna","13":"tag-bravi","14":"tag-calcio","15":"tag-campionato","16":"tag-campo","17":"tag-capitani","18":"tag-capitano","19":"tag-cercare","20":"tag-cercare-costruire","21":"tag-cercare-costruire-squadra","22":"tag-coesistere","23":"tag-cose","24":"tag-costruire","25":"tag-costruire-squadra","26":"tag-costruire-squadra-crescere","27":"tag-credibilita","28":"tag-credo","29":"tag-crescere","30":"tag-criterio","31":"tag-dato","32":"tag-direzione","33":"tag-dybala","34":"tag-fascia","35":"tag-football","36":"tag-forte","37":"tag-gasperini","38":"tag-giallorosso","39":"tag-giocare","40":"tag-giocato","41":"tag-giocatori","42":"tag-giovani","43":"tag-giusta","44":"tag-grandi","45":"tag-grandi-soddisfazioni","46":"tag-guardare","47":"tag-incontrare","48":"tag-it","49":"tag-italia","50":"tag-italy","51":"tag-legata","52":"tag-legata-fascia","53":"tag-mercato","54":"tag-mercato-roma","55":"tag-mese","56":"tag-nucleo","57":"tag-nucleo-forte","58":"tag-obiettivo","59":"tag-parlato","60":"tag-portare","61":"tag-progetto","62":"tag-ranieri","63":"tag-roma","64":"tag-situazione","65":"tag-soccer","66":"tag-sport","67":"tag-sports","68":"tag-squadra","69":"tag-tante"},"share_on_mastodon":{"url":"","error":""},"_links":{"self":[{"href":"https:\/\/www.europesays.com\/it\/wp-json\/wp\/v2\/posts\/34899","targetHints":{"allow":["GET"]}}],"collection":[{"href":"https:\/\/www.europesays.com\/it\/wp-json\/wp\/v2\/posts"}],"about":[{"href":"https:\/\/www.europesays.com\/it\/wp-json\/wp\/v2\/types\/post"}],"author":[{"embeddable":true,"href":"https:\/\/www.europesays.com\/it\/wp-json\/wp\/v2\/users\/3"}],"replies":[{"embeddable":true,"href":"https:\/\/www.europesays.com\/it\/wp-json\/wp\/v2\/comments?post=34899"}],"version-history":[{"count":0,"href":"https:\/\/www.europesays.com\/it\/wp-json\/wp\/v2\/posts\/34899\/revisions"}],"wp:featuredmedia":[{"embeddable":true,"href":"https:\/\/www.europesays.com\/it\/wp-json\/wp\/v2\/media\/34900"}],"wp:attachment":[{"href":"https:\/\/www.europesays.com\/it\/wp-json\/wp\/v2\/media?parent=34899"}],"wp:term":[{"taxonomy":"category","embeddable":true,"href":"https:\/\/www.europesays.com\/it\/wp-json\/wp\/v2\/categories?post=34899"},{"taxonomy":"post_tag","embeddable":true,"href":"https:\/\/www.europesays.com\/it\/wp-json\/wp\/v2\/tags?post=34899"}],"curies":[{"name":"wp","href":"https:\/\/api.w.org\/{rel}","templated":true}]}}