{"id":349069,"date":"2026-02-11T22:04:13","date_gmt":"2026-02-11T22:04:13","guid":{"rendered":"https:\/\/www.europesays.com\/it\/349069\/"},"modified":"2026-02-11T22:04:13","modified_gmt":"2026-02-11T22:04:13","slug":"chiude-lido-84-dei-fratelli-camanini-migliore-ristorante-ditalia-e-16esimo-al-mondo-per-la-lista-50-best-restaurants","status":"publish","type":"post","link":"https:\/\/www.europesays.com\/it\/349069\/","title":{"rendered":"Chiude \u00abLido 84\u00bb dei fratelli Camanini, migliore ristorante d&#8217;Italia e 16esimo al mondo per la lista 50 Best Restaurants"},"content":{"rendered":"<p>                      di\u00a0Gabriele Principato<\/p>\n<p class=\"summary-art is--brera-r is-mr-b-20 is-mr-t-20\">L&#8217;ultimo servizio sar\u00e0 il 22 marzo. L&#8217;annuncio \u00e8 arrivato sui profili social dell&#8217;insegna stellata: \u00abQuesta magnifica avventura, iniziata il 21 marzo 2014, \u00e8 stata ricchissima di emozioni, di soddisfazioni umane e professionali, e di prestigiosi traguardi. La chiudiamo con serenit\u00e0 e gioia verso il futuro, aprendoci a nuove idee che possano un giorno diventare semi di un ulteriore progetto\u00bb<\/p>\n<p class=\"chapter-paragraph\">L&#8217;annuncio \u00e8 arrivato pochi minuti fa a sorpresa con un post sui profili social dell&#8217;insegna dei fratelli <b>Riccardo e Giancarlo Camanini<\/b>, chef il primo in sala il secondo: <b>chiude per sempre<\/b> <b>\u00abLido 84\u00bb <\/b>di Gardone Riviera, ristorante una stella Michelin (conquistata nel 2014 a soli sei mesi dall&#8217;apertura) collocato dalla classifica <b>The 50 Best Restaurants come migliore d&#8217;Italia<\/b> e sedicesimo al mondo (nella lista del 2022 si colloc\u00f2 persino all&#8217;ottavo posto).\u00a0 La sua celebre Cacio e pepe in vescica \u00e8 uno dei simboli assoluti della nuova alta cucina italiana.\u00a0<\/p>\n<p class=\"chapter-paragraph\">\u00abCi teniamo ad informarvi che il 22 marzo 2026 &#8211; si legge nel post &#8211; sar\u00e0 l\u2019ultimo giorno di servizio del ristorante Lido 84. Questa magnifica avventura, iniziata il 21 marzo 2014, \u00e8 stata ricchissima di emozioni, di soddisfazioni umane e professionali, e di prestigiosi traguardi. Desideriamo ringraziare tutti coloro che si sono seduti ai nostri tavoli e che, nel corso degli anni, ci hanno stimolato ed aiutato a crescere. Siamo riconoscenti &#8211; continua il post &#8211; a tutti i collaboratori e fornitori che durante questo periodo hanno svolto un grande lavoro dietro le quinte, con qualit\u00e0, continuit\u00e0 e lealt\u00e0. Guidati da un forte senso del dovere come valore primario, contribuendo a costruire questo magnifico viaggio. Ma, soprattutto, ringraziamo quel centinaio di ragazzi dal cuore d\u2019oro che si sono avvicendati nel corso di questi dodici anni, e che ci hanno seguito pi\u00f9 da vicino, condividendo il nostro cammino\u2026 Con la speranza di aver lasciato loro un significato valido per le loro vite e le loro passioni. Chiudiamo questa avventura con serenit\u00e0 e gioia verso il futuro, aprendoci a nuove idee che possano un giorno diventare semi di un nuovo progetto. Lasceremo questo luogo incantevole, che rimarr\u00e0 per sempre nei nostri cuori, nella speranza che possa continuare ad essere un\u2019icona per il Lago di Garda e per il Made in Italy nel mondo. Grazie, grazie, grazie!\u00bb    &#13;<br \/>\n&#13;<br \/>\n&#13;<br \/>\n&#13;<br \/>\n&#13;<br \/>\n&#13;<br \/>\n&#13;<br \/>\n&#13;<br \/>\n&#13;<br \/>\n&#13;<br \/>\n&#13;<br \/>\n&#13;<br \/>\n&#13;<br \/>\n&#13;<br \/>\n&#13;<br \/>\n&#13;<br \/>\n&#13;<br \/>\n&#13;<br \/>\n&#13;<br \/>\n&#13;<br \/>\n&#13;<br \/>\n&#13;<br \/>\n&#13;<br \/>\n&#13;<br \/>\n&#13;<br \/>\n&#13;<br \/>\n&#13;<br \/>\n&#13;<br \/>\n&#13;<br \/>\n&#13;<br \/>\n&#13;<br \/>\n&#13;<br \/>\n&#13;<br \/>\n&#13;<br \/>\n&#13;<br \/>\n&#13;<br \/>\n&#13;<br \/>\n&#13;<br \/>\n&#13;<br \/>\n&#13;<br \/>\n&#13;<br \/>\n&#13;<br \/>\n&#13;<br \/>\n&#13;<br \/>\n&#13;<br \/>\n&#13;<br \/>\n&#13;<br \/>\n&#13;<br \/>\n&#13;<br \/>\n&#13;<br \/>\n&#13;<br \/>\n&#13;<br \/>\n&#13;\n<\/p>\n<p class=\"is-last-update\">11 febbraio 2026 &#8211; 18:16<\/p>\n<p class=\"is-copyright\">\n            \u00a9 RIPRODUZIONE RISERVATA\n        <\/p>\n","protected":false},"excerpt":{"rendered":"di\u00a0Gabriele Principato L&#8217;ultimo servizio sar\u00e0 il 22 marzo. L&#8217;annuncio \u00e8 arrivato sui profili social dell&#8217;insegna stellata: \u00abQuesta magnifica&hellip;\n","protected":false},"author":3,"featured_media":349070,"comment_status":"","ping_status":"","sticky":false,"template":"","format":"standard","meta":{"footnotes":"","_share_on_mastodon":"0"},"categories":[174],"tags":[3825,89294,202782,202783,202784,3077,4641,202785,202786,6679,202787,202788,3220,202789,202790,790,2104,202791,202792,203,204,1537,90,89,12857,8682,978,1402],"class_list":["post-349069","post","type-post","status-publish","format-standard","has-post-thumbnail","category-intrattenimento","tag-annuncio","tag-annuncio-arrivato","tag-aprendoci","tag-aprendoci-nuove","tag-aprendoci-nuove-idee","tag-arrivato","tag-avventura","tag-avventura-iniziata","tag-avventura-iniziata-marzo","tag-best","tag-best-restaurants","tag-camanini","tag-chiude","tag-chiude-lido","tag-chiudiamo","tag-corso","tag-emozioni","tag-emozioni-soddisfazioni","tag-emozioni-soddisfazioni-umane","tag-entertainment","tag-intrattenimento","tag-it","tag-italia","tag-italy","tag-lido","tag-marzo","tag-post","tag-ristorante"],"share_on_mastodon":{"url":"https:\/\/pubeurope.com\/@it\/116054266002671602","error":""},"_links":{"self":[{"href":"https:\/\/www.europesays.com\/it\/wp-json\/wp\/v2\/posts\/349069","targetHints":{"allow":["GET"]}}],"collection":[{"href":"https:\/\/www.europesays.com\/it\/wp-json\/wp\/v2\/posts"}],"about":[{"href":"https:\/\/www.europesays.com\/it\/wp-json\/wp\/v2\/types\/post"}],"author":[{"embeddable":true,"href":"https:\/\/www.europesays.com\/it\/wp-json\/wp\/v2\/users\/3"}],"replies":[{"embeddable":true,"href":"https:\/\/www.europesays.com\/it\/wp-json\/wp\/v2\/comments?post=349069"}],"version-history":[{"count":0,"href":"https:\/\/www.europesays.com\/it\/wp-json\/wp\/v2\/posts\/349069\/revisions"}],"wp:featuredmedia":[{"embeddable":true,"href":"https:\/\/www.europesays.com\/it\/wp-json\/wp\/v2\/media\/349070"}],"wp:attachment":[{"href":"https:\/\/www.europesays.com\/it\/wp-json\/wp\/v2\/media?parent=349069"}],"wp:term":[{"taxonomy":"category","embeddable":true,"href":"https:\/\/www.europesays.com\/it\/wp-json\/wp\/v2\/categories?post=349069"},{"taxonomy":"post_tag","embeddable":true,"href":"https:\/\/www.europesays.com\/it\/wp-json\/wp\/v2\/tags?post=349069"}],"curies":[{"name":"wp","href":"https:\/\/api.w.org\/{rel}","templated":true}]}}