{"id":349108,"date":"2026-02-11T22:36:15","date_gmt":"2026-02-11T22:36:15","guid":{"rendered":"https:\/\/www.europesays.com\/it\/349108\/"},"modified":"2026-02-11T22:36:15","modified_gmt":"2026-02-11T22:36:15","slug":"crans-montana-le-foto-choc-allinterno-di-le-constellation-subito-dopo-il-rogo-della-strage","status":"publish","type":"post","link":"https:\/\/www.europesays.com\/it\/349108\/","title":{"rendered":"Crans-Montana, le foto choc all&#8217;interno di \u00abLe Constellation\u00bb subito dopo il rogo della strage"},"content":{"rendered":"<p>    di<br \/>\n    Giusi Fasano<\/p>\n<p class=\"summary-art is-line-h-12\">Le immagini scattate dentro il locale della strage di capodanno in Svizzera costato la vita a 41 persone<\/p>\n<p class=\"chapter-paragraph\">Sui tavoli le bottiglie di champagne annerite dal fumo sono ancora nei secchielli. <b>In un\u2019immagine si vede in primo piano un telefonino ancora collegato al filo che lo stava caricando<\/b>. In un\u2019altra spicca il bianco di una scarpa in mezzo a tutto il resto indefinito e scuro. Negli angoli pi\u00f9 devastati dal fuoco non c\u2019\u00e8 distinzione fra muro, mensole, divani, sedie, oggetti vari: tutto nero come il fumo denso che quella notte invase l\u2019aria di <b><a href=\"https:\/\/www.corriere.it\/cronache\/26_gennaio_19\/crans-cameriera-louise-leguistin-racconto-80d1f329-e7c4-4a53-b26c-6e63c3b6fxlk.shtml\" rel=\"nofollow noopener\" target=\"_blank\">Crans Montana<\/a> <\/b>e i polmoni di chi aspettava l\u2019anno nuovo <b>al Constellation<\/b>.<\/p>\n<p class=\"chapter-paragraph\">Nel faldone numero 6 del nuovo dossier sulla <b>strage di Crans<\/b> ci sono 40 fotografie scattate dagli inquirenti nei giorni 1 e 2 gennaio. E fa un certo effetto sfogliarle, perch\u00e9 \u00e8 impossibile non immaginare l\u2019orrore vissuto da quei ragazzi mentre cercavano una via di fuga per respirare, per vivere.    &#13;<br \/>\n&#13;<br \/>\n&#13;<br \/>\n&#13;<br \/>\n&#13;<br \/>\n&#13;<br \/>\n&#13;<br \/>\n&#13;<br \/>\n&#13;<br \/>\n&#13;<br \/>\n&#13;<br \/>\n&#13;<br \/>\n&#13;<br \/>\n&#13;<br \/>\n&#13;<br \/>\n&#13;<br \/>\n&#13;<br \/>\n&#13;<br \/>\n&#13;<br \/>\n&#13;<br \/>\n&#13;<br \/>\n&#13;<br \/>\n&#13;<br \/>\n&#13;<br \/>\n&#13;<br \/>\n&#13;<br \/>\n&#13;<br \/>\n&#13;<br \/>\n&#13;<br \/>\n&#13;<br \/>\n&#13;<br \/>\n&#13;<br \/>\n&#13;<br \/>\n&#13;<br \/>\n&#13;<br \/>\n&#13;<br \/>\n&#13;<br \/>\n&#13;<br \/>\n&#13;<br \/>\n&#13;<br \/>\n&#13;<br \/>\n&#13;<br \/>\n&#13;<br \/>\n&#13;<br \/>\n&#13;<br \/>\n&#13;<br \/>\n&#13;<br \/>\n&#13;<br \/>\n&#13;<br \/>\n&#13;<br \/>\n&#13;<br \/>\n&#13;<br \/>\n&#13;\n<\/p>\n<p class=\"chapter-paragraph\">Fra gli scatti ce n\u2019\u00e8 uno che \u00e8 il simbolo di tutto quel che \u00e8 andato male, in questa storia di negligenze e di morte.\u00a0<b>\u00c8 la foto della porta forzata dai primi soccorritori<\/b>. Era chiusa con un chiavistello e dietro quella barriera c\u2019erano i corpi di alcuni dei <b>41 ragazzi morti<\/b>.\u00a0<\/p>\n<p class=\"chapter-paragraph\">Fra loro anche Cyane, che il mondo ha imparato a conoscere come <a href=\"\">la ragazza con il casco<\/a>. Forse respirava ancora, forse era solo l\u2019impressione di chi l\u2019ha soccorsa. Cyane \u00e8 morta mentre provava ad aprire quella porta. Che, \u00e8 vero: non era la porta di sicurezza ma un ingresso usato dai fornitori, per\u00f2 avrebbe potuto comunque salvare molte vite.<a href=\"\"> <\/a><b><a href=\"https:\/\/www.corriere.it\/cronache\/26_gennaio_22\/crans-montana-jessica-moretti-candele-scintillanti-b1506107-453f-4e91-8771-2dc41d4ecxlk.shtml\" rel=\"nofollow noopener\" target=\"_blank\">Jaques Moretti,<\/a> il patron del Constellation<\/b>, giura che era sempre aperta. Sempre. Salvo quella notte.<\/p>\n<p class=\"is-last-update\" datetime=\"2026-02-11T21:08:08+01:00\">11 febbraio 2026 ( modifica il 11 febbraio 2026 | 21:08)<\/p>\n<p class=\"is-copyright\">\n            \u00a9 RIPRODUZIONE RISERVATA\n        <\/p>\n","protected":false},"excerpt":{"rendered":"di Giusi Fasano Le immagini scattate dentro il locale della strage di capodanno in Svizzera costato la vita&hellip;\n","protected":false},"author":3,"featured_media":349109,"comment_status":"","ping_status":"","sticky":false,"template":"","format":"standard","meta":{"footnotes":"","_share_on_mastodon":"0"},"categories":[6],"tags":[2537,202821,202822,2940,168190,110178,44739,14,178551,228,16657,8,1537,90,89,110181,7,15,82,9,83,10,4476,98,1699,202820,11990,13,11,80,84,12,81,85],"class_list":["post-349108","post","type-post","status-publish","format-standard","has-post-thumbnail","category-ultime-notizie","tag-altra","tag-altra-spicca","tag-altra-spicca-bianco","tag-andato","tag-constellation","tag-crans","tag-crans-montana","tag-cronaca","tag-cyane","tag-foto","tag-fumo","tag-headlines","tag-it","tag-italia","tag-italy","tag-montana","tag-news","tag-notizie","tag-notizie-di-cronaca","tag-notizie-principali","tag-notiziedicronaca","tag-notizieprincipali","tag-notte","tag-porta","tag-ragazzi","tag-scattate","tag-strage","tag-titoli","tag-ultime-notizie","tag-ultime-notizie-di-cronaca","tag-ultime-notizie-e-news-di-oggi","tag-ultimenotizie","tag-ultimenotiziedicronaca","tag-ultimenotizieenewsdioggi"],"share_on_mastodon":{"url":"","error":"Validation failed: Text character limit of 500 exceeded"},"_links":{"self":[{"href":"https:\/\/www.europesays.com\/it\/wp-json\/wp\/v2\/posts\/349108","targetHints":{"allow":["GET"]}}],"collection":[{"href":"https:\/\/www.europesays.com\/it\/wp-json\/wp\/v2\/posts"}],"about":[{"href":"https:\/\/www.europesays.com\/it\/wp-json\/wp\/v2\/types\/post"}],"author":[{"embeddable":true,"href":"https:\/\/www.europesays.com\/it\/wp-json\/wp\/v2\/users\/3"}],"replies":[{"embeddable":true,"href":"https:\/\/www.europesays.com\/it\/wp-json\/wp\/v2\/comments?post=349108"}],"version-history":[{"count":0,"href":"https:\/\/www.europesays.com\/it\/wp-json\/wp\/v2\/posts\/349108\/revisions"}],"wp:featuredmedia":[{"embeddable":true,"href":"https:\/\/www.europesays.com\/it\/wp-json\/wp\/v2\/media\/349109"}],"wp:attachment":[{"href":"https:\/\/www.europesays.com\/it\/wp-json\/wp\/v2\/media?parent=349108"}],"wp:term":[{"taxonomy":"category","embeddable":true,"href":"https:\/\/www.europesays.com\/it\/wp-json\/wp\/v2\/categories?post=349108"},{"taxonomy":"post_tag","embeddable":true,"href":"https:\/\/www.europesays.com\/it\/wp-json\/wp\/v2\/tags?post=349108"}],"curies":[{"name":"wp","href":"https:\/\/api.w.org\/{rel}","templated":true}]}}