{"id":349144,"date":"2026-02-11T23:16:15","date_gmt":"2026-02-11T23:16:15","guid":{"rendered":"https:\/\/www.europesays.com\/it\/349144\/"},"modified":"2026-02-11T23:16:15","modified_gmt":"2026-02-11T23:16:15","slug":"verso-inter-juve-chi-ha-piu-chance-dal-1-tra-barella-e-calha-in-attacco","status":"publish","type":"post","link":"https:\/\/www.europesays.com\/it\/349144\/","title":{"rendered":"Verso Inter-Juve, chi ha pi\u00f9 chance dal 1&#8242; tra Barella e Calha. In attacco&#8230;"},"content":{"rendered":"<p>Si avvicina il big match tra Inter e Juventus di sabato alle ore 20.45: ecco le probabili scelte di Cristian Chivu<\/p>\n<p>Si avvicina il big match tra <a href=\"https:\/\/www.fcinter1908.it\/news\/infortuni\/sky-inter-novita-dumfries-quando-puo-tornare\/\" target=\"_blank\" rel=\"noopener nofollow\"><strong>Inter<\/strong><\/a> e Juventus di sabato alle ore 20.45. I dubbi di Cristian Chivu riguardano soprattutto il centrocampo secondo Sky Sport.<\/p>\n<p>In difesa sono attesi Bisseck, Akanji e Bastoni; sulle fasce Luis Henrique e Dimarco, che vive un momento d&#8217;oro. Dumfries oggi \u00e8 tornato in parte col gruppo, ma \u00e8 ancora presto per rivederlo naturalmente. A centrocampo per Sky la certezza \u00e8 Zielinski, il pi\u00f9 in forma: sua maglia sar\u00e0 sua, poi <strong>dipende da Barella e Calhanoglu<\/strong>. Sono tornati in gruppo, dei due l&#8217;italiano \u00e8 quello con maggiori chance di giocare dall&#8217;inizio, si capir\u00e0 dopo i prossimi allenamenti se potr\u00e0 farcela anche il turco dall&#8217;inizio. Poi c&#8217;\u00e8 Mkhitaryan in vantaggio su Sucic, se Calha partisse fuori.<\/p>\n<p>In attacco <strong>la certezza \u00e8 Lautaro Martinez e per Sky al suo fianco \u00e8 pronto Thuram<\/strong>. Non sembrano esserci dubbi a oggi sulla titolarit\u00e0 del francese, tornato in campo dal 1&#8242; accanto al Toro proprio con il Sassuolo. Partirebbe cos\u00ec in panchina Pio Esposito, oltre a Bonny.<\/p>\n<p class=\"is-copyright\">\u00a9 RIPRODUZIONE RISERVATA<\/p>\n","protected":false},"excerpt":{"rendered":"Si avvicina il big match tra Inter e Juventus di sabato alle ore 20.45: ecco le probabili scelte&hellip;\n","protected":false},"author":3,"featured_media":349145,"comment_status":"","ping_status":"","sticky":false,"template":"","format":"standard","meta":{"footnotes":"","_share_on_mastodon":"0"},"categories":[1452],"tags":[765,31551,202827,202828,8440,135877,6512,65940,202829,721,563,1740,350,1537,90,89,270,1739,245,244],"class_list":["post-349144","post","type-post","status-publish","format-standard","has-post-thumbnail","category-calcio","tag-attacco","tag-avvicina","tag-avvicina-big","tag-avvicina-big-match","tag-barella","tag-barella-calhanoglu","tag-big","tag-big-match","tag-big-match-inter","tag-calcio","tag-calhanoglu","tag-football","tag-inter","tag-it","tag-italia","tag-italy","tag-sky","tag-soccer","tag-sport","tag-sports"],"share_on_mastodon":{"url":"https:\/\/pubeurope.com\/@it\/116054549150631962","error":""},"_links":{"self":[{"href":"https:\/\/www.europesays.com\/it\/wp-json\/wp\/v2\/posts\/349144","targetHints":{"allow":["GET"]}}],"collection":[{"href":"https:\/\/www.europesays.com\/it\/wp-json\/wp\/v2\/posts"}],"about":[{"href":"https:\/\/www.europesays.com\/it\/wp-json\/wp\/v2\/types\/post"}],"author":[{"embeddable":true,"href":"https:\/\/www.europesays.com\/it\/wp-json\/wp\/v2\/users\/3"}],"replies":[{"embeddable":true,"href":"https:\/\/www.europesays.com\/it\/wp-json\/wp\/v2\/comments?post=349144"}],"version-history":[{"count":0,"href":"https:\/\/www.europesays.com\/it\/wp-json\/wp\/v2\/posts\/349144\/revisions"}],"wp:featuredmedia":[{"embeddable":true,"href":"https:\/\/www.europesays.com\/it\/wp-json\/wp\/v2\/media\/349145"}],"wp:attachment":[{"href":"https:\/\/www.europesays.com\/it\/wp-json\/wp\/v2\/media?parent=349144"}],"wp:term":[{"taxonomy":"category","embeddable":true,"href":"https:\/\/www.europesays.com\/it\/wp-json\/wp\/v2\/categories?post=349144"},{"taxonomy":"post_tag","embeddable":true,"href":"https:\/\/www.europesays.com\/it\/wp-json\/wp\/v2\/tags?post=349144"}],"curies":[{"name":"wp","href":"https:\/\/api.w.org\/{rel}","templated":true}]}}