{"id":349254,"date":"2026-02-12T00:50:11","date_gmt":"2026-02-12T00:50:11","guid":{"rendered":"https:\/\/www.europesays.com\/it\/349254\/"},"modified":"2026-02-12T00:50:11","modified_gmt":"2026-02-12T00:50:11","slug":"meloni-ricetta-condivisa-con-merz-ma-rimane-il-dialogo-roma-parigi","status":"publish","type":"post","link":"https:\/\/www.europesays.com\/it\/349254\/","title":{"rendered":"Meloni, \u00abricetta condivisa\u00bb con Merz. Ma rimane il dialogo Roma-Parigi"},"content":{"rendered":"<p>    di<br \/>\n    Marco Galluzzo<\/p>\n<p class=\"summary-art is-line-h-12\">La premier: siamo tutti nella stessa barca.  E Palazzo Chigi studia  il   maxi vertice  di Tolosa<\/p>\n<p class=\"chapter-paragraph\">DAL NOSTRO INVIATO<br \/>BRUXELLES &#8211; Quando oggi Giorgia Meloni, insieme al cancelliere tedesco e al premier belga, far\u00e0 gli onori di casa nell\u2019accogliere i colleghi alla <a href=\"https:\/\/www.corriere.it\/esteri\/26_febbraio_09\/la-sfida-della-competitivita-la-riunione-ue-in-un-castello-34346ac3-a726-4223-8d31-ebd1472ffxlk.shtml\" title=\"La sfida della competitivit\u00e0, la riunione Ue in un castello\" rel=\"nofollow noopener\" target=\"_blank\">riunione informale sulla competitivit\u00e0 <\/a>che precede il <b>Consiglio europeo<\/b>, non potranno non emergere tutte <a href=\"https:\/\/www.corriere.it\/esteri\/26_febbraio_11\/il-ministro-di-macron-non-e-vero-che-parigi-e-isolata-l-europa-condivide-la-nostra-urgenza-si-acceleri-su-economia-e-difesa-18e7c1e4-8a90-4163-9c59-c74ae1472xlk.shtml\" title=\"Il ministro di Macron: \u00abNon \u00e8 vero che Parigi \u00e8 isolata, l\u2019Europa condivide la nostra urgenza Si acceleri su economia e difesa\u00bb\" rel=\"nofollow noopener\" target=\"_blank\">le distanze del momento con Emmanuel Macron<\/a>. Il presidente francese dovrebbe essere presente, anche se nei giorni scorsi ha avanzato <b>una ricetta diversa da quella di <\/b><a href=\"https:\/\/www.corriere.it\/esteri\/26_febbraio_10\/nuovo-scontro-parigi-berlino-alla-vigilia-del-vertice-ue-la-germania-boccia-la-proposta-di-macron-sugli-eurobond-d2ae51de-1e22-4b13-aa87-0d292027cxlk.shtml\" title=\"Nuovo scontro Parigi-Berlino alla vigilia del vertice Ue: la Germania boccia la proposta di Macron sugli eurobond\" rel=\"nofollow noopener\" target=\"_blank\">Roma e Berlino<\/a>. E se la  sua partecipazione potrebbe   enfatizzare alcune divergenze, di sicuro servir\u00e0 anche a dimostrare che alcuni schemi si possono smontare con la stessa facilit\u00e0 con cui vengono costruiti.<\/p>\n<p class=\"chapter-paragraph\">Lo spirito con cui la premier \u00e8 arrivata ieri notte a Bruxelles non \u00e8 infatti quello di dividere, o di enfatizzare, <a href=\"https:\/\/www.corriere.it\/esteri\/26_febbraio_09\/unione-europea-roma-berlino-linea-indipendenza-11243345-68aa-4ffd-8e29-260be5d60xlk.shtml\" title=\"Unione europea, la volata di Roma e Berlino per dare pi\u00f9 potere agli Stati\" rel=\"nofollow noopener\" target=\"_blank\">un\u2019iniziativa strategica con Berlin<\/a>o a scapito di altri. \u00abSiamo tutti nella stessa barca e <b>tutti puntiamo allo stesso risultato<\/b>\u00bb, \u00e8 lo stato d\u2019animo della presidente del Consiglio, alla vigilia di un appuntamento che servir\u00e0 a tutti gli Stati membri, anche nelle due sessioni di <a href=\"https:\/\/www.corriere.it\/esteri\/26_febbraio_11\/draghi-e-letta-una-scossa-all-unione-europea-l-appello-a-diventare-una-potenza-05383452-cf8b-4701-ae03-5e0e56821xlk.shtml\" title=\"Draghi e Letta, una scossa all\u2019Unione europea. L\u2019appello a diventare una \u00abpotenza\u00bb\" rel=\"nofollow noopener\" target=\"_blank\">domande e risposte che avranno con Mario Draghi ed Enrico Letta,<\/a> per cercare di trovare punti di convergenza, percorsi costruttivi e inclusivi. Nei quali al massimo Meloni rivendica la \u00abcentralit\u00e0\u00bb di Roma.    &#13;<br \/>\n&#13;<br \/>\n&#13;<br \/>\n&#13;<br \/>\n&#13;<br \/>\n&#13;<br \/>\n&#13;<br \/>\n&#13;<br \/>\n&#13;<br \/>\n&#13;<br \/>\n&#13;<br \/>\n&#13;<br \/>\n&#13;<br \/>\n&#13;<br \/>\n&#13;<br \/>\n&#13;<br \/>\n&#13;<br \/>\n&#13;<br \/>\n&#13;<br \/>\n&#13;<br \/>\n&#13;<br \/>\n&#13;<br \/>\n&#13;<br \/>\n&#13;<br \/>\n&#13;<br \/>\n&#13;<br \/>\n&#13;<br \/>\n&#13;<br \/>\n&#13;<br \/>\n&#13;<br \/>\n&#13;<br \/>\n&#13;<br \/>\n&#13;<br \/>\n&#13;<br \/>\n&#13;<br \/>\n&#13;<br \/>\n&#13;<br \/>\n&#13;<br \/>\n&#13;<br \/>\n&#13;<br \/>\n&#13;<br \/>\n&#13;<br \/>\n&#13;<br \/>\n&#13;<br \/>\n&#13;<br \/>\n&#13;<br \/>\n&#13;<br \/>\n&#13;<br \/>\n&#13;<br \/>\n&#13;<br \/>\n&#13;<br \/>\n&#13;<br \/>\n&#13;\n<\/p>\n<p class=\"chapter-paragraph\">Non c\u2019\u00e8 dubbio che in questo momento <a href=\"https:\/\/www.corriere.it\/esteri\/26_febbraio_10\/macron-made-in-europe-economia-ue-f75e1ff4-2418-4b23-ade1-627c0a57exlk.shtml\" title=\"Macron spiazzato da Meloni e Merz cerca in extremis il rilancio. \u00abEurobond e mercato comune, l&#039;Europa \u00e8 pronta o no a diventare una potenza?\u00bb\" rel=\"nofollow noopener\" target=\"_blank\">Meloni e Merz viaggino sulla stessa lunghezza d\u2019onda<\/a>, almeno su una visione condivisa per rilanciare l\u2019economia europea. Ne fanno fede i documenti sottoscritti, cos\u00ec come la <b>distanza che entrambi professano<\/b> rispetto al <a href=\"https:\/\/www.corriere.it\/esteri\/26_febbraio_10\/macron-spinge-il-debito-ue-comune-ma-la-germania-non-cambia-linea-tensioni-parigi-berlino-49618656-d1fa-462e-afa3-58bb237f9xlk.shtml\" title=\"Macron spinge il debito comune della Ue, ma la Germania non cambia linea: tensioni Parigi-Berlino\" rel=\"nofollow noopener\" target=\"_blank\">progetto di marca francese<\/a> che riguarda il r<b>afforzamento dell\u2019industria dell\u2019Unione<\/b>. A Parigi, in quell\u2019Industrial Accelerator Act confezionato dal commissario voluto da Macron, St\u00e9phane S\u00e9journ\u00e9, la filosofia portante \u00e8 quella del buy european: cercare di fare della preferenza di partner commerciali europei una regola  per ogni acquisto.<\/p>\n<p class=\"chapter-paragraph\">Ma \u00e8 un approccio che in Consiglio vede sia Roma sia Berlino schierate in modo diverso, perch\u00e9 \u2014 \u00e8 la tesi a Palazzo Chigi \u2014 \u00ab<b>bisogna proteggere<\/b> anche alleanze commerciali e<b> partner strategici che sono fuori dall\u2019Unione<\/b>\u00bb. Va dunque bene \u00abcomprare europeo\u00bb, come vuole Parigi, ma non sino al punto da farne un mantra.<\/p>\n<p class=\"chapter-paragraph\">E se la distanza pi\u00f9 grande in questo momento \u00e8 sui <a href=\"https:\/\/www.corriere.it\/esteri\/26_febbraio_10\/nuovo-scontro-parigi-berlino-alla-vigilia-del-vertice-ue-la-germania-boccia-la-proposta-di-macron-sugli-eurobond-d2ae51de-1e22-4b13-aa87-0d292027cxlk.shtml\" title=\"Nuovo scontro Parigi-Berlino alla vigilia del vertice Ue: la Germania boccia la proposta di Macron sugli eurobond\" rel=\"nofollow noopener\" target=\"_blank\">finanziamenti per rilanciare la competitivit\u00e0 dell\u2019Unione,<\/a> non c\u2019\u00e8 dubbio che i documenti stilati da Roma e da Berlino sono stati sin qui reticenti: <b>chi paga le riforme?<\/b> Chi paga, e con quali soldi, la trasformazione dell\u2019industria digitale, la creazione di una catena dell\u2019Ai, gli investimenti enormi che devono essere fatti in diversi settori, come chiede Mario Draghi<b>. Macron ha proposto il debito europeo come ricetta,<\/b> <a href=\"\">Berlino ha detto di no, Meloni non ha preso posizione.<\/a><\/p>\n<p class=\"chapter-paragraph\">Proprio in un quadro tanto frammentato, in queste ore, a Palazzo Chigi come alla Farnesina, stanno definendo i dettagli di quella che potrebbe apparire come <b>una notizia stonata<\/b>, e che invece riporta su un binario pi\u00f9 realistico i giudizi sulle alleanze fra le capitali:<b> il 9 e 10 aprile, a Tolosa,<\/b> si terr\u00e0 il <b>primo grande vertice fra Italia e Francia<\/b>, alla presenza dei due governi quasi al completo, un <b>evento frutto di quel Trattato del Quirinale<\/b> che durante il governo Gentiloni spos\u00f2 Roma e Parigi come partner strategici, ricalcando i capisaldi degli accordi che da decenni scandiscono il rapporto franco-tedesco.<\/p>\n<p class=\"chapter-paragraph\">L\u2019occasione non sar\u00e0 solo una sfilata, le aziende italiane e francesi Leonardo, Thales e Airbus sono pronte a siglare e lanciare il progetto Bromo, un <b>programma di avvicinamento delle loro attivit\u00e0 satellitari<\/b> volto a costruire un campione europeo. \u00abQuel giorno magari si dir\u00e0 che rinasce<b> un asse fra Parigi e Roma, <\/b>ma la verit\u00e0 \u00e8 che in una fase turbolenta di transizione \u2014 riassumono a Palazzo Chigi \u2014 alcune letture sono desuete, tutti cerchiamo una ricetta condivisa\u00bb.<\/p>\n<p class=\"chapter-paragraph\">\u00c8 anche questo il messaggio che nel castello delle Fiandre che ospiter\u00e0 il Consiglio, Meloni lancer\u00e0 ai colleghi. Mentre alcune imprese sembrano andare pi\u00f9 veloci degli Stati membri: se oggi sono due i progetti militari di punta per<b> un carrarmato di nuova generazione, uno franco-tedesco, l\u2019altro italo-tedesco<\/b>, non \u00e8 miraggio l\u2019indiscrezione che si raccoglie in ambienti di governo. \u00c8 solo un\u2019ipotesi, ma sul tappeto nel dialogo fra governi e aziende private: alla fine tutti potrebbero fare un passo indietro  e uno avanti e <b>sviluppare un solo progetto, con sponsor Berlino, Roma e Parigi<\/b>.<\/p>\n<p class=\"is-mr-t-20 is-mr-b-20\"><b><br \/>\n                    <a href=\"https:\/\/roma.corriere.it\/?intcmp=Notizielocali_nd_010623_corriere_ss_roma\" target=\"_blank\" rel=\"nofollow noopener\">Vai a tutte le notizie di Roma<\/a><br \/>\n            <\/b><\/p>\n<p class=\"chapter-paragraph\"><b><a href=\"https:\/\/www.corriere.it\/newsletter\/?theme=52&amp;intcmp=NL-artic_nd_050624_corriere_ss_roma\" target=\"_blank\" rel=\"nofollow noopener\">Iscriviti alla newsletter di Corriere Roma<\/a><\/b><\/p>\n<p class=\"is-last-update\" datetime=\"2026-02-11T21:49:55+01:00\">11 febbraio 2026<\/p>\n<p class=\"is-copyright\">\n            \u00a9 RIPRODUZIONE RISERVATA\n        <\/p>\n","protected":false},"excerpt":{"rendered":"di Marco Galluzzo La premier: siamo tutti nella stessa barca. E Palazzo Chigi studia il maxi vertice di&hellip;\n","protected":false},"author":3,"featured_media":349255,"comment_status":"","ping_status":"","sticky":false,"template":"","format":"standard","meta":{"footnotes":"","_share_on_mastodon":"0"},"categories":[79],"tags":[3960,30268,5609,4119,6475,293,2138,2563,2865,3710,1878,88761,14,93,94,3875,3669,4827,38387,1341,147632,3889,3368,643,202877,25763,3738,1537,90,89,8940,4902,49369,58,4558,9889,7,15,16411,330,14520,1289,16864,202878,115,135,2851,10102,987,202876,65867,8233,11,84,91,12,85,92,3712],"class_list":["post-349254","post","type-post","status-publish","format-standard","has-post-thumbnail","category-italia","tag-alcune","tag-alleanze","tag-aziende","tag-barca","tag-berlino","tag-bruxelles","tag-cercare","tag-chigi","tag-colleghi","tag-commerciali","tag-competitivita","tag-condivisa","tag-cronaca","tag-cronaca-italiana","tag-cronacaitaliana","tag-dialogo","tag-distanza","tag-documenti","tag-draghi","tag-dubbio","tag-enfatizzare","tag-europeo","tag-francese","tag-franco","tag-franco-tedesco","tag-governi","tag-industria","tag-it","tag-italia","tag-italy","tag-macron","tag-mario","tag-mario-draghi","tag-meloni","tag-membri","tag-merz","tag-news","tag-notizie","tag-paga","tag-palazzo","tag-palazzo-chigi","tag-parigi","tag-partner","tag-partner-strategici","tag-premier","tag-presidente","tag-progetto","tag-ricetta","tag-roma","tag-roma-berlino","tag-roma-parigi","tag-tedesco","tag-ultime-notizie","tag-ultime-notizie-e-news-di-oggi","tag-ultime-notizie-italia","tag-ultimenotizie","tag-ultimenotizieenewsdioggi","tag-ultimenotizieitalia","tag-unione"],"share_on_mastodon":{"url":"","error":"Validation failed: Text character limit of 500 exceeded"},"_links":{"self":[{"href":"https:\/\/www.europesays.com\/it\/wp-json\/wp\/v2\/posts\/349254","targetHints":{"allow":["GET"]}}],"collection":[{"href":"https:\/\/www.europesays.com\/it\/wp-json\/wp\/v2\/posts"}],"about":[{"href":"https:\/\/www.europesays.com\/it\/wp-json\/wp\/v2\/types\/post"}],"author":[{"embeddable":true,"href":"https:\/\/www.europesays.com\/it\/wp-json\/wp\/v2\/users\/3"}],"replies":[{"embeddable":true,"href":"https:\/\/www.europesays.com\/it\/wp-json\/wp\/v2\/comments?post=349254"}],"version-history":[{"count":0,"href":"https:\/\/www.europesays.com\/it\/wp-json\/wp\/v2\/posts\/349254\/revisions"}],"wp:featuredmedia":[{"embeddable":true,"href":"https:\/\/www.europesays.com\/it\/wp-json\/wp\/v2\/media\/349255"}],"wp:attachment":[{"href":"https:\/\/www.europesays.com\/it\/wp-json\/wp\/v2\/media?parent=349254"}],"wp:term":[{"taxonomy":"category","embeddable":true,"href":"https:\/\/www.europesays.com\/it\/wp-json\/wp\/v2\/categories?post=349254"},{"taxonomy":"post_tag","embeddable":true,"href":"https:\/\/www.europesays.com\/it\/wp-json\/wp\/v2\/tags?post=349254"}],"curies":[{"name":"wp","href":"https:\/\/api.w.org\/{rel}","templated":true}]}}