{"id":349419,"date":"2026-02-12T03:42:13","date_gmt":"2026-02-12T03:42:13","guid":{"rendered":"https:\/\/www.europesays.com\/it\/349419\/"},"modified":"2026-02-12T03:42:13","modified_gmt":"2026-02-12T03:42:13","slug":"fedorov-conquista-il-titolo-in-linea-davanti-a-su-4-vinokourov","status":"publish","type":"post","link":"https:\/\/www.europesays.com\/it\/349419\/","title":{"rendered":"FEDOROV CONQUISTA IL TITOLO IN LINEA DAVANTI A SU, 4\u00b0 VINOKOUROV"},"content":{"rendered":"<p>            <a class=\"category\" href=\"https:\/\/www.tuttobiciweb.it\/articles\/category\/NEWS\" itemprop=\"about\" rel=\"nofollow noopener\" target=\"_blank\">NEWS<\/a> | 11\/02\/2026 | 13:05<br \/>\n            <a class=\"author\" href=\"https:\/\/www.tuttobiciweb.it\/articles\/author\/Federico%20Guido\" rel=\"nofollow noopener\" target=\"_blank\">di Federico Guido<\/a><\/p>\n<p class=\"MsoNormal\" style=\"text-align: justify;\">Giornata di festa totale per l\u2019<b>XDS-Astana<\/b> che, dopo l\u2019<a href=\"https:\/\/www.tuttobiciweb.it\/article\/2026\/02\/11\/1770794063\/ciclismo-tour-of-oman-christian-scaroni-vittoria?_gl=1*1ppamdj*_up*MQ..*_ga*NDc0MzM3NzIzLjE3NzA4MTIxNzc.*_ga_CY6XZL7P5J*czE3NzA4MTIxNzckbzEkZzAkdDE3NzA4MTIxNzckajYwJGwwJGgw\" rel=\"nofollow noopener\" target=\"_blank\">uno-due al Tour of Oman<\/a> con Christian Scaroni e Cristi\u00e1n Rodr\u00edguez, ha visto occupare con due suoi esponenti anche i gradini pi\u00f9 alti del podio della prova in linea dei <b>Campionati Asiatici<\/b> su strada disputata quest\u2019oggi in Arabia Saudita.\n            <\/p>\n<p class=\"MsoNormal\" style=\"text-align: justify;\">Al termine dei 156 chilometri da Buraydah a Unaizah, infatti, <b>Haoyu Su<\/b> ha chiuso per tre secondi alle spalle del compagno nonch\u00e8 campione kazako in carica\u00a0<b>Yevgeniy Fedorov<\/b> il quale, con l\u2019affermazione odierna, ha bissato il successo ottenuto pochi giorni nella prova a cronometro \u00e9lite della medesima rassegna.<\/p>\n<p class=\"MsoNormal\" style=\"text-align: justify;\">A completare il trionfo della compagine kazaka ci ha pensato <b>Nicolas Vinokourov<\/b> che, secondo cinque giorni fa contro il tempo e settimo in classifica generale all\u2019ultimo <b>AlUla Tour<\/b>, ha confermato di stare attraversando un buon momento di forma concludendo quarto a 1\u201921\u201d da Fedorov, un piazzamento che, sommato a quelli ottenuti dai suoi compagni tra Oman e Arabia, permette alla squadra di Alexandre Vinokourov di mettersi in tasca, in una sola giornata, la bellezza di 1068 punti UCI.<\/p>\n<p class=\"MsoNormal\" style=\"text-align: justify;\">Ci\u00f2, in attesa delle gare in programma questa settimana, proietta momentaneamente l\u2019XDS-Astana al primo posto del ranking a squadre, un risultato assolutamente incredibile se si pensa alla situazione in cui gravava il team appena un anno fa.<\/p>\n<p class=\"MsoNormal\" style=\"text-align: justify;\"><b>ORDINE D\u2019ARRIVO<\/b><\/p>\n<p class=\"MsoNormal\" style=\"text-align: justify;\">1. Yevgeniy Fedorov (Kazakistan) &#8211; 3:25:17<\/p>\n<p class=\"MsoNormal\" style=\"text-align: justify;\">2. Haoyu Su (Cina) a 0:03<\/p>\n<p class=\"MsoNormal\" style=\"text-align: justify;\">3. Abdulla Jasim Al-Ali (Emirati Arabi) a 1:04<\/p>\n<p class=\"MsoNormal\" style=\"text-align: justify;\">4. Nicolas Vinokourov (Kazakistan) a 1:21<\/p>\n<p class=\"MsoNormal\" style=\"text-align: justify;\">5. Jambaljamts Sainbayar (Mongolia) a 1:22<\/p>\n<p class=\"MsoNormal\" style=\"text-align: justify;\">6. Yuanfeng Yu (Cina) a 1:22<\/p>\n<p class=\"MsoNormal\" style=\"text-align: justify;\">7. Euro Kim (Corea del Sud) a 1:22<\/p>\n<p class=\"MsoNormal\" style=\"text-align: justify;\">8. Yuma Koishi (Giappone) a 1:22<\/p>\n<p class=\"MsoNormal\" style=\"text-align: justify;\">9. Wan Yau Vincent Lau (Hong Kong) 1:23<\/p>\n<p class=\"MsoNormal\" style=\"text-align: justify;\">10. Mohammad Almutaiwei (Emirati Arabi) a 1:23<\/p>\n<p class=\"MsoNormal\" style=\"text-align: justify;\">Photo Credit: Kazakistan Cycling Federation\u00a0<\/p>\n<p>\n    <a href=\"https:\/\/www.tuttobiciweb.it\/article\/2026\/02\/11\/1770812422\/asian-championships-xds-astana-fedorov-su?lang=en\" rel=\"nofollow noopener\" target=\"_blank\"><img decoding=\"async\" src=\"https:\/\/www.europesays.com\/it\/wp-content\/uploads\/2025\/12\/enver.png\"\/><\/a><\/p>\n<p>Copyright &amp;copy TBW<\/p>\n","protected":false},"excerpt":{"rendered":"NEWS | 11\/02\/2026 | 13:05 di Federico Guido Giornata di festa totale per l\u2019XDS-Astana che, dopo l\u2019uno-due al&hellip;\n","protected":false},"author":3,"featured_media":349420,"comment_status":"","ping_status":"","sticky":false,"template":"","format":"standard","meta":{"footnotes":"","_share_on_mastodon":"0"},"categories":[1456],"tags":[200062,1824,1825,30534,1537,90,89,245,244,181187,99138],"class_list":["post-349419","post","type-post","status-publish","format-standard","has-post-thumbnail","category-ciclismo","tag-campionati-asiatici","tag-ciclismo","tag-cycling","tag-fedorov","tag-it","tag-italia","tag-italy","tag-sport","tag-sports","tag-su","tag-xds-astana"],"share_on_mastodon":{"url":"https:\/\/pubeurope.com\/@it\/116055594950199328","error":""},"_links":{"self":[{"href":"https:\/\/www.europesays.com\/it\/wp-json\/wp\/v2\/posts\/349419","targetHints":{"allow":["GET"]}}],"collection":[{"href":"https:\/\/www.europesays.com\/it\/wp-json\/wp\/v2\/posts"}],"about":[{"href":"https:\/\/www.europesays.com\/it\/wp-json\/wp\/v2\/types\/post"}],"author":[{"embeddable":true,"href":"https:\/\/www.europesays.com\/it\/wp-json\/wp\/v2\/users\/3"}],"replies":[{"embeddable":true,"href":"https:\/\/www.europesays.com\/it\/wp-json\/wp\/v2\/comments?post=349419"}],"version-history":[{"count":0,"href":"https:\/\/www.europesays.com\/it\/wp-json\/wp\/v2\/posts\/349419\/revisions"}],"wp:featuredmedia":[{"embeddable":true,"href":"https:\/\/www.europesays.com\/it\/wp-json\/wp\/v2\/media\/349420"}],"wp:attachment":[{"href":"https:\/\/www.europesays.com\/it\/wp-json\/wp\/v2\/media?parent=349419"}],"wp:term":[{"taxonomy":"category","embeddable":true,"href":"https:\/\/www.europesays.com\/it\/wp-json\/wp\/v2\/categories?post=349419"},{"taxonomy":"post_tag","embeddable":true,"href":"https:\/\/www.europesays.com\/it\/wp-json\/wp\/v2\/tags?post=349419"}],"curies":[{"name":"wp","href":"https:\/\/api.w.org\/{rel}","templated":true}]}}