{"id":349612,"date":"2026-02-12T07:05:09","date_gmt":"2026-02-12T07:05:09","guid":{"rendered":"https:\/\/www.europesays.com\/it\/349612\/"},"modified":"2026-02-12T07:05:09","modified_gmt":"2026-02-12T07:05:09","slug":"lancia-stratos-hf-la-storia-incredibile-dellauto-imbattibile","status":"publish","type":"post","link":"https:\/\/www.europesays.com\/it\/349612\/","title":{"rendered":"Lancia Stratos HF, la storia incredibile dell\u2019auto imbattibile"},"content":{"rendered":"<p>Un\u2019auto da competizione nata da un foglio bianco, senza compromessi, senza eredit\u00e0 da rispettare. Solo un obiettivo chiaro: vincere. La <strong>Lancia Stratos HF<\/strong> \u00e8 un punto di rottura nella storia del motorsport, con lei cambia il modo di concepire un\u2019auto da competizione, che non \u00e8 pi\u00f9 una derivazione estrema di un modello di serie, ma un progetto pensato fin dall\u2019inizio per dominare le prove speciali. Tanto che per riuscire a batterla non \u00e8 bastato un avversario pi\u00f9 veloce. \u00c8 servita una decisione politica, una strategia industriale che ha imposto il passaggio di testimone. Perch\u00e9 in gara la Stratos era semplicemente imbattibile.\n<\/p>\n<p>Il concept di Bertone<\/p>\n<p>Tutto inizia con un colpo di scena. Salone di Torino <strong>1970<\/strong>: sullo stand Bertone appare un oggetto non identificato, basso e affilato. Si chiama <a href=\"https:\/\/www.virgilio.it\/motori\/auto\/lancia-stratos-pebble-beach-2024\/241104\/\" rel=\"nofollow noopener\" target=\"_blank\">Strato\u2019s Zero<\/a> ed \u00e8 pi\u00f9 simile a un\u2019astronave che a un\u2019automobile tradizionale. Linee a cuneo esasperate, parabrezza che funge anche da portiera, proporzioni radicali. Sotto la carrozzeria pulsa il motore della <strong>Fulvia 1.6 HF<\/strong>, ma ci\u00f2 che conta davvero \u00e8 il messaggio: l\u2019auto sportiva del futuro pu\u00f2 essere qualcosa di completamente diverso.<\/p>\n<p>L\u2019anno successivo, sempre a Torino, Bertone torna con una versione molto pi\u00f9 vicina alla produzione. \u00c8 il 1971 quando debutta la Stratos con motore centrale e, soprattutto, con il <strong>V6 Ferrari<\/strong> da 2,4 litri della Dino 246 GT. Le forme restano tese, compatte, aggressive, ma ora l\u2019auto \u00e8 reale. Nuccio Bertone la descrive con una frase rimasta nella storia: \u201ccalza il pilota e il navigatore come una tuta con un atleta, mettendone quasi in mostra la muscolatura\u201d.<\/p>\n<p>\u00c8 un\u2019immagine perfetta per descrivere la funzionalit\u00e0 di una forma avvolgente, costruita attorno all\u2019equipaggio. Il parabrezza panoramico offre visibilit\u00e0 totale nelle curve strette dei rally, il passo cortissimo la rende estremamente agile, la posizione centrale del motore garantisce un bilanciamento ideale.<\/p>\n<p>Il motore Ferrari<\/p>\n<p>Per vincere serve potenza, ma anche affidabilit\u00e0 e la scelta del motore non pu\u00f2 essere casuale. Alla fine, la decisione ricade sul sei cilindri a V della Dino 246 Ferrari, un propulsore gi\u00e0 collaudato e capace di unire carattere e robustezza. Quella con il Drake per\u00f2 non \u00e8 stata una trattativa semplice. Cesare Fiorio e Pier Ugo Gobbato lavorano con determinazione per convincere <strong>Enzo Ferrari<\/strong> a fornire un numero sufficiente di motori per l\u2019omologazione. Il regolamento FIA impone la produzione di almeno 500 esemplari identici per ottenere l\u2019iscrizione nel Gruppo 4. \u00c8 un ostacolo enorme, ma viene superato.<\/p>\n<p>Nasce cos\u00ec una vera <strong>b\u00eate \u00e0 gagner<\/strong>, come la soprannominarono i francesi: una \u201cbelva nata per vincere\u201d. Il V6 \u00e8 montato in posizione centrale-posteriore trasversale, soluzione che compatta ulteriormente la volumetria. Le sospensioni anteriori adottano quadrilateri sovrapposti, mentre al posteriore troviamo uno schema McPherson. Il telaio \u00e8 essenziale, leggero, costruito per resistere alle sollecitazioni delle prove speciali pi\u00f9 dure. La Stratos non \u00e8 una granturismo adattata ai rally. \u00c8 una macchina da gara omologata per la strada.<\/p>\n<p>Non mancano i problemi<\/p>\n<p>All\u2019inizio, per\u00f2, la <strong>perfezione \u00e8 lontana.<\/strong> La Stratos \u00e8 velocissima su sterrato, ma su asfalto mostra instabilit\u00e0. I portamozzi posteriori scatolati si rivelano inadatti a gestire la potenza e le vibrazioni del V6 Ferrari. Il progetto deve essere affinato. Dopo il Tour de Corse del 1972, <strong>Sandro Munari<\/strong> \u2013 gi\u00e0 pilota di riferimento per Lancia \u2013 suggerisce una <strong>soluzione<\/strong> decisiva: sostituire gli scatolati delle sospensioni posteriori con perni fusi monoblocco. Una modifica che risulta essenziale. Le vibrazioni diminuiscono, la robustezza aumenta, l\u2019auto diventa finalmente coerente con il suo potenziale.<\/p>\n<p>La <strong>prima vittoria<\/strong> significativa arriva nell\u2019aprile del 1973, al Rally Firestone in Spagna, con Munari e Mario Mannucci. \u00c8 il segnale che la Stratos ha trovato la propria maturit\u00e0. Da quel momento, il suo potenziale esploder\u00e0 nei campionati mondiali successivi.<\/p>\n<p>Arriva l\u2019omologazione<\/p>\n<p>Il primo ottobre 1974 \u00e8 una data chiave. I delegati FIA si presentano per verificare il numero di esemplari prodotti. Le Stratos vengono disposte in sedi diverse, pronte a essere contate. L\u2019<strong>omologazione<\/strong> nel Gruppo 4 diventa realt\u00e0. Da quel momento, i punti conquistati dalla Stratos HF possono essere sommati a quelli delle Fulvia HF e delle Beta Coup\u00e9. Ma \u00e8 chiaro a tutti che la nuova arma \u00e8 lei. Compatta, nervosa, potentissima, sembra nata per adattarsi a ogni fondo: neve, asfalto, sterrato.<\/p>\n<p>Tre anni d\u2019oro<\/p>\n<p>Il 1974 segna l\u2019inizio dell\u2019epoca d\u2019oro. Munari e Mannucci vincono il <strong>Rally di Sanremo<\/strong> e il Rally Rideau Lakes in Canada. Sempre Munari, questa volta navigato da Sodano, trionfa anche nel massacrante RAC Rally in Inghilterra. Con la vittoria di Jean-Claude Andruet al Tour de Corse, Lancia accumula i punti necessari per conquistare il Campionato del Mondo Rally 1974. \u00c8 solo l\u2019inizio.<\/p>\n<p>La Stratos HF Gruppo 4 diventa l\u2019arma assoluta dei rally. Vince tre volte consecutive il <strong>Rally di Monte Carlo<\/strong>, conquista il Mondiale Costruttori nel 1975 e nel 1976, oltre a titoli europei e alla Coppa Mondiale FIA Piloti Rally vinta da Munari nel 1977. \u00c8 praticamente <strong>imbattibile<\/strong>. Agile nei tornanti stretti, stabile nei tratti veloci, brutale nelle accelerazioni. Il suo V6 urla tra le montagne, il passo corto la fa danzare nei cambi di direzione.\u00a0<\/p>\n<blockquote class=\"instagram-media\" data-instgrm-captioned=\"\" data-instgrm-permalink=\"https:\/\/www.instagram.com\/p\/DBdfl9zvCEY\/?utm_source=ig_embed&amp;utm_campaign=loading\" data-instgrm-version=\"14\" style=\" background:#FFF; border:0; border-radius:3px; box-shadow:0 0 1px 0 rgba(0,0,0,0.5),0 1px 10px 0 rgba(0,0,0,0.15); margin: 1px; max-width:100%; min-width:326px; padding:0; width:99.375%; width:-webkit-calc(100% - 2px); width:calc(100% - 2px);\"\/>\n<p>Ritirata per una scelta politica<\/p>\n<p>Eppure, nel pieno del dominio, qualcosa cambia. Siamo in un periodo di austerit\u00e0 e il Gruppo Fiat ha bisogno di rafforzare l\u2019immagine di un modello strategico per le vendite: la <strong>Fiat 131<\/strong>. Le prime performance commerciali non sono all\u2019altezza delle aspettative. Serve una versione sportiva capace di trasferire prestigio al modello di serie. Nasce cos\u00ec la <a href=\"https:\/\/www.virgilio.it\/motori\/auto-epoca\/fiat-131-abarth-rally-storia\/296020\/\" rel=\"nofollow noopener\" target=\"_blank\">131 Abarth Rally<\/a>. La transizione non \u00e8 immediata, anche perch\u00e9 la Stratos \u00e8 ancora <strong>l\u2019auto da battere<\/strong>. Per un periodo, le due vetture convivono. Nel 1978 alcune gare vengono affidate alla Stratos, altre alla 131 Abarth, che per\u00f2 ha il compito ufficiale di correre per il Campionato del Mondo, mentre la Stratos si concentra sull\u2019Europeo.<\/p>\n<p>Nelle gare valide per entrambi i campionati, la Stratos sfoggia la livrea nera, rossa e bianca Pirelli. Indimenticabile la <strong>vittoria<\/strong> di Al\u00e8n-Kivimaki al Rally di Sanremo 1978, proprio davanti alla 131 Abarth Alitalia di Verini-Bernacchini. \u00c8 quasi un passaggio simbolico. Nel 1979 la Stratos viene <strong>definitivamente ritirata<\/strong> dal programma ufficiale. Non perch\u00e9 non sia pi\u00f9 competitiva, ma perch\u00e9 la strategia industriale impone un cambio di rotta. \u00c8 una delle rare volte in cui un\u2019auto viene mandata in pensione mentre \u00e8<strong> ancora vincente.<\/strong><\/p>\n<p>Successi privati<\/p>\n<p>La storia per\u00f2 non finisce l\u00ec. Passata nelle mani dei <strong>team privati<\/strong>, la Stratos continua a vincere fino al 1982. Bernard Darniche diventa uno dei suoi interpreti pi\u00f9 celebri, portando in gara le Stratos nei colori azzurri delle concessionarie Lancia francesi. Nel 1979 conquista il <a href=\"https:\/\/www.virgilio.it\/motori\/motor-sport\/debutto-lancia-rallye-montecarlo-wrc-ypsilon\/314016\/\" rel=\"nofollow noopener\" target=\"_blank\">Rally di Monte Carlo<\/a>, il Tour de France e il Tour de Corse. Nel 1980 aggiunge il Rally Costa Smeralda e ancora il Tour de France. \u00c8 la dimostrazione definitiva che il progetto \u00e8 talmente avanzato da restare competitivo anche senza supporto ufficiale.<\/p>\n<p>Le livree iconiche<\/p>\n<p>In totale, la Squadra Corse Lancia utilizza <strong>26 vetture<\/strong> ufficiali. Le livree contribuiscono a creare il mito. All\u2019inizio dominano il bianco e rosso <strong>Marlboro<\/strong>. Dal 1975 arrivano il bianco e verde <strong>Alitalia<\/strong>, che nel 1977 assumono la grafica definitiva, con il logo tricolore sdoppiato e armonizzato con la forma a cuneo della carrozzeria. Ancora oggi quella livrea \u00e8 considerata una delle pi\u00f9 belle e iconiche nella storia del motorsport.<\/p>\n<p>\t<script async src=\"\/\/www.instagram.com\/embed.js\"><\/script><\/p>\n","protected":false},"excerpt":{"rendered":"Un\u2019auto da competizione nata da un foglio bianco, senza compromessi, senza eredit\u00e0 da rispettare. Solo un obiettivo chiaro:&hellip;\n","protected":false},"author":3,"featured_media":349613,"comment_status":"","ping_status":"","sticky":false,"template":"","format":"standard","meta":{"footnotes":"","_share_on_mastodon":"0"},"categories":[173],"tags":[8902,96941,125214,1537,90,89,9341,195,198,199,197,200,201,194,196],"class_list":["post-349612","post","type-post","status-publish","format-standard","has-post-thumbnail","category-scienza-e-tecnologia","tag-auto-depoca","tag-auto-da-corsa","tag-bertone","tag-it","tag-italia","tag-italy","tag-lancia","tag-science","tag-science-and-technology","tag-scienceandtechnology","tag-scienza","tag-scienza-e-tecnologia","tag-scienzaetecnologia","tag-technology","tag-tecnologia"],"share_on_mastodon":{"url":"https:\/\/pubeurope.com\/@it\/116056393443316283","error":""},"_links":{"self":[{"href":"https:\/\/www.europesays.com\/it\/wp-json\/wp\/v2\/posts\/349612","targetHints":{"allow":["GET"]}}],"collection":[{"href":"https:\/\/www.europesays.com\/it\/wp-json\/wp\/v2\/posts"}],"about":[{"href":"https:\/\/www.europesays.com\/it\/wp-json\/wp\/v2\/types\/post"}],"author":[{"embeddable":true,"href":"https:\/\/www.europesays.com\/it\/wp-json\/wp\/v2\/users\/3"}],"replies":[{"embeddable":true,"href":"https:\/\/www.europesays.com\/it\/wp-json\/wp\/v2\/comments?post=349612"}],"version-history":[{"count":0,"href":"https:\/\/www.europesays.com\/it\/wp-json\/wp\/v2\/posts\/349612\/revisions"}],"wp:featuredmedia":[{"embeddable":true,"href":"https:\/\/www.europesays.com\/it\/wp-json\/wp\/v2\/media\/349613"}],"wp:attachment":[{"href":"https:\/\/www.europesays.com\/it\/wp-json\/wp\/v2\/media?parent=349612"}],"wp:term":[{"taxonomy":"category","embeddable":true,"href":"https:\/\/www.europesays.com\/it\/wp-json\/wp\/v2\/categories?post=349612"},{"taxonomy":"post_tag","embeddable":true,"href":"https:\/\/www.europesays.com\/it\/wp-json\/wp\/v2\/tags?post=349612"}],"curies":[{"name":"wp","href":"https:\/\/api.w.org\/{rel}","templated":true}]}}