{"id":349642,"date":"2026-02-12T07:34:14","date_gmt":"2026-02-12T07:34:14","guid":{"rendered":"https:\/\/www.europesays.com\/it\/349642\/"},"modified":"2026-02-12T07:34:14","modified_gmt":"2026-02-12T07:34:14","slug":"francesca-albanese-militante-sempre-piu-pro-pal-cosi-e-riuscita-nellimpresa-di-unire-francia-e-america-che-chiedono-le-sue-dimissioni","status":"publish","type":"post","link":"https:\/\/www.europesays.com\/it\/349642\/","title":{"rendered":"Francesca Albanese, militante (sempre pi\u00f9) pro-Pal: cos\u00ec \u00e8 riuscita nell\u2019impresa di unire Francia e America, che chiedono le sue dimissioni"},"content":{"rendered":"<p>    di<br \/>\n    Antonio Polito<\/p>\n<p class=\"summary-art is-line-h-12\">La parabola dell\u2019osservatrice. Parigi chiede le sue dimissioni: \u00e8 la chiusura del cerchio di una parabola che la stessa Albanese ha deliberatamente alimentato. Oggi sembra pi\u00f9 una candidata al prossimo Parlamento italiano che una donna di pace<\/p>\n<p class=\"chapter-paragraph\"><b><a href=\"https:\/\/www.corriere.it\/esteri\/26_febbraio_11\/israele-nemico-comune-dell-umanita-le-parole-di-albanese-per-le-quali-la-francia-ne-ha-chiesto-le-dimissioni-6979d3f3-9a8e-4c5b-9a01-afe99c8cfxlk.shtml\" title=\"Israele \u00abnemico comune dell&#039;umanit\u00e0\u00bb, le parole di Albanese per le quali la Francia ne ha chiesto le dimissioni\" rel=\"nofollow noopener\" target=\"_blank\">La decisione di Parigi<\/a>,<\/b> sollecitata da un gruppo di deputati del partito del presidente e annunciata dal ministro degli Esteri, \u00e8 la chiusura del cerchio di <b>una parabola che la stessa Albanese ha deliberatamente alimentato<\/b>. Da <a href=\"\">Relatrice speciale dell\u2019Onu per i Territori palestinesi,<\/a> cio\u00e8 da osservatrice che si presume imparziale degli eventi, si \u00e8 ormai trasformata in protagonista degli eventi, militante e partigiana di una delle due parti in conflitto: quella di Hamas. Con generose concessioni a un insaziabile narcisismo, che la spinge di continuo a perdere la<b> sobriet\u00e0 e l\u2019autocontrollo<\/b> richiesti a chi \u00e8 chiamato a svolgere un incarico cos\u00ec delicato a nome non di una causa, per quanto nobile possa essere, ma delle Nazioni Unite.<\/p>\n<p class=\"chapter-paragraph\">Albanese \u00e8 accusata dal governo francese di aver <b>definito Israele \u00abnemico comune dell\u2019umanit\u00e0\u00bb, <\/b>partecipando a un evento che vedeva tra gli ospiti anche il capo di Hamas all\u2019estero e il ministro degli Esteri iraniano, due noti campioni della difesa dei diritti umani.\u00a0    &#13;<br \/>\n&#13;<br \/>\n&#13;<br \/>\n&#13;<br \/>\n&#13;<br \/>\n&#13;<br \/>\n&#13;<br \/>\n&#13;<br \/>\n&#13;<br \/>\n&#13;<br \/>\n&#13;<br \/>\n&#13;<br \/>\n&#13;<br \/>\n&#13;<br \/>\n&#13;<br \/>\n&#13;<br \/>\n&#13;<br \/>\n&#13;<br \/>\n&#13;<br \/>\n&#13;<br \/>\n&#13;<br \/>\n&#13;<br \/>\n&#13;<br \/>\n&#13;<br \/>\n&#13;<br \/>\n&#13;<br \/>\n&#13;<br \/>\n&#13;<br \/>\n&#13;<br \/>\n&#13;<br \/>\n&#13;<br \/>\n&#13;<br \/>\n&#13;<br \/>\n&#13;<br \/>\n&#13;<br \/>\n&#13;<br \/>\n&#13;<br \/>\n&#13;<br \/>\n&#13;<br \/>\n&#13;<br \/>\n&#13;<br \/>\n&#13;<br \/>\n&#13;<br \/>\n&#13;<br \/>\n&#13;<br \/>\n&#13;<br \/>\n&#13;<br \/>\n&#13;<br \/>\n&#13;<br \/>\n&#13;<br \/>\n&#13;<br \/>\n&#13;<br \/>\n&#13;\n<\/p>\n<p class=\"chapter-paragraph\"><b>Nel video dell\u2019intervento, in realt\u00e0, sembra definire \u00abnemico comune dell\u2019umanit\u00e0\u00bb il sistema che in Occidente ha tollerato e perfino aiutato ci\u00f2 che lei ritiene essere il \u00abgenocidio dei palestinesi\u00bb<\/b>. Non \u00e8 la prima volta che dopo aver scagliato la pietra la \u00abpasionaria\u00bb dell\u2019Onu nasconde la mano dietro il \u00abwording\u00bb<b>, <\/b>l\u2019ambiguit\u00e0 lessicale delle sue filippiche (e stavolta forse ha perfino ragione).<\/p>\n<p class=\"chapter-paragraph\">Ma il risultato \u00e8 di per s\u00e9<b> un disastro politico e un danno arrecato alla causa palestinese<\/b>, se provoca la censura ufficiale da parte del governo europeo che ha appena sfidato Israele <a href=\"https:\/\/www.corriere.it\/esteri\/25_settembre_21\/all-onu-macron-guida-il-giorno-della-palestina-piu-caute-roma-e-parigi-bf6d8aed-7867-439c-8b0f-1e8b77a89xlk.shtml\" title=\"Stato di Palestina, dopo Londra almeno altri dieci Paesi pronti per il riconoscimento: la linea di Macron, la cautela di Italia e Germania\" rel=\"nofollow noopener\" target=\"_blank\">riconoscendo lo Stato di Palestina<\/a>.<\/p>\n<p class=\"chapter-paragraph\">Nel suo crescendo, forse senza accorgersene ma ne dubitiamo, Francesca Albanese appare infatti<b> <\/b>sempre pi\u00f9 la <a href=\"https:\/\/roma.corriere.it\/notizie\/politica\/25_ottobre_09\/francesca-albanese-metodo-relatrice-speciale-onu-d0b51036-1a35-4b2f-b410-657513c6axlk.shtml\" title=\"Francesca Albanese, nostra signora dei pro Pal: il \u00abmetodo\u00bb della relatrice speciale Onu che non ha mai un dubbio\" rel=\"nofollow noopener\" target=\"_blank\">paladina del movimento pro-Pal<\/a> <b>piuttosto che del popolo palestinese<\/b>, che non sono affatto la stessa cosa. Ci\u00f2 che abitualmente sostiene non corrisponde pi\u00f9 neanche alle posizioni e agli interessi della stessa Autorit\u00e0 nazionale di Abu Mazen.<\/p>\n<p class=\"chapter-paragraph\">Nella sua ultima uscita, Albanese ha superato per l\u2019ennesima volta il confine della pi\u00f9 che legittima critica dei comportamenti e delle guerre del <a href=\"https:\/\/www.corriere.it\/oriente-occidente-federico-rampini\/26_febbraio_11\/usa-israele-arabia-il-triangolo-e-in-crisi-07dff833-3326-4c46-b9d7-f1b993691xlk.shtml\" title=\"Usa-Israele-Arabia: il triangolo \u00e8 in crisi\" rel=\"nofollow noopener\" target=\"_blank\">governo Netanyahu<\/a>, alludendo a un complotto mondiale per lo sterminio dei palestinesi, e finendo cos\u00ec con lo schierarsi in un fronte per il quale<b> l\u2019unica soluzione alla tragedia palestinese<\/b> risulta essere la distruzione di Israele.<\/p>\n<p class=\"chapter-paragraph\">Sono tesi purtroppo sostenute nelle piazze e sui media d\u2019Europa. E, per quanto contengano il germe dell\u2019antisemitismo (si attribuisce a un intero Paese, a un\u2019intera nazione, e spesso anche agli ebrei di tutto il mondo, la responsabilit\u00e0 di un crimine contro l\u2019umanit\u00e0, cosa che nessuno si sognerebbe di fare, per dire, nei confronti degli iraniani per ci\u00f2 che fa il loro governo, o dei russi per ci\u00f2 che fa Putin agli ucraini) la libert\u00e0 di espressione ci \u00e8 cos\u00ec cara da tollerarle (per quanto mi riguarda, con disgusto).\u00a0<\/p>\n<p class=\"chapter-paragraph\">Ma davvero non possono essere pronunciate da chi dovrebbe interpretare l\u2019aspirazione comune delle nazioni della Terra alla ricerca di soluzioni pacifiche e concordate del conflitto mediorientale, nel quale torti e ragioni appaiono ben distribuiti a chi ne conosca appena un po\u2019 la storia.<\/p>\n<p class=\"chapter-paragraph\">Il fastidio con cui liquid\u00f2 <a href=\"https:\/\/roma.corriere.it\/notizie\/cronaca\/25_ottobre_08\/francesca-albanese-e-le-polemiche-lei-prova-a-riparare-ho-rispetto-per-liliana-segre-9e4bde0b-9683-4f9c-a00c-0624c6962xlk.shtml\" title=\"Francesca Albanese e le polemiche, lei prova a riparare: \u00abHo rispetto per Liliana Segre\u00bb\" rel=\"nofollow noopener\" target=\"_blank\">il diritto di Liliana Segre<\/a> di giudicare un \u00abgenocidio\u00bb (\u00abChi ha un tumore va da un oncologo, non da un sopravvissuto\u00bb); il sarcasmo con cui <a href=\"https:\/\/corrieredibologna.corriere.it\/notizie\/politica\/25_ottobre_01\/il-sindaco-di-reggio-emilia-cita-il-7-ottobre-all-evento-per-francesca-albanese-lei-lo-perdono-ma-non-lo-faccia-piu-945b817e-22fc-4d1d-bc08-18a533d5axlk.shtml\" title=\"Il sindaco di Reggio Emilia cita il 7 ottobre e la liberazione degli ostaggi come \u00abcondizione\u00bb per la pace all&#039;evento per Francesca Albanese. Lei: \u00abLo perdono ma non lo dica pi\u00f9\u00bb\" rel=\"nofollow noopener\" target=\"_blank\">rimprover\u00f2 uno degli improvvidi sindaci <\/a>che gli hanno regalato la cittadinanza onoraria perch\u00e9 si era permesso di chiedere la liberazione degli ostaggi israeliani di Hamas in sua presenza; il silenzio senza piet\u00e0 con cui accolse la notizia della <b>strage di ebrei sulla spiaggia di Sydney<\/b>, sono sufficientemente eloquenti su chi sia oggi Francesca Albanese. Pi\u00f9 una candidata al prossimo Parlamento italiano (la suggeriamo alla collaudata esperienza in questo campo di Fratoianni&amp;Bonelli) che una donna di pace.<\/p>\n<p class=\"is-mr-t-20 is-mr-b-20\"><b><br \/>\n                    <a href=\"https:\/\/roma.corriere.it\/?intcmp=Notizielocali_nd_010623_corriere_ss_roma\" target=\"_blank\" rel=\"nofollow noopener\">Vai a tutte le notizie di Roma<\/a><br \/>\n            <\/b><\/p>\n<p class=\"chapter-paragraph\"><b><a href=\"https:\/\/www.corriere.it\/newsletter\/?theme=52&amp;intcmp=NL-artic_nd_050624_corriere_ss_roma\" target=\"_blank\" rel=\"nofollow noopener\">Iscriviti alla newsletter di Corriere Roma<\/a><\/b><\/p>\n<p class=\"is-last-update\" datetime=\"2026-02-12T07:21:43+01:00\">12 febbraio 2026 ( modifica il 12 febbraio 2026 | 07:21)<\/p>\n<p class=\"is-copyright\">\n            \u00a9 RIPRODUZIONE RISERVATA\n        <\/p>\n","protected":false},"excerpt":{"rendered":"di Antonio Polito La parabola dell\u2019osservatrice. Parigi chiede le sue dimissioni: \u00e8 la chiusura del cerchio di una&hellip;\n","protected":false},"author":3,"featured_media":349643,"comment_status":"","ping_status":"","sticky":false,"template":"","format":"standard","meta":{"footnotes":"","_share_on_mastodon":"0"},"categories":[160],"tags":[24444,202994,202995,670,2201,2407,202996,202997,1048,17534,202998,202999,432,203000,203001,483,393,202683,394,14,164,165,18938,203002,476,1731,203003,11720,768,626,5701,26090,774,75,72,1599,94387,166,8646,7,15,785,771,23451,11,167,12,168,999,161,162,163],"class_list":["post-349642","post","type-post","status-publish","format-standard","has-post-thumbnail","category-mondo","tag-albanese","tag-albanese-deliberatamente","tag-albanese-deliberatamente-alimentato","tag-alimentato","tag-appena","tag-candidata","tag-candidata-prossimo","tag-candidata-prossimo-parlamento","tag-causa","tag-cerchio","tag-cerchio-parabola","tag-cerchio-parabola-albanese","tag-chiusura","tag-chiusura-cerchio","tag-chiusura-cerchio-parabola","tag-cio","tag-comune","tag-comune-umanita","tag-conflitto","tag-cronaca","tag-dal-mondo","tag-dalmondo","tag-deliberatamente","tag-deliberatamente-alimentato","tag-dimissioni","tag-donna","tag-donna-pace","tag-ebrei","tag-esteri","tag-eventi","tag-francesca","tag-francesca-albanese","tag-genocidio","tag-hamas","tag-israele","tag-italiano","tag-militante","tag-mondo","tag-nazioni","tag-news","tag-notizie","tag-palestinese","tag-palestinesi","tag-parabola","tag-ultime-notizie","tag-ultime-notizie-di-mondo","tag-ultimenotizie","tag-ultimenotiziedimondo","tag-umanita","tag-world","tag-world-news","tag-worldnews"],"share_on_mastodon":{"url":"","error":"Validation failed: Text character limit of 500 exceeded"},"_links":{"self":[{"href":"https:\/\/www.europesays.com\/it\/wp-json\/wp\/v2\/posts\/349642","targetHints":{"allow":["GET"]}}],"collection":[{"href":"https:\/\/www.europesays.com\/it\/wp-json\/wp\/v2\/posts"}],"about":[{"href":"https:\/\/www.europesays.com\/it\/wp-json\/wp\/v2\/types\/post"}],"author":[{"embeddable":true,"href":"https:\/\/www.europesays.com\/it\/wp-json\/wp\/v2\/users\/3"}],"replies":[{"embeddable":true,"href":"https:\/\/www.europesays.com\/it\/wp-json\/wp\/v2\/comments?post=349642"}],"version-history":[{"count":0,"href":"https:\/\/www.europesays.com\/it\/wp-json\/wp\/v2\/posts\/349642\/revisions"}],"wp:featuredmedia":[{"embeddable":true,"href":"https:\/\/www.europesays.com\/it\/wp-json\/wp\/v2\/media\/349643"}],"wp:attachment":[{"href":"https:\/\/www.europesays.com\/it\/wp-json\/wp\/v2\/media?parent=349642"}],"wp:term":[{"taxonomy":"category","embeddable":true,"href":"https:\/\/www.europesays.com\/it\/wp-json\/wp\/v2\/categories?post=349642"},{"taxonomy":"post_tag","embeddable":true,"href":"https:\/\/www.europesays.com\/it\/wp-json\/wp\/v2\/tags?post=349642"}],"curies":[{"name":"wp","href":"https:\/\/api.w.org\/{rel}","templated":true}]}}