{"id":349688,"date":"2026-02-12T08:24:09","date_gmt":"2026-02-12T08:24:09","guid":{"rendered":"https:\/\/www.europesays.com\/it\/349688\/"},"modified":"2026-02-12T08:24:09","modified_gmt":"2026-02-12T08:24:09","slug":"cancro-al-colon-retto-i-sintomi-che-i-giovani-non-devono-trascurare-nove-casi-su-dieci-si-possono-prevenire","status":"publish","type":"post","link":"https:\/\/www.europesays.com\/it\/349688\/","title":{"rendered":"Cancro al colon-retto, i sintomi che i giovani non devono trascurare. Nove casi su dieci si possono prevenire"},"content":{"rendered":"<p>    di<br \/>\n    Vera Martinella<\/p>\n<p class=\"summary-art is--xlarge is-mr-b-15\">La morte di Van Der Beek e le caratteristiche della malattia. \u00abSpesso si arriva alla diagnosi in ritardo. E i tumori prima dei 50 anni sono pi\u00f9 aggressivi\u00bb. Nove casi su dieci si possono prevenire<\/p>\n<p class=\"chapter-paragraph\"><b>James Van Der Beek<\/b> aveva reso pubblica la sua diagnosi di cancro al colon-retto nel novembre 2024, raccontando di aver scoperto la malattia nell&#8217;agosto del 2023, quando aveva solo 46 anni.<a href=\"https:\/\/www.corriere.it\/spettacoli\/26_febbraio_11\/morto-james-van-der-beek-dawson-s-creek-3f9ffd12-073e-4655-9316-871924c1bxlk.shtml\" rel=\"nofollow noopener\" target=\"_blank\"> \u00c8 mancato ieri, 10 febbraio 2026, a 48 anni.\u00a0<\/a><\/p>\n<p class=\"chapter-paragraph\"><b>Aveva parlato con ottimismo, nonostante avesse scoperto la neoplasia in una fase gi\u00e0 avanzata (al terzo stadio)<\/b> e si era speso a favore della prevenzione, diventando testimonial di una campagna di sensibilizzazione su questo tumore che <a href=\"https:\/\/www.corriere.it\/salute\/sportello_cancro\/26_gennaio_27\/tumore-del-colon-retto-negli-usa-aumentano-i-decessi-negli-under-50-la-situazione-in-italia-5ca681c4-dc83-439e-88e1-ea5c26aa4xlk.shtml\" rel=\"nofollow noopener\" target=\"_blank\">\u00e8 in aumento proprio nelle persone giovani<\/a>, prima dei 50 anni<\/p>\n<p>A causa del costo elevato delle terapie aveva dovuto affrontare ingenti spese (da noi il prezzo \u00e8 sostenuto dal Sistema sanitario nazionale, mentre negli Stati Uniti le cure sono a pagamento per il paziente che se le pu\u00f2 permettere), arrivando a <a href=\"https:\/\/www.corriere.it\/spettacoli\/cinema-serie-tv\/25_novembre_13\/james-van-der-beek-mette-all-asta-i-cimeli-di-dawson-s-creek-per-riuscire-a-pagare-le-costose-cure-per-il-cancro-al-colon-73a64754-16e6-42c2-9bd0-54cf1f2cexlk.shtml\" rel=\"nofollow noopener\" target=\"_blank\">mettere all&#8217;asta a novembre 2025 alcuni cimeli della sua carriera<\/a>.    &#13;<br \/>\n&#13;<br \/>\n&#13;<br \/>\n&#13;<br \/>\n&#13;<br \/>\n&#13;<br \/>\n&#13;<br \/>\n&#13;<br \/>\n&#13;<br \/>\n&#13;<br \/>\n&#13;<br \/>\n&#13;<br \/>\n&#13;<br \/>\n&#13;<br \/>\n&#13;<br \/>\n&#13;<br \/>\n&#13;<br \/>\n&#13;<br \/>\n&#13;<br \/>\n&#13;<br \/>\n&#13;<br \/>\n&#13;<br \/>\n&#13;<br \/>\n&#13;<br \/>\n&#13;<br \/>\n&#13;<br \/>\n&#13;<br \/>\n&#13;<br \/>\n&#13;<br \/>\n&#13;<br \/>\n&#13;<br \/>\n&#13;<br \/>\n&#13;<br \/>\n&#13;<br \/>\n&#13;<br \/>\n&#13;<br \/>\n&#13;<br \/>\n&#13;<br \/>\n&#13;<br \/>\n&#13;<br \/>\n&#13;<br \/>\n&#13;<br \/>\n&#13;<br \/>\n&#13;<br \/>\n&#13;<br \/>\n&#13;<br \/>\n&#13;<br \/>\n&#13;<br \/>\n&#13;<br \/>\n&#13;<br \/>\n&#13;<br \/>\n&#13;<br \/>\n&#13;\n<\/p>\n<p>    <b>Casi in crescita prima dei 50 ann<\/b>i<\/p>\n<p class=\"chapter-paragraph\">\u00abL&#8217;allarme, negli Stati Uniti, \u00e8 suonato gi\u00e0 qualche anno fa: <a href=\"https:\/\/www.corriere.it\/salute\/sportello_cancro\/22_marzo_02\/colon-tumore-letale-aumento-che-invece-si-puo-prevenire-quasi-sempre-84c1ca14-9976-11ec-adf0-2f29c1be53eb.shtml\" target=\"_blank\" rel=\"nofollow noopener\">\u00e8 dal 2022<\/a>, infatti, che gli esperti hanno evidenziato un aumento dei casi di cancro fra le persone giovani, <b>prima dei 50 anni<\/b> <b> &#8211; dice Massimo Di Maio, presidente dell&#8217;Associazione Italiana di Oncologia Medica &#8211;<\/b>. Da allora sono stati pubblicati numerosi studi che hanno confermato il <b>trend in crescita<\/b> soprattutto per il <a href=\"https:\/\/www.corriere.it\/salute\/sportello_cancro\/25_dicembre_19\/tumori-al-seno-nella-regione-di-new-york-numero-allarmante-di-casi-invasivi-e-aggressivi-tra-le-piu-giovani-lo-studio-3c3af5c1-9247-4a59-9799-6fdc63064xlk.shtml\" target=\"_blank\" rel=\"nofollow noopener\">tumore al seno<\/a> e per quello al <a href=\"https:\/\/www.corriere.it\/salute\/sportello_cancro\/24_luglio_31\/tumori-del-colon-prima-dei-50-anni-casi-in-aumento-e-prognosi-spesso-peggiore-l-allarme-degli-oncologi-e-le-indicazioni-utili-2a0420da-1732-4ec4-babb-4fc7b9716xlk.shtml\" target=\"_blank\" rel=\"nofollow noopener\">colon-retto<\/a>\u00bb.<br \/>Pochi giorni fa l<b>&#8216;ultimo report dell&#8217;AmericanCancer Society ha<\/b> aggiunto un nuovo, preoccupante, tassello: per il carcinoma colorettale a salire non sono solo le nuove diagnosi, ma anche i decessi.<\/p>\n<p>A peggiorare le cose ci sono due fattori che emergono sempre pi\u00f9 chiaramente: primo, il carcinoma colonrettale sembra avere <b>caratteristiche pi\u00f9 aggressive in giovane et\u00e0<\/b> e questo lo rende pi\u00f9 difficile da curare; secondo, <a href=\"https:\/\/www.corriere.it\/salute\/sportello_cancro\/24_luglio_31\/tumori-del-colon-prima-dei-50-anni-casi-in-aumento-e-prognosi-spesso-peggiore-l-allarme-degli-oncologi-e-le-indicazioni-utili-2a0420da-1732-4ec4-babb-4fc7b9716xlk.shtml\" rel=\"nofollow noopener\" target=\"_blank\">gli under 50<\/a> <b>arrivano spesso tardi alla diagnosi<\/b> perch\u00e9 <a href=\"https:\/\/www.corriere.it\/salute\/sportello_cancro\/23_maggio_15\/tumore-colon-retto-giovani-under-50-sintomi-6109d160-edae-11ed-92b6-99141f93f907.shtml\" target=\"_blank\" rel=\"nofollow noopener\">ignorano i primi segnali <\/a>e questo contribuisce a una <b>prognosi spesso infausta<\/b>.<\/p>\n<p>    Quattro sintomi da non ignorare<\/p>\n<p class=\"chapter-paragraph\"><b>Quali sono i sintomi da non trascurare?\u00a0<\/b>\u00abDiarrea frequente e perdurante, perdite di sangue (rosso vivo, insieme alle feci o meno), dolori addominali continui e che persistono per lunghi periodi, anemia &#8211; risponde Antonino Spinelli, responsabile della Chirurgia del colon-retto all&#8217;Istituto Clinico Humanitas di Milano\u00a0-. Non c&#8217;\u00e8 motivo di andare nel panico se si presentano questi disturbi che potrebbero anche segnalare la presenza di altre patologie meno gravi e pi\u00f9 diffuse, il punto importante \u00e8 che non sottovalutare i \u201ccampanelli d&#8217;allarme\u201d pu\u00f2 salvare la vita\u00bb.<\/p>\n<p class=\"chapter-paragraph\"><b>I giovani adulti, per\u00f2, spesso si vergognano a parlare di questi problemi con il proprio medico<\/b>, ma allungare troppo i tempi non \u00e8 mai una buona idea quando si tratta di salute. \u00abTanto pi\u00f9 in considerazione anche del fatto che nostre ricerche\u00a0hanno chiaramente evidenziato che <a href=\"https:\/\/www.corriere.it\/salute\/sportello_cancro\/23_maggio_15\/tumore-colon-retto-giovani-under-50-sintomi-6109d160-edae-11ed-92b6-99141f93f907.shtml\" rel=\"nofollow noopener\" target=\"_blank\">il cancro al colon e quello al retto sono pi\u00f9 aggressivi nei giovani<\/a>, anche a stadi pi\u00f9 precoci\u00bb continua Spinelli.<\/p>\n<p>    <b>La situazione italiana<\/b><\/p>\n<p class=\"chapter-paragraph\">\u00abQuello al colon-retto che, con quasi 49mila nuovi casi registrati ogni anno, <b>\u00e8 il secondo tipo di tumore pi\u00f9 frequente in Italia ed \u00e8 anche il secondo nella poco ambita classifica dei pi\u00f9 letali<\/b>, causa circa 20mila decessi annui &#8211; ricorda Di Maio -. E se la mortalit\u00e0 \u00e8 in calo (per merito dei programmi di diagnosi precoce, dei miglioramenti della chirurgia e dei progressi nelle terapie) e da noi non si rileva per ora l&#8217;incremento di mortalit\u00e0 emergente in America, il numero dei casi purtroppo \u00e8 in crescita, anche nelle persone giovani, prima dei 50 anni, nonostante ben 9 casi su 10 si potrebbero evitare solo grazie a un test semplice e indolore che milioni di italiani scelgono di non fare\u00bb.<\/p>\n<p>    <b>Il test salva-vita che troppi italiani non fanno<\/b><\/p>\n<p class=\"chapter-paragraph\">Quasi il 90% dei carcinomi del colon-retto, infatti, si sviluppa a partire da adenomi che impiegano anni, in media una decina, per trasformarsi in forme maligne. \u00c8 in questa finestra temporale che lo screening con <b>il test per la ricerca del sangue occulto nelle feci<\/b> consente di fare una diagnosi precoce ed eliminare i polipi intestinali prima che abbiano acquisito caratteristiche pericolose ed evolvano in un tumore maligno. <b>Ma oltre la met\u00e0 degli italiani non coglie l\u2019opportunit\u00e0<\/b>. L\u2019esame viene offerto dal Servizio sanitario nazionale a tutti i cittadini fra i 50 e i 70 anni che ricevono, ogni due anni, una lettera da parte della propria Asl con l\u2019invito ad andare nella farmacia pi\u00f9 vicina a ritirare un piccolo contenitore nel quale raccogliere un campione di feci, per poi restituirlo e ricevere la lettera con il referto a casa nell\u2019arco di un paio di settimane.<\/p>\n<p class=\"chapter-paragraph\"><b>\u00abSe il test per la ricerca del sangue occulto nelle feci (Sof) risulta positivo, si invia il paziente a fare una colonscopia che permette di evidenziare e asportare un\u2019eventuale lesione<\/b> precancerosa o di eseguire una biopsia &#8211; conclude Mario Scartozzi, professore ordinario all&#8217;Universit\u00e0 di Cagliari e direttore dell\u2019Oncologia medica dell&#8217;Azienda Ospedaliera Universitaria del capoluogo sardo -. Lo screening ci permette d&#8217;intervenire quando la persona non presenta ancora sintomi. <b>Il vantaggio \u00e8 chiaro e i numeri pure: partecipare allo screening riduce la mortalit\u00e0 per tumore del colon-retto del 20-30%<\/b>, proprio grazie alla diagnosi precoce e alla possibilit\u00e0 di intervenire subito sulle lesioni in fase iniziale\u00bb.<\/p>\n<p class=\"overtitle\">Hai un dubbio o un quesito medico?<\/p>\n<p class=\"caption\">I nostri medici e specialisti rispondo ai tuoi quesiti su temi sanitari<\/p>\n<p class=\"is-last-update\" datetime=\"2026-02-12T08:07:19+01:00\">12 febbraio 2026<\/p>\n<p class=\"is-copyright\">\n            \u00a9 RIPRODUZIONE RISERVATA\n        <\/p>\n","protected":false},"excerpt":{"rendered":"di Vera Martinella La morte di Van Der Beek e le caratteristiche della malattia. \u00abSpesso si arriva alla&hellip;\n","protected":false},"author":3,"featured_media":349689,"comment_status":"","ping_status":"","sticky":false,"template":"","format":"standard","meta":{"footnotes":"","_share_on_mastodon":"0"},"categories":[175],"tags":[17602,2271,32,737,24396,9223,23357,24404,23885,54680,1045,203069,203070,203071,1048,8751,15995,23358,24397,1307,3120,6515,24400,3635,30751,5316,203072,203073,24330,313,94041,1598,239,50497,1537,90,4945,627,89,2698,102723,370,8147,71717,7030,116835,10543,100850,6224,20666,30310,24401,240,1466,1650,373,2641,1900],"class_list":["post-349688","post","type-post","status-publish","format-standard","has-post-thumbnail","category-salute","tag-aggressivi","tag-allarme","tag-andare","tag-aumento","tag-beek","tag-cancro","tag-cancro-colon","tag-cancro-colon-retto","tag-caratteristiche","tag-carcinoma","tag-casi","tag-casi-crescita","tag-casi-dieci","tag-casi-dieci-possono","tag-causa","tag-chiaramente","tag-chirurgia","tag-colon","tag-colon-retto","tag-crescita","tag-decessi","tag-der","tag-der-beek","tag-diagnosi","tag-diagnosi-precoce","tag-dieci","tag-dieci-possono","tag-dieci-possono-prevenire","tag-evidenziato","tag-fase","tag-frequente","tag-giovani","tag-health","tag-intervenire","tag-it","tag-italia","tag-italiana","tag-italiani","tag-italy","tag-lettera","tag-maio","tag-malattia","tag-medica","tag-mortalita","tag-novembre","tag-occulto","tag-oncologia","tag-oncologia-medica","tag-paziente","tag-permette","tag-precoce","tag-retto","tag-salute","tag-sangue","tag-screening","tag-sintomi","tag-test","tag-tumore"],"share_on_mastodon":{"url":"","error":"Validation failed: Text character limit of 500 exceeded"},"_links":{"self":[{"href":"https:\/\/www.europesays.com\/it\/wp-json\/wp\/v2\/posts\/349688","targetHints":{"allow":["GET"]}}],"collection":[{"href":"https:\/\/www.europesays.com\/it\/wp-json\/wp\/v2\/posts"}],"about":[{"href":"https:\/\/www.europesays.com\/it\/wp-json\/wp\/v2\/types\/post"}],"author":[{"embeddable":true,"href":"https:\/\/www.europesays.com\/it\/wp-json\/wp\/v2\/users\/3"}],"replies":[{"embeddable":true,"href":"https:\/\/www.europesays.com\/it\/wp-json\/wp\/v2\/comments?post=349688"}],"version-history":[{"count":0,"href":"https:\/\/www.europesays.com\/it\/wp-json\/wp\/v2\/posts\/349688\/revisions"}],"wp:featuredmedia":[{"embeddable":true,"href":"https:\/\/www.europesays.com\/it\/wp-json\/wp\/v2\/media\/349689"}],"wp:attachment":[{"href":"https:\/\/www.europesays.com\/it\/wp-json\/wp\/v2\/media?parent=349688"}],"wp:term":[{"taxonomy":"category","embeddable":true,"href":"https:\/\/www.europesays.com\/it\/wp-json\/wp\/v2\/categories?post=349688"},{"taxonomy":"post_tag","embeddable":true,"href":"https:\/\/www.europesays.com\/it\/wp-json\/wp\/v2\/tags?post=349688"}],"curies":[{"name":"wp","href":"https:\/\/api.w.org\/{rel}","templated":true}]}}