{"id":349744,"date":"2026-02-12T09:12:16","date_gmt":"2026-02-12T09:12:16","guid":{"rendered":"https:\/\/www.europesays.com\/it\/349744\/"},"modified":"2026-02-12T09:12:16","modified_gmt":"2026-02-12T09:12:16","slug":"una-mini-casa-di-43mq-bellissima","status":"publish","type":"post","link":"https:\/\/www.europesays.com\/it\/349744\/","title":{"rendered":"Una mini-casa di 43mq bellissima"},"content":{"rendered":"<p data-journey-content=\"true\" data-node-id=\"3\" class=\"css-6wxqfj emevuu60\"><strong data-node-id=\"3.0\">Com&#8217;\u00e8 (davvero) la casa di un architetto? <\/strong>Pu\u00f2 essere anche piccola, essenziale, come quella del progettista francese<strong data-node-id=\"3.2\"> <a href=\"https:\/\/paul-sibuet.com\/fr\/\" target=\"_blank\" rel=\"nofollow noopener\" data-vars-ga-outbound-link=\"https:\/\/paul-sibuet.com\/fr\/\" data-vars-ga-ux-element=\"Hyperlink\" data-vars-ga-call-to-action=\"Paul Sibuet\" data-node-id=\"3.2.1\" class=\"body-link css-g36lkp emevuu60\">Paul Sibuet<\/a><\/strong>, che abita e firma un lavoro a pochi passi dal quartiere parigino Arts et Metiers. <strong data-node-id=\"3.4\">43 metri quadrati <\/strong>effetto wow, anche grazie alla combinazione fra legno e specchi. Cos\u00ec l&#8217;abitazione dimostra un carattere non indifferente all&#8217;abitare contemporaneo, ma soprattutto fa in modo che la sua superficie ristretta esibisca un carattere chiaro e leggibile, assolutamente personalizzato. Si tratta di una <strong data-node-id=\"3.6\">casa luminosa<\/strong>: la luce proveniente da fuori entra nell&#8217;appartamento scivolando lungo le superfici e mettendo in risalto i materiali che il progettista ha scelto di abbinare l&#8217;uno all&#8217;altro. Allora succede che il lavoro sartoriale, e cio\u00e8 interamente realizzato su misura di mini-casa, dia l&#8217;idea di stare dentro a una <strong data-node-id=\"3.8\">cabina di un treno d&#8217;epoca<\/strong>, dove centimetro per centimetro l&#8217;organizzazione \u00e8 ottimizzazione.<\/p>\n<p><img draggable=\"true\" alt=\"mini casa bellissima di 43mq\" title=\"Mini-casa bellissima di 43mq\" loading=\"lazy\" width=\"2172\" height=\"1449\" decoding=\"async\" data-nimg=\"1\" style=\"color:transparent;width:100%;height:auto;\"   src=\"https:\/\/www.europesays.com\/it\/wp-content\/uploads\/2026\/02\/3flat-paul-sibuet-parisc-guillaume-grasset3flat-paul-sibuet-parisc-guillaume-grassetcguillaume-grass.jpeg\" class=\"css-0 e1g79fud0\"\/><a target=\"_blank\" rel=\"noopener nofollow\" data-theme-key=\"base-link\" href=\"https:\/\/pinterest.com\/pin\/create\/button\/?url=https:\/\/www.elledecor.com\/it\/case\/a70312421\/mini-casa-di-43mq-bellissima\/&amp;description=elledecoritalia&amp;media=https:\/\/hips.hearstapps.com\/hmg-prod\/images\/3flat-paul-sibuet-parisc-guillaume-grasset3flat-paul-sibuet-parisc-guillaume-grassetcguillaume-grasset3flat-paul-sibuet-parisc-guillaume-grasset3flat-paul-sibuet-parisc-guillaume-grassetcguillaume-grassetcguillaume-grasset3flat-paul-sib-698c9cc2e1aad.jpg?resize=1600:*\" class=\"pinterest css-on9hn5 e1c1bym14\"><img decoding=\"async\" data-dynamic-svg=\"true\" src=\"https:\/\/www.elledecor.com\/_assets\/design-tokens\/fre\/static\/icons\/social\/pinterest.e8cf655.svg?primary=%2523ffffff\" loading=\"lazy\" data-testid=\"dynamic-svg-base\" height=\"auto\" width=\"auto\" alt=\"pinterest\" class=\"css-4lml0h e1mlxuuw1\"\/><\/a><\/p>\n<p>GUILLAUME GRASSET<\/p>\n<p><img draggable=\"true\" alt=\"mini casa bellissima di 43mq\" title=\"Mini-casa bellissima di 43mq\" loading=\"lazy\" width=\"2172\" height=\"3256\" decoding=\"async\" data-nimg=\"1\" style=\"color:transparent;width:100%;height:auto;\"   src=\"https:\/\/www.europesays.com\/it\/wp-content\/uploads\/2026\/02\/15flat-paul-sibuet-parisc-guillaume-grasset15flat-paul-sibuet-parisc-guillaume-grassetcguillaume-gra.jpeg\" class=\"css-0 e1g79fud0\"\/><a target=\"_blank\" rel=\"noopener nofollow\" data-theme-key=\"base-link\" href=\"https:\/\/pinterest.com\/pin\/create\/button\/?url=https:\/\/www.elledecor.com\/it\/case\/a70312421\/mini-casa-di-43mq-bellissima\/&amp;description=elledecoritalia&amp;media=https:\/\/hips.hearstapps.com\/hmg-prod\/images\/15flat-paul-sibuet-parisc-guillaume-grasset15flat-paul-sibuet-parisc-guillaume-grassetcguillaume-grasset15flat-paul-sibuet-parisc-guillaume-grasset15flat-paul-sibuet-parisc-guillaume-grassetcguillaume-grassetcguillaume-grasset15flat-pau-698c9d08c583e.jpg?resize=1600:*\" class=\"pinterest css-on9hn5 e1c1bym14\"><img decoding=\"async\" data-dynamic-svg=\"true\" src=\"https:\/\/www.elledecor.com\/_assets\/design-tokens\/fre\/static\/icons\/social\/pinterest.e8cf655.svg?primary=%2523ffffff\" loading=\"lazy\" data-testid=\"dynamic-svg-base\" height=\"auto\" width=\"auto\" alt=\"pinterest\" class=\"css-4lml0h e1mlxuuw1\"\/><\/a><\/p>\n<p>GUILLAUME GRASSET<\/p>\n<p data-journey-content=\"true\" data-node-id=\"11\" class=\"css-6wxqfj emevuu60\">Ma c&#8217;\u00e8 anche un po&#8217; di ispirazione navale, qui. Sibuet ha scelto di abitare in una <strong data-node-id=\"11.1\">casa prettamente di legno<\/strong>: le pareti, infatti, sono realizzate in Tanganyika &#8211; materiale raro e pregiato scelto anche per le atmosfere nautiche e ferroviarie. Pensato come luogo di sperimentazione, il <strong data-node-id=\"11.3\"><a href=\"https:\/\/www.elledecor.com\/it\/design\/a46810631\/arredi-moderni-bellissimi\/\" target=\"_blank\" data-vars-ga-outbound-link=\"https:\/\/www.elledecor.com\/it\/design\/a46810631\/arredi-moderni-bellissimi\/\" data-vars-ga-ux-element=\"Hyperlink\" data-vars-ga-call-to-action=\"metallo\" data-node-id=\"11.3.0\" class=\"body-link css-g36lkp emevuu60\" rel=\"nofollow noopener\">metallo<\/a><\/strong> \u00e8 stato scelto per impreziosire le stanze. Cos\u00ec, il letto in acciaio somiglia pi\u00f9 a una scultura che a un arredo. Dirimpetto, il com\u00f2 \u00e8 un&#8217;eredit\u00e0 degli anni Trenta e viene dritto dritto dalla <a href=\"https:\/\/www.elledecor.com\/it\/design\/a69233699\/stile-casa-della-nonna-e-la-tendenza-arredo-piu-ambita\/\" target=\"_blank\" data-vars-ga-outbound-link=\"https:\/\/www.elledecor.com\/it\/design\/a69233699\/stile-casa-della-nonna-e-la-tendenza-arredo-piu-ambita\/\" data-vars-ga-ux-element=\"Hyperlink\" data-vars-ga-call-to-action=\"casa della nonna\" data-node-id=\"11.5\" class=\"body-link css-g36lkp emevuu60\" rel=\"nofollow noopener\">casa della nonna<\/a>. In generale, la memoria della famiglia \u00e8 molto presente: i <a href=\"https:\/\/www.elledecor.com\/it\/case\/a70295211\/casa-surrealista-bellissima-rossa\/\" target=\"_blank\" data-vars-ga-outbound-link=\"https:\/\/www.elledecor.com\/it\/case\/a70295211\/casa-surrealista-bellissima-rossa\/\" data-vars-ga-ux-element=\"Hyperlink\" data-vars-ga-call-to-action=\"velluti\" data-node-id=\"11.7\" class=\"body-link css-g36lkp emevuu60\" rel=\"nofollow noopener\">velluti<\/a>, per esempio, ricordano le stoffe nell&#8217;ufficio del nonno e lo specchio sopra al letto un corrispettivo presente nella casa di campagna, di propriet\u00e0 dei Sibuet da pi\u00f9 generazioni. Il gusto dell&#8217;architetto si \u00e8 fatto via via pi\u00f9 prezioso nel realizzare questo progetto quando ha inserito chiari riferimenti anni Novanta, che hanno scritto una grammatica visiva sempreverde. Immaginato come un luogo piccino e intimo, aperto alle reminiscenze della famiglia, questo pied \u00e0 terre parigino \u00e8 un&#8217;intuizione che si ingrandisce alla vista e al cuore. <\/p>\n<p><img draggable=\"true\" alt=\"mini casa bellissima di 43mq\" title=\"Mini-casa bellissima di 43mq\" loading=\"lazy\" width=\"6020\" height=\"4300\" decoding=\"async\" data-nimg=\"1\" style=\"color:transparent;width:100%;height:auto;\"   src=\"https:\/\/www.europesays.com\/it\/wp-content\/uploads\/2026\/02\/19flat-paul-sibuet-parisc-guillaume-grasset19flat-paul-sibuet-parisc-guillaume-grassetcguillaume-gra.jpeg\" class=\"css-0 e1g79fud0\"\/><a target=\"_blank\" rel=\"noopener nofollow\" data-theme-key=\"base-link\" href=\"https:\/\/pinterest.com\/pin\/create\/button\/?url=https:\/\/www.elledecor.com\/it\/case\/a70312421\/mini-casa-di-43mq-bellissima\/&amp;description=elledecoritalia&amp;media=https:\/\/hips.hearstapps.com\/hmg-prod\/images\/19flat-paul-sibuet-parisc-guillaume-grasset19flat-paul-sibuet-parisc-guillaume-grassetcguillaume-grasset19flat-paul-sibuet-parisc-guillaume-grasset19flat-paul-sibuet-parisc-guillaume-grassetcguillaume-grassetcguillaume-grasset-119flat-p-698c9def82d61.jpg?resize=1600:*\" class=\"pinterest css-on9hn5 e1c1bym14\"><img decoding=\"async\" data-dynamic-svg=\"true\" src=\"https:\/\/www.elledecor.com\/_assets\/design-tokens\/fre\/static\/icons\/social\/pinterest.e8cf655.svg?primary=%2523ffffff\" loading=\"lazy\" data-testid=\"dynamic-svg-base\" height=\"auto\" width=\"auto\" alt=\"pinterest\" class=\"css-4lml0h e1mlxuuw1\"\/><\/a><\/p>\n<p>GUILLAUME GRASSET<\/p>\n<p><img draggable=\"true\" alt=\"mini casa bellissima di 43mq\" title=\"Mini-casa bellissima di 43mq\" loading=\"lazy\" width=\"4578\" height=\"6409\" decoding=\"async\" data-nimg=\"1\" style=\"color:transparent;width:100%;height:auto;\"   src=\"https:\/\/www.europesays.com\/it\/wp-content\/uploads\/2026\/02\/28flat-paul-sibuet-parisc-guillaume-grasset28flat-paul-sibuet-parisc-guillaume-grassetcguillaume-gra.jpeg\" class=\"css-0 e1g79fud0\"\/><a target=\"_blank\" rel=\"noopener nofollow\" data-theme-key=\"base-link\" href=\"https:\/\/pinterest.com\/pin\/create\/button\/?url=https:\/\/www.elledecor.com\/it\/case\/a70312421\/mini-casa-di-43mq-bellissima\/&amp;description=elledecoritalia&amp;media=https:\/\/hips.hearstapps.com\/hmg-prod\/images\/28flat-paul-sibuet-parisc-guillaume-grasset28flat-paul-sibuet-parisc-guillaume-grassetcguillaume-grasset28flat-paul-sibuet-parisc-guillaume-grasset28flat-paul-sibuet-parisc-guillaume-grassetcguillaume-grassetcguillaume-grasset28flat-pau-698c9e15a4ffe.jpg?resize=1600:*\" class=\"pinterest css-on9hn5 e1c1bym14\"><img decoding=\"async\" data-dynamic-svg=\"true\" src=\"https:\/\/www.elledecor.com\/_assets\/design-tokens\/fre\/static\/icons\/social\/pinterest.e8cf655.svg?primary=%2523ffffff\" loading=\"lazy\" data-testid=\"dynamic-svg-base\" height=\"auto\" width=\"auto\" alt=\"pinterest\" class=\"css-4lml0h e1mlxuuw1\"\/><\/a><\/p>\n<p>GUILLAUME GRASSET<\/p>\n<p> <img draggable=\"true\" alt=\"mini casa bellissima di 43mq\" title=\"Mini-casa bellissima di 43mq\" loading=\"lazy\" width=\"2172\" height=\"1449\" decoding=\"async\" data-nimg=\"1\" style=\"color:transparent;width:100%;height:auto;\"   src=\"https:\/\/www.europesays.com\/it\/wp-content\/uploads\/2026\/02\/27flat-paul-sibuet-parisc-guillaume-grasset-copy27flat-paul-sibuet-parisc-guillaume-grasset-copycgui.jpeg\" class=\"css-0 e1g79fud0\"\/><a target=\"_blank\" rel=\"noopener nofollow\" data-theme-key=\"base-link\" href=\"https:\/\/pinterest.com\/pin\/create\/button\/?url=https:\/\/www.elledecor.com\/it\/case\/a70312421\/mini-casa-di-43mq-bellissima\/&amp;description=elledecoritalia&amp;media=https:\/\/hips.hearstapps.com\/hmg-prod\/images\/27flat-paul-sibuet-parisc-guillaume-grasset-copy27flat-paul-sibuet-parisc-guillaume-grasset-copycguillaume-grasset27flat-paul-sibuet-parisc-guillaume-grasset-copy27flat-paul-sibuet-parisc-guillaume-grasset-copycguillaume-grassetcguillau-698c9e7dcae4a.jpg?resize=1600:*\" class=\"pinterest css-on9hn5 e1c1bym14\"><img decoding=\"async\" data-dynamic-svg=\"true\" src=\"https:\/\/www.elledecor.com\/_assets\/design-tokens\/fre\/static\/icons\/social\/pinterest.e8cf655.svg?primary=%2523ffffff\" loading=\"lazy\" data-testid=\"dynamic-svg-base\" height=\"auto\" width=\"auto\" alt=\"pinterest\" class=\"css-4lml0h e1mlxuuw1\"\/><\/a><\/p>\n<p>GUILLAUME GRASSET<\/p>\n<p><img draggable=\"true\" alt=\"mini casa bellissima di 43mq\" title=\"Mini-casa bellissima di 43mq\" loading=\"lazy\" width=\"2172\" height=\"3256\" decoding=\"async\" data-nimg=\"1\" style=\"color:transparent;width:100%;height:auto;\"   src=\"https:\/\/www.europesays.com\/it\/wp-content\/uploads\/2026\/02\/24flat-paul-sibuet-parisc-guillaume-grasset24flat-paul-sibuet-parisc-guillaume-grassetcguillaume-gra.jpeg\" class=\"css-0 e1g79fud0\"\/><a target=\"_blank\" rel=\"noopener nofollow\" data-theme-key=\"base-link\" href=\"https:\/\/pinterest.com\/pin\/create\/button\/?url=https:\/\/www.elledecor.com\/it\/case\/a70312421\/mini-casa-di-43mq-bellissima\/&amp;description=elledecoritalia&amp;media=https:\/\/hips.hearstapps.com\/hmg-prod\/images\/24flat-paul-sibuet-parisc-guillaume-grasset24flat-paul-sibuet-parisc-guillaume-grassetcguillaume-grasset24flat-paul-sibuet-parisc-guillaume-grasset24flat-paul-sibuet-parisc-guillaume-grassetcguillaume-grassetcguillaume-grasset24flat-pau-698c9e9b77b4f.jpg?resize=1600:*\" class=\"pinterest css-on9hn5 e1c1bym14\"><img decoding=\"async\" data-dynamic-svg=\"true\" src=\"https:\/\/www.elledecor.com\/_assets\/design-tokens\/fre\/static\/icons\/social\/pinterest.e8cf655.svg?primary=%2523ffffff\" loading=\"lazy\" data-testid=\"dynamic-svg-base\" height=\"auto\" width=\"auto\" alt=\"pinterest\" class=\"css-4lml0h e1mlxuuw1\"\/><\/a><\/p>\n<p>GUILLAUME GRASSET<\/p>\n<p><img draggable=\"true\" alt=\"mini casa bellissima di 43mq\" title=\"Mini-casa bellissima di 43mq\" loading=\"lazy\" width=\"2172\" height=\"1449\" decoding=\"async\" data-nimg=\"1\" style=\"color:transparent;width:100%;height:auto;\"   src=\"https:\/\/www.europesays.com\/it\/wp-content\/uploads\/2026\/02\/40flat-paul-sibuet-parisc-guillaume-grasset40flat-paul-sibuet-parisc-guillaume-grassetcguillaume-gra.jpeg\" class=\"css-0 e1g79fud0\"\/><a target=\"_blank\" rel=\"noopener nofollow\" data-theme-key=\"base-link\" href=\"https:\/\/pinterest.com\/pin\/create\/button\/?url=https:\/\/www.elledecor.com\/it\/case\/a70312421\/mini-casa-di-43mq-bellissima\/&amp;description=elledecoritalia&amp;media=https:\/\/hips.hearstapps.com\/hmg-prod\/images\/40flat-paul-sibuet-parisc-guillaume-grasset40flat-paul-sibuet-parisc-guillaume-grassetcguillaume-grasset40flat-paul-sibuet-parisc-guillaume-grasset40flat-paul-sibuet-parisc-guillaume-grassetcguillaume-grassetcguillaume-grasset40flat-pau-698c9ee462afb.jpg?resize=1600:*\" class=\"pinterest css-on9hn5 e1c1bym14\"><img decoding=\"async\" data-dynamic-svg=\"true\" src=\"https:\/\/www.elledecor.com\/_assets\/design-tokens\/fre\/static\/icons\/social\/pinterest.e8cf655.svg?primary=%2523ffffff\" loading=\"lazy\" data-testid=\"dynamic-svg-base\" height=\"auto\" width=\"auto\" alt=\"pinterest\" class=\"css-4lml0h e1mlxuuw1\"\/><\/a><\/p>\n<p>GUILLAUME GRASSET<\/p>\n<p><img draggable=\"true\" alt=\"mini casa bellissima di 43mq\" title=\"Mini-casa bellissima di 43mq\" loading=\"lazy\" width=\"2172\" height=\"1449\" decoding=\"async\" data-nimg=\"1\" style=\"color:transparent;width:100%;height:auto;\"   src=\"https:\/\/www.europesays.com\/it\/wp-content\/uploads\/2026\/02\/8flat-paul-sibuet-parisc-guillaume-grasset8flat-paul-sibuet-parisc-guillaume-grassetcguillaume-grass.jpeg\" class=\"css-0 e1g79fud0\"\/><a target=\"_blank\" rel=\"noopener nofollow\" data-theme-key=\"base-link\" href=\"https:\/\/pinterest.com\/pin\/create\/button\/?url=https:\/\/www.elledecor.com\/it\/case\/a70312421\/mini-casa-di-43mq-bellissima\/&amp;description=elledecoritalia&amp;media=https:\/\/hips.hearstapps.com\/hmg-prod\/images\/8flat-paul-sibuet-parisc-guillaume-grasset8flat-paul-sibuet-parisc-guillaume-grassetcguillaume-grasset-copy8flat-paul-sibuet-parisc-guillaume-grasset8flat-paul-sibuet-parisc-guillaume-grassetcguillaume-grasset-copycguillaume-grasset-18f-698c9f0373488.jpg?resize=1600:*\" class=\"pinterest css-on9hn5 e1c1bym14\"><img decoding=\"async\" data-dynamic-svg=\"true\" src=\"https:\/\/www.elledecor.com\/_assets\/design-tokens\/fre\/static\/icons\/social\/pinterest.e8cf655.svg?primary=%2523ffffff\" loading=\"lazy\" data-testid=\"dynamic-svg-base\" height=\"auto\" width=\"auto\" alt=\"pinterest\" class=\"css-4lml0h e1mlxuuw1\"\/><\/a><\/p>\n<p>GUILLAUME GRASSET<\/p>\n<p data-journey-content=\"true\" data-node-id=\"26\" class=\"css-6wxqfj emevuu60\"><a href=\"https:\/\/paul-sibuet.com\/fr\/\" target=\"_blank\" rel=\"nofollow noopener\" data-vars-ga-outbound-link=\"https:\/\/paul-sibuet.com\/fr\/\" data-vars-ga-ux-element=\"Hyperlink\" data-vars-ga-call-to-action=\"www.paul-sibuet.com\" data-node-id=\"26.0\" class=\"body-link css-g36lkp emevuu60\">www.paul-sibuet.com<\/a><\/p>\n<p><img src=\"https:\/\/www.europesays.com\/it\/wp-content\/uploads\/2026\/02\/1770887536_852_e84fffd4-6caa-4927-b6a7-ab5791add78d_1694417339.file.png\" alt=\"Headshot of Alessia Musillo\" title=\"Headshot of Alessia Musillo\" width=\"100%\" height=\"100%\" decoding=\"async\" loading=\"lazy\" class=\"css-o0wq4v ev8dhu53\"\/><\/p>\n<p>Alessia Musillo \u00e8 Head of Content di Elledecor.it e Marie Claire Maison Italia digital. Laureata all\u2019Universit\u00e0 Statale di Milano con una tesi custodita presso la Fondazione Treccani di Milano, ha studiato anche Modern Languages presso la University of Strathclyde a Glasgow (UK) e Semiotics presso la University of Tartu (Estonia). Dopo aver collaborato con diverse testate giornalistiche, oggi trasforma l\u2019attualit\u00e0 in racconti scrivendo di citt\u00e0, design e cultura pop per il sito web di Elle Decor Italia. Potete seguirla su Instagram (@alessia__musillo) o leggendo Elledecor.it. I suoi articoli sono viaggi sulle tracce dell\u2019abitare contemporaneo. Il suo mezzo? La parola. \u00a0\u00a0\u00a0\u00a0\u00a0<\/p>\n","protected":false},"excerpt":{"rendered":"Com&#8217;\u00e8 (davvero) la casa di un architetto? Pu\u00f2 essere anche piccola, essenziale, come quella del progettista francese Paul&hellip;\n","protected":false},"author":3,"featured_media":349745,"comment_status":"","ping_status":"","sticky":false,"template":"","format":"standard","meta":{"footnotes":"","_share_on_mastodon":"0"},"categories":[1446],"tags":[1615,1613,1614,1611,1610,5134,1612,203,204,1537,90,89,15327],"class_list":["post-349744","post","type-post","status-publish","format-standard","has-post-thumbnail","category-arte-e-design","tag-arte","tag-arte-e-design","tag-arteedesign","tag-arts","tag-arts-and-design","tag-casa","tag-design","tag-entertainment","tag-intrattenimento","tag-it","tag-italia","tag-italy","tag-mini-casa"],"share_on_mastodon":{"url":"https:\/\/pubeurope.com\/@it\/116056893015939730","error":""},"_links":{"self":[{"href":"https:\/\/www.europesays.com\/it\/wp-json\/wp\/v2\/posts\/349744","targetHints":{"allow":["GET"]}}],"collection":[{"href":"https:\/\/www.europesays.com\/it\/wp-json\/wp\/v2\/posts"}],"about":[{"href":"https:\/\/www.europesays.com\/it\/wp-json\/wp\/v2\/types\/post"}],"author":[{"embeddable":true,"href":"https:\/\/www.europesays.com\/it\/wp-json\/wp\/v2\/users\/3"}],"replies":[{"embeddable":true,"href":"https:\/\/www.europesays.com\/it\/wp-json\/wp\/v2\/comments?post=349744"}],"version-history":[{"count":0,"href":"https:\/\/www.europesays.com\/it\/wp-json\/wp\/v2\/posts\/349744\/revisions"}],"wp:featuredmedia":[{"embeddable":true,"href":"https:\/\/www.europesays.com\/it\/wp-json\/wp\/v2\/media\/349745"}],"wp:attachment":[{"href":"https:\/\/www.europesays.com\/it\/wp-json\/wp\/v2\/media?parent=349744"}],"wp:term":[{"taxonomy":"category","embeddable":true,"href":"https:\/\/www.europesays.com\/it\/wp-json\/wp\/v2\/categories?post=349744"},{"taxonomy":"post_tag","embeddable":true,"href":"https:\/\/www.europesays.com\/it\/wp-json\/wp\/v2\/tags?post=349744"}],"curies":[{"name":"wp","href":"https:\/\/api.w.org\/{rel}","templated":true}]}}