{"id":349842,"date":"2026-02-12T10:42:10","date_gmt":"2026-02-12T10:42:10","guid":{"rendered":"https:\/\/www.europesays.com\/it\/349842\/"},"modified":"2026-02-12T10:42:10","modified_gmt":"2026-02-12T10:42:10","slug":"ztl-chiusa-anche-alle-auto-elettriche-mille-euro-per-circolare-in-centro-a-roma-e-strisce-blu-a-pagamento-per-i-veicoli-mild-hybrid","status":"publish","type":"post","link":"https:\/\/www.europesays.com\/it\/349842\/","title":{"rendered":"Ztl chiusa anche alle auto elettriche: mille euro per circolare in centro a Roma. E strisce blu a pagamento per i veicoli \u00abmild hybrid\u00bb"},"content":{"rendered":"<p>    di<br \/>\n    Andrea Arzilli<\/p>\n<p class=\"summary-art is-line-h-12\">La rivoluzione nella mobilit\u00e0 \u00e8 contenuta in due provvedimenti di indirizzo che, entro febbraio, planeranno sul tavolo della giunta capitolina per segnare un ulteriore giro di vite alla mobilit\u00e0 della Capitale<\/p>\n<p class=\"chapter-paragraph\"><b>Mille euro per entrare in Centro<\/b> anche se lo si fa su un\u2019auto<b> totalmente elettrica<\/b>. E, in tutta la citt\u00e0, sosta<b> non pi\u00f9 gratuita per le macchine \u00abmild-hybrid\u00bb<\/b>. Tutto contenuto in due provvedimenti di indirizzo che, entro febbraio, planeranno sul tavolo della <a href=\"https:\/\/roma.corriere.it\/notizie\/cronaca\/26_febbraio_12\/nuova-mobilita-l-assessore-patane-dal-2021-al-2025-aumento-del-300-delle-auto-esentate-flusso-da-limitare-e8241dfd-8055-4470-96a7-6295383b9xlk.shtml\" title=\"Nuova mobilit\u00e0, l&#039;assessore Patan\u00e8: \u00abDal 2021 al 2025 aumento del 300% delle auto esentate. Flusso da limitare\u00bb\" rel=\"nofollow noopener\" target=\"_blank\">giunta capitolina<\/a> per segnare un ulteriore <b>giro di vite alla mobilit\u00e0 della Capitale<\/b>.\u00a0<\/p>\n<p class=\"chapter-paragraph\">La seconda piccola-grande rivoluzione per la Ztl Centro storico dopo<b><a href=\"https:\/\/roma.corriere.it\/notizie\/cronaca\/26_febbraio_11\/zona-30-a-roma-da-lunedi-16-febbraio-si-comincia-davvero-ma-gli-incidenti-per-ora-aumentano-e7b28eaf-40e9-41a2-8df6-f870cf71dxlk.shtml\" rel=\"nofollow noopener\" target=\"_blank\"> l\u2019introduzione dei limiti di velocit\u00e0 legati alla \u00abZona 30\u00bb<\/a><\/b>, svolte che tra gli obiettivi ne hanno uno in comune: <b>svuotare il Centro dal traffico delle auto private<\/b>, anche quelle che non inquinano, per liberarlo al transito dei pedoni, dei mezzi pubblici e dei veicoli della mobilit\u00e0 dolce, come bici e monopattini.    &#13;<br \/>\n&#13;<br \/>\n&#13;<br \/>\n&#13;<br \/>\n&#13;<br \/>\n&#13;<br \/>\n&#13;<br \/>\n&#13;<br \/>\n&#13;<br \/>\n&#13;<br \/>\n&#13;<br \/>\n&#13;<br \/>\n&#13;<br \/>\n&#13;<br \/>\n&#13;<br \/>\n&#13;<br \/>\n&#13;<br \/>\n&#13;<br \/>\n&#13;<br \/>\n&#13;<br \/>\n&#13;<br \/>\n&#13;<br \/>\n&#13;<br \/>\n&#13;<br \/>\n&#13;<br \/>\n&#13;<br \/>\n&#13;<br \/>\n&#13;<br \/>\n&#13;<br \/>\n&#13;<br \/>\n&#13;<br \/>\n&#13;<br \/>\n&#13;<br \/>\n&#13;<br \/>\n&#13;<br \/>\n&#13;<br \/>\n&#13;<br \/>\n&#13;<br \/>\n&#13;<br \/>\n&#13;<br \/>\n&#13;<br \/>\n&#13;<br \/>\n&#13;<br \/>\n&#13;<br \/>\n&#13;<br \/>\n&#13;<br \/>\n&#13;<br \/>\n&#13;<br \/>\n&#13;<br \/>\n&#13;<br \/>\n&#13;<br \/>\n&#13;<br \/>\n&#13;\n<\/p>\n<p>    Accesso gratuito solo per residenti (e altre categorie)<\/p>\n<p class=\"chapter-paragraph\">Fatto sta che, se finora chi aveva l\u2019auto totalmente elettrica aveva la possibilit\u00e0 di <b>attraversare gratis i varchi della Ztl <\/b>solo in ragione del fatto che il veicolo garantiva <b>zero emissioni<\/b>, tra qualche settimana l\u2019accesso gratuito sar\u00e0 <b>consentito solo a residenti, disabili, rappresentanti di commercio, strutture alberghiere <\/b>ecc.. Per tutti gli altri, veicoli elettrici compresi, si dovr\u00e0 pagare il permesso per l\u2019accesso, tanto che le modalit\u00e0 per la nuova formula sono gi\u00e0 quasi perfezionate. \u00abPer le nuove immatricolazioni il permesso a titolo oneroso sar\u00e0 <b>operativo non appena implementato il nuovo sistema di rilascio<\/b> \u2014 spiega la nota del Campidoglio \u2014. Per gli attuali titolari di autorizzazione gratuita, invece, <b>Roma Servizi per la Mobilit\u00e0<\/b> invier\u00e0 una comunicazione con le modalit\u00e0 e i termini per richiedere il nuovo permesso a pagamento, qualora si intenda mantenere l\u2019accesso alla Ztl\u00bb. Significa, insomma, che il <b>piano \u00e8 gi\u00e0 pi\u00f9 che avviato<\/b>.<\/p>\n<p>    Mille euro del pass per arginare l&#8217;assalto delle \u00abe-car\u00bb<\/p>\n<p class=\"chapter-paragraph\">Rispetto al Permesso X, quello che d\u00e0 titolo a transitare dai varchi a chi non \u00e8 residente <b>previo versamento al Comune i 2 mila euro<\/b> di tariffa annuale, le auto elettriche avranno la possibilit\u00e0 di avere <b>un pass a met\u00e0 prezzo, mille euro appunto<\/b>, oltrech\u00e9 di continuare a <b>parcheggiare liberamente in tutta la citt\u00e0 <\/b>senza il pensiero di fare il biglietto alla colonnina, perch\u00e9 comunque non inquinano. Secondo il Campidoglio \u2014 che, va detto, non pu\u00f2 vietare gli ingressi a nessuno perch\u00e9 a impedirlo c\u2019\u00e8 il Codice della strada \u2014 c\u2019\u00e8 comunque bisogno di <b>porre un argine alle macchine<\/b> che, negli ultimi cinque anni in cui si discute e si dibatte sui possibili stop legati alla Fascia verde, <b>sono sempre pi\u00f9 a batteria<\/b>: \u00e8 necessario quindi contenere l\u2019esplosione delle auto a trazione elettrica che, richieste di permesso registrate da Roma Mobilit\u00e0 alla mano, sono <b>schizzate del 300 per cento<\/b> appena in quattro anni, dalle 21 mila del 2021 alle 75 mila dell\u2019anno scorso.<\/p>\n<p>    Sosta a pagamento per le\u00a0\u00abmild-hybrid\u00bb\u00a0<\/p>\n<p class=\"chapter-paragraph\">\u00a0Solo cos\u00ec, con un <b>\u00abdeterrente\u00bb economico<\/b>, si pu\u00f2 domare l\u2019assalto delle e-car anche se, talvolta, acquistate dai cittadini a peso d\u2019oro proprio per tutte le esenzioni collegate. Ora una di meno, almeno in Centro a Roma.<br \/><b>Resta quella della sosta gratuita negli stalli a pagamento<\/b>, confermata ovunque in citt\u00e0. Modalit\u00e0 che invece <b>scompare per una speciale classe di auto ibride, le\u00a0\u00ab<a href=\"https:\/\/www.corriere.it\/motori\/cards\/ibrido-si-ma-quale-ecco-tutte-soluzioni-possibili-quale-scegliere-mild-hybrid-full-hybrid-o-plug-in\/tutti-pazzi-l-ibrido_principale.shtml\" title=\"Ibrido s\u00ec, ma quale? Ecco tutte le soluzioni possibili e quale scegliere: mild hybrid, full hybrid o plug-in\" rel=\"nofollow noopener\" target=\"_blank\">mild-Hybrid<\/a><\/b>\u00bb, come da secondo provvedimento firmato dall\u2019<b>assessore alla Mobilit\u00e0 Eugenio Patan\u00e8<\/b>. L\u2019atto, infatti, prevede la \u00abrevisione della disciplina di gratuit\u00e0 della sosta nelle aree tariffate per i veicoli ibridi, attualmente prevista dalla Deliberazione di Giunta Capitolina n. 257\/2008 \u2014 spiega ancora la nota del Comune, introducendo la <b>sosta a pagamento per i veicoli mild-hybrid<\/b>\u00bb.\u00a0<\/p>\n<p>    Resta gratuito il parcheggio per le\u00a0\u00absorelle\u00bb ibride<\/p>\n<p class=\"chapter-paragraph\">Il cambio<b> non riguarda i residenti<\/b> che potranno continuare a parcheggiare gratis sotto casa. Tutti gli altri, cio\u00e8 chi ha una ibrida \u00abmild\u00bb e vorr\u00e0 usufruire di uno stallo blu in una zona lontana da dove abita, dovranno aguzzare la vista per trovare una colonnina e fare il biglietto. <b>\u00c8 mantenuta l\u2019esenzione del ticket, invece, per i veicoli \u00abfull hybrid\u00bb e \u00abplug in hybrid\u00bb<\/b>, a pagina 3 spieghiamo la differenza. Ma solo perch\u00e9 le \u00abmild\u00bb sono di pi\u00f9 in circolazione e <b>producono pi\u00f9 smog delle \u00absorelle\u00bb ibride dato che\u00a0<\/b>hanno un apporto elettrico solo \u00abmarginale\u00bb. Il provvedimento \u00absi \u00e8 reso necessario per tutelare la <b>funzione delle strisce blu<\/b>, che non servono solo a limitare la mobilit\u00e0 privata ma soprattutto a garantire la rotazione della sosta e una maggiore possibilit\u00e0 di trovare parcheggio\u00bb, dice il Campidoglio. Vuol dire, in pratica, che facendo pagare il biglietto alla maggioranza delle auto ibride,<b> si andr\u00e0 a garantire pi\u00f9 ricambio e pi\u00f9 possibilit\u00e0 di trovare uno stallo libero<\/b>. A pagamento, ovvio.<\/p>\n<p class=\"is-mr-t-20 is-mr-b-20\"><b><br \/>\n                    <a href=\"https:\/\/roma.corriere.it\/?intcmp=Notizielocali_nd_010623_corriere_ss_roma\" target=\"_blank\" rel=\"nofollow noopener\">Vai a tutte le notizie di Roma<\/a><br \/>\n            <\/b><\/p>\n<p class=\"chapter-paragraph\"><b><a href=\"https:\/\/www.corriere.it\/newsletter\/?theme=52&amp;intcmp=NL-artic_nd_050624_corriere_ss_roma\" target=\"_blank\" rel=\"nofollow noopener\">Iscriviti alla newsletter di Corriere Roma<\/a><\/b><\/p>\n<p class=\"is-last-update\" datetime=\"2026-02-12T11:03:11+01:00\">12 febbraio 2026 ( modifica il 12 febbraio 2026 | 11:03)<\/p>\n<p class=\"is-copyright\">\n            \u00a9 RIPRODUZIONE RISERVATA\n        <\/p>\n","protected":false},"excerpt":{"rendered":"di Andrea Arzilli La rivoluzione nella mobilit\u00e0 \u00e8 contenuta in due provvedimenti di indirizzo che, entro febbraio, planeranno&hellip;\n","protected":false},"author":3,"featured_media":349843,"comment_status":"","ping_status":"","sticky":false,"template":"","format":"standard","meta":{"footnotes":"","_share_on_mastodon":"0"},"categories":[172],"tags":[2748,203160,178,2201,580,203161,2765,181,14473,203162,203163,17960,14807,177,13579,392,26518,203164,203165,14554,104,194376,203166,393,1365,203167,27010,18435,3882,177545,203168,724,1595,203169,1541,203159,74137,31379,77243,118701,1537,90,89,77242,77244,61,32101,8588,2164,7844,6857,7901,16243,987,17462,5186,16558,96312],"class_list":["post-349842","post","type-post","status-publish","format-standard","has-post-thumbnail","category-affari","tag-accesso","tag-accesso-gratuito","tag-affari","tag-appena","tag-assalto","tag-assalto-car","tag-auto","tag-auto-elettriche","tag-auto-ibride","tag-auto-totalmente","tag-auto-totalmente-elettrica","tag-biglietto","tag-blu","tag-business","tag-campidoglio","tag-capitale","tag-capitolina","tag-capitolina-segnare","tag-capitolina-segnare-giro","tag-car","tag-centro","tag-centro-roma","tag-colonnina","tag-comune","tag-continuare","tag-continuare-parcheggiare","tag-elettrica","tag-elettriche","tag-entro","tag-entro-febbraio","tag-entro-febbraio-planeranno","tag-euro","tag-febbraio","tag-febbraio-planeranno","tag-giunta","tag-giunta-capitolina","tag-gratuita","tag-gratuito","tag-hybrid","tag-ibride","tag-it","tag-italia","tag-italy","tag-mild","tag-mild-hybrid","tag-mille","tag-mille-euro","tag-mobilita","tag-modalita","tag-pagamento","tag-permesso","tag-possibilita","tag-residenti","tag-roma","tag-sosta","tag-trovare","tag-veicoli","tag-ztl"],"share_on_mastodon":{"url":"","error":"Validation failed: Text character limit of 500 exceeded"},"_links":{"self":[{"href":"https:\/\/www.europesays.com\/it\/wp-json\/wp\/v2\/posts\/349842","targetHints":{"allow":["GET"]}}],"collection":[{"href":"https:\/\/www.europesays.com\/it\/wp-json\/wp\/v2\/posts"}],"about":[{"href":"https:\/\/www.europesays.com\/it\/wp-json\/wp\/v2\/types\/post"}],"author":[{"embeddable":true,"href":"https:\/\/www.europesays.com\/it\/wp-json\/wp\/v2\/users\/3"}],"replies":[{"embeddable":true,"href":"https:\/\/www.europesays.com\/it\/wp-json\/wp\/v2\/comments?post=349842"}],"version-history":[{"count":0,"href":"https:\/\/www.europesays.com\/it\/wp-json\/wp\/v2\/posts\/349842\/revisions"}],"wp:featuredmedia":[{"embeddable":true,"href":"https:\/\/www.europesays.com\/it\/wp-json\/wp\/v2\/media\/349843"}],"wp:attachment":[{"href":"https:\/\/www.europesays.com\/it\/wp-json\/wp\/v2\/media?parent=349842"}],"wp:term":[{"taxonomy":"category","embeddable":true,"href":"https:\/\/www.europesays.com\/it\/wp-json\/wp\/v2\/categories?post=349842"},{"taxonomy":"post_tag","embeddable":true,"href":"https:\/\/www.europesays.com\/it\/wp-json\/wp\/v2\/tags?post=349842"}],"curies":[{"name":"wp","href":"https:\/\/api.w.org\/{rel}","templated":true}]}}