{"id":349932,"date":"2026-02-12T12:15:16","date_gmt":"2026-02-12T12:15:16","guid":{"rendered":"https:\/\/www.europesays.com\/it\/349932\/"},"modified":"2026-02-12T12:15:16","modified_gmt":"2026-02-12T12:15:16","slug":"mbh-bank-progetto-solido-a-lungo-termine-nel-2026-proviamo-ad-arrivare-in-top-30","status":"publish","type":"post","link":"https:\/\/www.europesays.com\/it\/349932\/","title":{"rendered":"\u00abMBH BANK PROGETTO SOLIDO A LUNGO TERMINE, NEL 2026 PROVIAMO AD ARRIVARE IN TOP-30\u00bb"},"content":{"rendered":"<p>            <a class=\"category\" href=\"https:\/\/www.tuttobiciweb.it\/articles\/category\/TUTTOBICI\" itemprop=\"about\" rel=\"nofollow noopener\" target=\"_blank\">TUTTOBICI<\/a> | 12\/02\/2026 | 08:45<br \/>\n            <a class=\"author\" href=\"https:\/\/www.tuttobiciweb.it\/articles\/author\/Nicol%C3%B2%20Vallone\" rel=\"nofollow noopener\" target=\"_blank\">di Nicol\u00f2 Vallone<\/a><\/p>\n<p>Sar\u00e0 la maturit\u00e0 innata, sar\u00e0 una vita passata vicino al padre Beppe, fatto sta che Davide Martinelli, pur essendo il pi\u00f9 giovane dei direttori sportivi della MBH Bank CSB Telecom Fort, ama metterci la faccia (e la voce) per raccontare con lucida fermezza la squadra italo-magiara. Interpellato dal nostro Carlo Malvestio <a href=\"https:\/\/www.tuttobiciweb.it\/article\/2026\/02\/06\/1770398160\/mbh-bank-csb-squadra-2026-presentazione-budapest-ungheria\" target=\"_blank\" rel=\"noopener nofollow\">durante la presentazione del team<\/a> a Budapest, &#8220;Martino junior&#8221; ha spiegato criteri, appuntamenti e obiettivi del calendario 2026 e della costruzione dell&#8217;organico per questa prima annata da Professional. Oltre a un accenno finale su se stesso in ammiraglia e il rapporto con l&#8217;illustre pap\u00e0.\n            <\/p>\n<p><strong>Oltre a Martinelli, protagonisti della puntata numero 309 di BlaBlaBike sono (in apertura) Fausto Masnada, poi Gilberto Simoni e Filippo Ganna<\/strong>\n            <\/p>\n<p style=\"box-sizing: border-box; margin: 0px 0px 1.25rem; padding: 0px; font-family: 'Helvetica Neue', 'Libre Franklin', Arial, sans-serif; font-size: 16px; line-height: 1.6; text-rendering: optimizelegibility; color: #222222; caret-color: #222222;\">Per ascoltare il podcast\u00a0<a href=\"https:\/\/www.tuttobicitech.it\/podcast_list\" style=\"box-sizing: border-box; color: #008cba; line-height: inherit; text-decoration-line: none; background-color: transparent; cursor: pointer; outline: 0px; font-style: italic;\" rel=\"nofollow noopener\" target=\"_blank\">CLICCA QUI<\/a>\u00a0o corri sul nostro canale\u00a0<a href=\"https:\/\/open.spotify.com\/show\/6XPKxFmNqBP0BAw4w9LiUs\" target=\"_blank\" rel=\"noopener noreferrer nofollow\" data-auth=\"NotApplicable\" style=\"box-sizing: border-box; color: #008cba; line-height: inherit; text-decoration-line: none; background-color: transparent; cursor: pointer; outline: 0px; font-style: italic;\">Spotify<\/a>.<br style=\"box-sizing: border-box;\"\/>Se non hai mai provato e non sai come fare, allora schiaccia il tasto qui sotto:\u00a0\u00e8 facile!\u00a0<\/p>\n<p style=\"box-sizing: border-box; margin: 0px 0px 1.25rem; padding: 0px; font-family: 'Helvetica Neue', 'Libre Franklin', Arial, sans-serif; font-size: 16px; line-height: 1.6; text-rendering: optimizelegibility; color: #222222; caret-color: #222222;\"><a href=\"https:\/\/www.tuttobicitech.it\/podcast_list\" style=\"box-sizing: border-box; color: #008cba; line-height: inherit; text-decoration-line: none; background-color: transparent;\" rel=\"nofollow noopener\" target=\"_blank\"><img loading=\"lazy\" decoding=\"async\" src=\"https:\/\/www.europesays.com\/it\/wp-content\/uploads\/2025\/07\/6030f31cb769014526340eb2.png\" alt=\"\" width=\"316\" height=\"286\" style=\"box-sizing: border-box; max-width: 100%; height: auto; display: inline-block; vertical-align: middle; border: none;\"\/><\/a><\/p>\n<p>Copyright &amp;copy TBW<\/p>\n","protected":false},"excerpt":{"rendered":"TUTTOBICI | 12\/02\/2026 | 08:45 di Nicol\u00f2 Vallone Sar\u00e0 la maturit\u00e0 innata, sar\u00e0 una vita passata vicino al&hellip;\n","protected":false},"author":3,"featured_media":349933,"comment_status":"","ping_status":"","sticky":false,"template":"","format":"standard","meta":{"footnotes":"","_share_on_mastodon":"0"},"categories":[1456],"tags":[5505,12933,1824,1825,132853,47040,1537,90,89,128915,2300,245,244],"class_list":["post-349932","post","type-post","status-publish","format-standard","has-post-thumbnail","category-ciclismo","tag-blablabike","tag-budapest","tag-ciclismo","tag-cycling","tag-davide-martinelli","tag-direttore-sportivo","tag-it","tag-italia","tag-italy","tag-mbh-bank","tag-podcast","tag-sport","tag-sports"],"share_on_mastodon":{"url":"https:\/\/pubeurope.com\/@it\/116057612248341167","error":""},"_links":{"self":[{"href":"https:\/\/www.europesays.com\/it\/wp-json\/wp\/v2\/posts\/349932","targetHints":{"allow":["GET"]}}],"collection":[{"href":"https:\/\/www.europesays.com\/it\/wp-json\/wp\/v2\/posts"}],"about":[{"href":"https:\/\/www.europesays.com\/it\/wp-json\/wp\/v2\/types\/post"}],"author":[{"embeddable":true,"href":"https:\/\/www.europesays.com\/it\/wp-json\/wp\/v2\/users\/3"}],"replies":[{"embeddable":true,"href":"https:\/\/www.europesays.com\/it\/wp-json\/wp\/v2\/comments?post=349932"}],"version-history":[{"count":0,"href":"https:\/\/www.europesays.com\/it\/wp-json\/wp\/v2\/posts\/349932\/revisions"}],"wp:featuredmedia":[{"embeddable":true,"href":"https:\/\/www.europesays.com\/it\/wp-json\/wp\/v2\/media\/349933"}],"wp:attachment":[{"href":"https:\/\/www.europesays.com\/it\/wp-json\/wp\/v2\/media?parent=349932"}],"wp:term":[{"taxonomy":"category","embeddable":true,"href":"https:\/\/www.europesays.com\/it\/wp-json\/wp\/v2\/categories?post=349932"},{"taxonomy":"post_tag","embeddable":true,"href":"https:\/\/www.europesays.com\/it\/wp-json\/wp\/v2\/tags?post=349932"}],"curies":[{"name":"wp","href":"https:\/\/api.w.org\/{rel}","templated":true}]}}