{"id":350876,"date":"2026-02-13T03:11:11","date_gmt":"2026-02-13T03:11:11","guid":{"rendered":"https:\/\/www.europesays.com\/it\/350876\/"},"modified":"2026-02-13T03:11:11","modified_gmt":"2026-02-13T03:11:11","slug":"biasin-smentisce-questa-notizia-di-mercato-sullinter-nulla-di-concreto","status":"publish","type":"post","link":"https:\/\/www.europesays.com\/it\/350876\/","title":{"rendered":"Biasin smentisce questa notizia di mercato sull&#8217;Inter: &#8220;Nulla di concreto&#8221;"},"content":{"rendered":"<p>Fabrizio Biasin, giornalista, intervenuto a Cronache di Spogliatoio, ha smentito cos\u00ec la notizia in merito al mercato dell&#8217;Inter<\/p>\n<p>Nelle ultime settimane si \u00e8 vociferato di un possibile approdo <a href=\"https:\/\/www.fcinter1908.it\/calciomercato\/mercato-inter\/da-torino-confermano-inter-ce-su-mckennie-a-zero-ma-spalletti-ne-caldeggia-la-conferma\/\" rel=\"nofollow noopener\" target=\"_blank\">all&#8217;Inter di <strong>Weston McKennie<\/strong><\/a>, centrocampista della Juventus che per\u00f2 ha il contratto in scadenza alla fine di questa stagione.<\/p>\n<p>Ma <strong>Fabrizio Biasin<\/strong>, giornalista, intervenuto a Cronache di Spogliatoio, ha smentito cos\u00ec la notizia: &#8220;Non mi risulta, no no: mi sembra la classica notizia prima di un confronto importante.<\/p>\n<p>Non credo ci sia nulla di concreto, credo che la Juve stia ragionando e ci riuscir\u00e0 a prolungare il contratto: se proprio non dovesse rinnovare, sar\u00e0 perch\u00e9 ha voglia di andare in MLS ad esempio. Ma credo che alla fine rester\u00e0 alla Juve&#8221;.<\/p>\n<p class=\"is-copyright\">\u00a9 RIPRODUZIONE RISERVATA<\/p>\n","protected":false},"excerpt":{"rendered":"Fabrizio Biasin, giornalista, intervenuto a Cronache di Spogliatoio, ha smentito cos\u00ec la notizia in merito al mercato dell&#8217;Inter&hellip;\n","protected":false},"author":3,"featured_media":350877,"comment_status":"","ping_status":"","sticky":false,"template":"","format":"standard","meta":{"footnotes":"","_share_on_mastodon":"0"},"categories":[1452],"tags":[10107,10109,203767,721,2570,6693,1367,1740,350,1537,90,89,4509,1739,245,244],"class_list":["post-350876","post","type-post","status-publish","format-standard","has-post-thumbnail","category-calcio","tag-biasin","tag-biasin-giornalista","tag-biasin-giornalista-intervenuto","tag-calcio","tag-concreto","tag-contratto","tag-credo","tag-football","tag-inter","tag-it","tag-italia","tag-italy","tag-notizia","tag-soccer","tag-sport","tag-sports"],"share_on_mastodon":{"url":"https:\/\/pubeurope.com\/@it\/116061135430040803","error":""},"_links":{"self":[{"href":"https:\/\/www.europesays.com\/it\/wp-json\/wp\/v2\/posts\/350876","targetHints":{"allow":["GET"]}}],"collection":[{"href":"https:\/\/www.europesays.com\/it\/wp-json\/wp\/v2\/posts"}],"about":[{"href":"https:\/\/www.europesays.com\/it\/wp-json\/wp\/v2\/types\/post"}],"author":[{"embeddable":true,"href":"https:\/\/www.europesays.com\/it\/wp-json\/wp\/v2\/users\/3"}],"replies":[{"embeddable":true,"href":"https:\/\/www.europesays.com\/it\/wp-json\/wp\/v2\/comments?post=350876"}],"version-history":[{"count":0,"href":"https:\/\/www.europesays.com\/it\/wp-json\/wp\/v2\/posts\/350876\/revisions"}],"wp:featuredmedia":[{"embeddable":true,"href":"https:\/\/www.europesays.com\/it\/wp-json\/wp\/v2\/media\/350877"}],"wp:attachment":[{"href":"https:\/\/www.europesays.com\/it\/wp-json\/wp\/v2\/media?parent=350876"}],"wp:term":[{"taxonomy":"category","embeddable":true,"href":"https:\/\/www.europesays.com\/it\/wp-json\/wp\/v2\/categories?post=350876"},{"taxonomy":"post_tag","embeddable":true,"href":"https:\/\/www.europesays.com\/it\/wp-json\/wp\/v2\/tags?post=350876"}],"curies":[{"name":"wp","href":"https:\/\/api.w.org\/{rel}","templated":true}]}}