{"id":351484,"date":"2026-02-13T13:26:12","date_gmt":"2026-02-13T13:26:12","guid":{"rendered":"https:\/\/www.europesays.com\/it\/351484\/"},"modified":"2026-02-13T13:26:12","modified_gmt":"2026-02-13T13:26:12","slug":"lavia-ho-vissuto-5-mesi-difficili-in-coppa-italia-sono-rinato","status":"publish","type":"post","link":"https:\/\/www.europesays.com\/it\/351484\/","title":{"rendered":"Lavia: &#8220;Ho vissuto 5 mesi difficili. In Coppa Italia sono rinato&#8221;"},"content":{"rendered":"<p>                                Dall\u2019infortunio alla mano destra rimediato con la Nazionale al rientro, lo schiacciatore dell&#8217;Itas Trentino si racconta. Ed \u00e8 pronto a sfidare Perugia e Verona<\/p>\n<p>            <a class=\"image is-50x50\" href=\"https:\/\/www.gazzetta.it\/redazione\/davide-romani\/\" rel=\"nofollow noopener\" target=\"_blank\"><br \/>\n                <img decoding=\"async\" class=\"is-rounded\" src=\"https:\/\/www.europesays.com\/it\/wp-content\/uploads\/2026\/01\/davide_romani_avatar.png\" alt=\"Davide Romani\"\/><br \/>\n            <\/a><\/p>\n<p>Giornalista<\/p>\n<p>                    13 febbraio &#8211; 12:19  &#8211; MILANO<\/p>\n<p class=\"paragraph\" spellcheck=\"true\">&#8220;Tornare in campo \u00e8 stata un\u2019emozione incredibile&#8221;. Daniele Lavia ha riassunto cos\u00ec la due giorni di Bologna. Alle Final Four di Coppa Italia lo schiacciatore \u00e8 tornato dopo un <a href=\"https:\/\/www.gazzetta.it\/Volley\/06-11-2025\/volley-seconda-operazione-per-daniele-lavia-il-rientro-con-trento-si-allontana.shtml\" rel=\"nofollow noopener\" target=\"_blank\">lungo stop per infortunio<\/a>. Il 23 agosto, durante una <a href=\"https:\/\/www.gazzetta.it\/Volley\/28-08-2025\/volley-dopo-l-incidente-di-lavia-la-difesa-della-federazione.shtml\" rel=\"nofollow noopener\" target=\"_blank\">seduta pesi in maglia azzurra<\/a> ha subito la frattura scomposta del quarto e quinto dito della mano destra. Dopo 168 giorni, il 25enne \u00e8 tornato a disposizione. Al momento solo in seconda linea ma l\u2019obiettivo \u00e8 quello di rivederlo attaccare per la fase finale della stagione con il club: tra Superlega e Champions League.\u00a0<\/p>\n<p>            <img loading=\"lazy\" decoding=\"async\" width=\"255\" height=\"199\" alt=\"Le parole di Daniele Lavia al termine della vittoria per 3-0 dell'Italvolley sulla Francia nella semifinale dell'Europeo\" src=\"https:\/\/dimages2.gazzettaobjects.it\/files\/image_640_499\/uploads\/2023\/09\/14\/650382bb68f3c.jpeg\" data-full-src=\"https:\/\/www.europesays.com\/it\/wp-content\/uploads\/2026\/02\/650382bb68f3c.jpeg\"\/><\/p>\n<p>            Daniele Lavia<\/p>\n<p>            Schiacciatore<\/p>\n<p>            A Trento\u00a0ha vinto due scudetti (2023 e 2025), una Champions (2024)  e una Supercoppa (2021).\u00a0In Nazionale ha vinto  il Mondiale 2022<\/p>\n<p class=\"paragraph\" spellcheck=\"true\"><b>Lavia, cos\u2019ha provato quando il tecnico Mendez l\u2019ha chiamata per entrare in campo?\u00a0<\/b><\/p>\n<p class=\"paragraph\" spellcheck=\"true\">&#8220;\u00c8 stato particolare tornare a vivere certe sensazioni davanti a quasi 10000 persone. Mi sono tremate le gambe. Sono stati 5 mesi che mi hanno fortificato&#8221;.\u00a0<\/p>\n<p class=\"paragraph\" spellcheck=\"true\"><b>Qual \u00e8 stato il momento pi\u00f9 difficile di questi mesi?\u00a0<\/b><\/p>\n<p class=\"paragraph\" spellcheck=\"true\">&#8220;I giorni del Mondiale. Non potevo condividere l\u2019esperienza con i miei compagni. Ma allo stesso tempo mi ha permesso di capire molte cose&#8221;.\u00a0<\/p>\n<p class=\"paragraph\" spellcheck=\"true\">&#8220;Ho percepito la vicinanza di molte persone. Amici, colleghi, dirigenti. E poi i miei compagni di Nazionale hanno portato la mia maglia sul podio del Mondiale&#8221;.\u00a0<\/p>\n<p class=\"paragraph\" spellcheck=\"true\"><b>Non ha mai avuto paura di non rientrare?\u00a0<\/b><\/p>\n<p class=\"paragraph\" spellcheck=\"true\">&#8220;No e quando il dottore mi ha detto che potevo tornare al 100% non ho pi\u00f9 pensato ad altro: rientrare al meglio delle mie possibilit\u00e0. E cos\u00ec ho iniziato a focalizzarmi sul recupero. Quando si rientra da un infortunio si lavora ancora di pi\u00f9 rispetto a quando ci si allena normalmente. Ho fatto ore e ore di sedute con il fisioterapista&#8221;.\u00a0<\/p>\n<p class=\"paragraph\" spellcheck=\"true\"><b>A che punto \u00e8 con il recupero?\u00a0<\/b><\/p>\n<p class=\"paragraph\" spellcheck=\"true\">&#8220;Non lo so. Non dipende solo dalla mano ma ci sono tante altre variabili. Va ritrovata la condizione fisica, va riabituata la spalla. Insomma, \u00e8 un insieme di cose ma c\u2019\u00e8 ottimismo&#8221;.\u00a0<\/p>\n<p class=\"paragraph\" spellcheck=\"true\"><b>La voglia di attaccare per\u00f2 non l\u2019ha persa. A Bologna dopo ogni ricezione la si vedeva proporsi con la rincorsa da seconda linea\u2026\u00a0<\/b><\/p>\n<p class=\"paragraph\" spellcheck=\"true\">&#8220;Io ci provavo. Ho pensato: \u201cmagari Sbertoli me la alza\u201d (ride, ndr). Per ora va bene cos\u00ec, mi basta essere tornato in gruppo&#8221;.\u00a0<\/p>\n<p class=\"paragraph\" spellcheck=\"true\"><b>Dopo la due giorni di Bologna che idee si \u00e8 fatta di Perugia e Verona, le avversarie per lo scudetto?\u00a0<\/b><\/p>\n<p class=\"paragraph\" spellcheck=\"true\">&#8220;La Sir non la scopro certo io. \u00c8 cambiata poco rispetto all\u2019anno scorso quando ha vinto la Champions e in questa prima parte di stagione ha messo in bacheca il Mondiale per club. La Rana rispetto alla scorsa stagione \u00e8 cresciuta molto, con colpi di mercato importanti. L\u2019arrivo di Christenson \u00e8 notevole: ho giocato con lui a Modena e conosco il suo valore. \u00c8 uno dei migliori al mondo nel suo ruolo. Sono due squadre molto forti, ben attrezzate. Ma noi non siamo da meno&#8221;.\u00a0<\/p>\n<p class=\"text\">Quando si rientra da un infortunio si lavora ancora di pi\u00f9 rispetto a quando ci si allena normalmente&#8221;<\/p>\n<p>Daniele Lavia<\/p>\n<p class=\"paragraph\" spellcheck=\"true\"><b>Lei \u00e8 uno dei senatori del gruppo azzurro. Cosa pensa della possibilit\u00e0 di vedere Keita vestire la maglia azzurra?\u00a0<\/b><\/p>\n<p><a class=\"is-partner-link\" href=\"https:\/\/abbonamenti.gazzetta.it\/calciatori-panini-2025\/?pwcmp_promo_panini_cta&amp;forceBrowser=true\" rel=\"nofollow noopener\" target=\"_blank\">Gazzetta digital + Box Panini + Album a soli 80\u20ac, il modo pi\u00f9 veloce e conveniente per completare la collezione!<\/a><\/p>\n<p class=\"paragraph\" spellcheck=\"true\">&#8220;Ha dimostrato di essere un giocatore molto forte e in maglia azzurra potrebbe aiutarci in tanti contesti. Se lui ama l\u2019Italia e si sente di diventare italiano, noi lo accoglieremo senza problemi&#8221;.<\/p>\n<p class=\"is-copyright\">\u00a9 RIPRODUZIONE RISERVATA<\/p>\n","protected":false},"excerpt":{"rendered":"Dall\u2019infortunio alla mano destra rimediato con la Nazionale al rientro, lo schiacciatore dell&#8217;Itas Trentino si racconta. Ed \u00e8&hellip;\n","protected":false},"author":3,"featured_media":351485,"comment_status":"","ping_status":"","sticky":false,"template":"","format":"standard","meta":{"footnotes":"","_share_on_mastodon":"0"},"categories":[1474],"tags":[26857,3187,586,921,1969,554,4021,4297,5006,122,3177,9067,204126,4302,2885,1537,90,89,25047,4781,2219,62487,962,53914,5983,1353,23,4056,204127,7901,1270,245,244,577,1899,1994,1869],"class_list":["post-351484","post","type-post","status-publish","format-standard","has-post-thumbnail","category-volley","tag-attaccare","tag-azzurra","tag-bologna","tag-campo","tag-champions","tag-club","tag-compagni","tag-coppa","tag-coppa-italia","tag-cose","tag-destra","tag-emozione","tag-emozione-incredibile","tag-incredibile","tag-infortunio","tag-it","tag-italia","tag-italy","tag-lavia","tag-linea","tag-maglia","tag-maglia-azzurra","tag-mano","tag-mano-destra","tag-molte","tag-mondiale","tag-pensato","tag-perugia","tag-perugia-verona","tag-possibilita","tag-rispetto","tag-sport","tag-sports","tag-stagione","tag-tornare","tag-tornato","tag-volley"],"share_on_mastodon":{"url":"https:\/\/pubeurope.com\/@it\/116063553931238388","error":""},"_links":{"self":[{"href":"https:\/\/www.europesays.com\/it\/wp-json\/wp\/v2\/posts\/351484","targetHints":{"allow":["GET"]}}],"collection":[{"href":"https:\/\/www.europesays.com\/it\/wp-json\/wp\/v2\/posts"}],"about":[{"href":"https:\/\/www.europesays.com\/it\/wp-json\/wp\/v2\/types\/post"}],"author":[{"embeddable":true,"href":"https:\/\/www.europesays.com\/it\/wp-json\/wp\/v2\/users\/3"}],"replies":[{"embeddable":true,"href":"https:\/\/www.europesays.com\/it\/wp-json\/wp\/v2\/comments?post=351484"}],"version-history":[{"count":0,"href":"https:\/\/www.europesays.com\/it\/wp-json\/wp\/v2\/posts\/351484\/revisions"}],"wp:featuredmedia":[{"embeddable":true,"href":"https:\/\/www.europesays.com\/it\/wp-json\/wp\/v2\/media\/351485"}],"wp:attachment":[{"href":"https:\/\/www.europesays.com\/it\/wp-json\/wp\/v2\/media?parent=351484"}],"wp:term":[{"taxonomy":"category","embeddable":true,"href":"https:\/\/www.europesays.com\/it\/wp-json\/wp\/v2\/categories?post=351484"},{"taxonomy":"post_tag","embeddable":true,"href":"https:\/\/www.europesays.com\/it\/wp-json\/wp\/v2\/tags?post=351484"}],"curies":[{"name":"wp","href":"https:\/\/api.w.org\/{rel}","templated":true}]}}