{"id":351553,"date":"2026-02-13T14:14:16","date_gmt":"2026-02-13T14:14:16","guid":{"rendered":"https:\/\/www.europesays.com\/it\/351553\/"},"modified":"2026-02-13T14:14:16","modified_gmt":"2026-02-13T14:14:16","slug":"vi-lascio-qui-in-33-anni-di-lavoro-mai-capitata-una-cosa-del-genere","status":"publish","type":"post","link":"https:\/\/www.europesays.com\/it\/351553\/","title":{"rendered":"\u00abVi lascio qui. In 33 anni di lavoro mai capitata una cosa del genere\u00bb"},"content":{"rendered":"<p><strong><a href=\"https:\/\/www.ilmessaggero.it\/t\/conegliano\" rel=\"nofollow noopener\" target=\"_blank\">CONEGLIANO<\/a><\/strong> (TREVISO) &#8211;\u00a0Scolaresca in <strong><a href=\"https:\/\/www.ilmessaggero.it\/t\/gita\" rel=\"nofollow noopener\" target=\"_blank\">gita<\/a><\/strong> a <strong><a href=\"https:\/\/www.ilmessaggero.it\/t\/praga\" rel=\"nofollow noopener\" target=\"_blank\">Praga<\/a><\/strong> scatenata a far baldoria, senza sosta per tutta la notte. Con il risultato che ieri mattina l&#8217;autista del pullman della nota ditta Autoservizi Battistuzzi snc non era nelle condizioni di guidare per portare i ragazzi in visita alla capitale della Repubblica Ceca.<\/p>\n<p>\u00abIn trentatr\u00e9 anni di lavoro non mi era mai capitata una cosa del genere \u2013 \u00e8 il commento del titolare Vito Battistuzzi &#8211; Tant&#8217;\u00e8 che, vista la gravit\u00e0 della cosa, ho ordinato al nostro autista di non mettersi al volante per non porre a rischio l&#8217;incolumit\u00e0 dei 74 passeggeri. La scolaresca, che mi risulta essere una classe di un istituto superiore del padovano ieri \u00e8 andata in giro a piedi per Praga\u00bb.<\/p>\n<p> Le garanzie <\/p>\n<p>Vito Battistuzzi ha preteso dagli insegnanti garanzia che gli studenti si sarebbero comportati in modo adeguato nella notte fra mercoled\u00ec e gioved\u00ec, in modo che oggi, gioved\u00ec, alle 7, l&#8217;autista potesse rimettersi alla guida per rientrare in Italia. In caso contrario avrebbe fatto rientrare vuoto il pullman da Praga.<\/p>\n<p>\u00abFatico a capacitarmi di quanto \u00e8 accaduto. A chiamarmi alle 8.30 \u00e8 stato uno degli insegnanti. Dicendomi che il nostro autista non era in grado di condurre il mezzo e dunque di portare la scolaresca in giro per la citt\u00e0, secondo quanto era stato prefissato, perch\u00e9 stanchissimo non avendo chiuso occhio tutta la notte. Alla mia domanda di cosa fosse accaduto, il docente mi ha risposto che i ragazzi si erano divertiti, avevano fatto baraonda, con chiasso e disastri vari, non vi dico le condizioni in cui hanno ridotto il pullman. Erano tutti nello stesso albergo e nessuno era riuscito a dormire.<\/p>\n<p>A quel punto ho chiamato il nostro autista che mi ha confermato tutta la vicenda. Ho cos\u00ec contattato l&#8217;agenzia che aveva commissionato il viaggio, pretendendo la conferma che la notte seguente sarebbero stati tranquilli. In caso contrario avrei fatto rientrare il nostro pullman vuoto e che provvedessero pure in altro modo. Intanto hanno dovuto visitare Praga a piedi. Il commento del docente \u00e8 stato: ma sono ragazzi, si devono sfogare. No signori, non ci siamo, a partire dal pullman ridotto ad un immondezzaio\u00bb.<\/p>\n<p>Segnalazione alla stradale <\/p>\n<p>La ditta Battistuzzi raramente si occupa di gite scolastiche. \u00abOrmai non le facciamo pi\u00f9 \u2013 conferma il titolare \u2013 perch\u00e9\u00a0non vogliamo perdere i nostri autisti. In questo caso di Praga abbiamo dato supporto a un&#8217;altra azienda di trasporto, il loro autista si era ammalato, cos\u00ec abbiamo mandato uno dei nostri\u00bb.<\/p>\n<p>Il fatto \u00e8 anche stato segnalato alla polizia stradale nel caso ritenga di disporre dei controlli una volta che il pullman sar\u00e0 in territorio italiano.<\/p>\n<p>&#13;<br \/>\n                                \u00a9 RIPRODUZIONE RISERVATA&#13;<\/p>\n<p>&#13;<\/p>\n<p>\n                            Il punto sui temi di attualit\u00e0, ogni luned\u00ec<br \/>\n                            <b>Iscriviti<\/b> e ricevi le notizie via email\n                        <\/p>\n","protected":false},"excerpt":{"rendered":"CONEGLIANO (TREVISO) &#8211;\u00a0Scolaresca in gita a Praga scatenata a far baldoria, senza sosta per tutta la notte. Con&hellip;\n","protected":false},"author":3,"featured_media":351554,"comment_status":"","ping_status":"","sticky":false,"template":"","format":"standard","meta":{"footnotes":"","_share_on_mastodon":"0"},"categories":[6],"tags":[14,20974,8,1537,90,89,7,15,82,9,83,10,71989,13,243,11,80,84,12,81,85],"class_list":["post-351553","post","type-post","status-publish","format-standard","has-post-thumbnail","category-ultime-notizie","tag-cronaca","tag-gita","tag-headlines","tag-it","tag-italia","tag-italy","tag-news","tag-notizie","tag-notizie-di-cronaca","tag-notizie-principali","tag-notiziedicronaca","tag-notizieprincipali","tag-praga","tag-titoli","tag-ultima-ora","tag-ultime-notizie","tag-ultime-notizie-di-cronaca","tag-ultime-notizie-e-news-di-oggi","tag-ultimenotizie","tag-ultimenotiziedicronaca","tag-ultimenotizieenewsdioggi"],"share_on_mastodon":{"url":"https:\/\/pubeurope.com\/@it\/116063742340839784","error":""},"_links":{"self":[{"href":"https:\/\/www.europesays.com\/it\/wp-json\/wp\/v2\/posts\/351553","targetHints":{"allow":["GET"]}}],"collection":[{"href":"https:\/\/www.europesays.com\/it\/wp-json\/wp\/v2\/posts"}],"about":[{"href":"https:\/\/www.europesays.com\/it\/wp-json\/wp\/v2\/types\/post"}],"author":[{"embeddable":true,"href":"https:\/\/www.europesays.com\/it\/wp-json\/wp\/v2\/users\/3"}],"replies":[{"embeddable":true,"href":"https:\/\/www.europesays.com\/it\/wp-json\/wp\/v2\/comments?post=351553"}],"version-history":[{"count":0,"href":"https:\/\/www.europesays.com\/it\/wp-json\/wp\/v2\/posts\/351553\/revisions"}],"wp:featuredmedia":[{"embeddable":true,"href":"https:\/\/www.europesays.com\/it\/wp-json\/wp\/v2\/media\/351554"}],"wp:attachment":[{"href":"https:\/\/www.europesays.com\/it\/wp-json\/wp\/v2\/media?parent=351553"}],"wp:term":[{"taxonomy":"category","embeddable":true,"href":"https:\/\/www.europesays.com\/it\/wp-json\/wp\/v2\/categories?post=351553"},{"taxonomy":"post_tag","embeddable":true,"href":"https:\/\/www.europesays.com\/it\/wp-json\/wp\/v2\/tags?post=351553"}],"curies":[{"name":"wp","href":"https:\/\/api.w.org\/{rel}","templated":true}]}}