{"id":351820,"date":"2026-02-13T18:07:11","date_gmt":"2026-02-13T18:07:11","guid":{"rendered":"https:\/\/www.europesays.com\/it\/351820\/"},"modified":"2026-02-13T18:07:11","modified_gmt":"2026-02-13T18:07:11","slug":"disastro-louvre-allagate-alcune-stanze-con-capolavori-italiani-affresco-ottocentesco-pesantemente-danneggiato","status":"publish","type":"post","link":"https:\/\/www.europesays.com\/it\/351820\/","title":{"rendered":"Disastro Louvre, allagate alcune stanze con capolavori italiani: affresco ottocentesco pesantemente danneggiato"},"content":{"rendered":"<p>    di<br \/>\n    Redazione Online<\/p>\n<p class=\"summary-art is-line-h-12\">La rottura della tubatura della caldaia ha danneggiato il soffitto della stanza 707 affrescata nel 1819 dal pittore Charles Meynier. Fermata una banda che aveva frodato al museo 10 milioni sui biglietti<\/p>\n<p class=\"chapter-paragraph\">Dal rocambolesco furto del 19 ottobre (quando sparirono<a href=\"https:\/\/www.corriere.it\/esteri\/25_novembre_02\/furto-louvre-password-arresti-gioielli-21d2d2b3-d4d6-4fbd-960e-cbadc8ab2xlk.shtml\" title=\"Furto al Louvre, la password (scontata) delle telecamere e il mistero sulla sorte dei gioielli: \u00abDue dei sospetti sono una coppia con figli\u00bb\" rel=\"nofollow noopener\" target=\"_blank\"> 88 milioni di euro in gioielli<\/a>), <b>per il Louvre sembra non esserci pace<\/b>. Il museo pi\u00f9 visitato al mondo \u00e8 intrappolato in un tunnel del quale non riesce a intravedere l&#8217;uscita, con le disavventure che arrivano una dietro l&#8217;altra, e dopo gli scioperi a oltranza del personale e la frode sui biglietti, <b>ora ci si mette anche l&#8217;acqua a creare problemi<\/b>.<\/p>\n<p class=\"chapter-paragraph\">La notte scorsa alcune sale con opere del XV e XVI secolo sono state <b>chiuse ai visitatori a causa di un allagamento<\/b>. A quanto riferito da Bfm, la perdita \u00e8 dovuta alla <b>rottura di una tubatura ai piani superiori con l&#8217;acqua che ha raggiunte le stanze 706 e 707<\/b>, che sono state interdette al pubblico, dove sono <b>conservate opere come &#8220;Il calvario con San Domenico in preghiera&#8221; del Beato Angelico e &#8220;Il cristo benedicente&#8221; di Bernardino Luini<\/b>.\u00a0    &#13;<br \/>\n&#13;<br \/>\n&#13;<br \/>\n&#13;<br \/>\n&#13;<br \/>\n&#13;<br \/>\n&#13;<br \/>\n&#13;<br \/>\n&#13;<br \/>\n&#13;<br \/>\n&#13;<br \/>\n&#13;<br \/>\n&#13;<br \/>\n&#13;<br \/>\n&#13;<br \/>\n&#13;<br \/>\n&#13;<br \/>\n&#13;<br \/>\n&#13;<br \/>\n&#13;<br \/>\n&#13;<br \/>\n&#13;<br \/>\n&#13;<br \/>\n&#13;<br \/>\n&#13;<br \/>\n&#13;<br \/>\n&#13;<br \/>\n&#13;<br \/>\n&#13;<br \/>\n&#13;<br \/>\n&#13;<br \/>\n&#13;<br \/>\n&#13;<br \/>\n&#13;<br \/>\n&#13;<br \/>\n&#13;<br \/>\n&#13;<br \/>\n&#13;<br \/>\n&#13;<br \/>\n&#13;<br \/>\n&#13;<br \/>\n&#13;<br \/>\n&#13;<br \/>\n&#13;<br \/>\n&#13;<br \/>\n&#13;<br \/>\n&#13;<br \/>\n&#13;<br \/>\n&#13;<br \/>\n&#13;<br \/>\n&#13;<br \/>\n&#13;<br \/>\n&#13;\n<\/p>\n<p class=\"chapter-paragraph\">Il soffitto<b> ottocentesco realizzato dal pittore Chalres Meynier nel 1819, un affresco\u00a0<\/b>intitolato \u00abIl trionfo della pittura francese, apoteosi di Poussin, Le Sueur e Le Brun\u00bb, <b>\u00e8 stato pesantemente danneggiato<\/b>\u00a0<b\/>e dunque la chiusura al momento \u00e8 a tempo indeterminato, come conferma la direzione del museo: \u00abQuesta notte, alle 23.30, una perdita d&#8217;acqua, proveniente da un tubo di alimentazione della caldaia, in un locale tecnico, ha causato danni al soffitto della sala 707, all&#8217;ingresso del dipartimento dei dipinti, nell&#8217;ala Denon. I pompieri &#8211; aggiunge la direzione del museo &#8211; sono immediatamente intervenuti e la perdita \u00e8 stata fermata a mezzanotte e dieci\u00bb.\u00a0<\/p>\n<p class=\"chapter-paragraph\"><b>\u00c8 la seconda volta in pochi mesi che si verificano disastrose perdite d&#8217;acqua al Louvre<\/b>: a novembre si era allagata la Biblioteca delle Antichit\u00e0 Egizie e diversi documenti e opere furono danneggiati e sempre a novembre erano state chiuse una galleria di antichit\u00e0 greche e diversi uffici per la fragilit\u00e0 strutturale di alcune travi su uno dei lati del cosiddetto quadrilatero Sully.\u00a0<\/p>\n<p>    La frode da 10 milioni sui biglietti<\/p>\n<p class=\"chapter-paragraph\">L&#8217;ennesimo disastro, quello dell&#8217;allagamento, che giunge a un solo giorno dall&#8217;annuncio dello stesso museo di\u00a0essere stato <b>oggetto di un&#8217;operazione di polizia che ha smantellato una rete\u00a0di frode sui biglietti\u00a0<\/b>\u00abdi ampia portata\u00bb <b>costata almeno 10 milioni di euro<\/b>.<\/p>\n<p class=\"chapter-paragraph\">L&#8217;operazione, che \u00e8 avvenuta in seguito a una \u00absegnalazioni del Louvre\u00bb, ha precisato un portavoce del museo, ha portato <b>all&#8217;arresto di nove persone tra le quali \u00abci sono anche due dipendenti del Louvre<\/b>, guide turistiche, nonch\u00e9 una persona sospettata di aver organizzato la rete\u00bb.\u00a0<\/p>\n<p class=\"chapter-paragraph\">Le indagini sono iniziate nel dicembre 2024 dopo che il Louvre aveva segnalato la \u00abfrequente presenza al museo di una coppia di guide cinesi, che facevano entrare <b>fino a 20 gruppi di turisti connazionali al giorno riutilizzando pi\u00f9 volte gli stessi biglietti<\/b> per persone diverse\u00bb. Il Louvre stima cos\u00ec il danno subito in oltre 10 milioni di euro <b>nel corso di un periodo di una decina di anni<\/b>. Sarebbero stati sequestrati 957mila euro in contanti, di cui 67mila euro in valuta estera, e 486mila euro su diversi conti bancari, ma la procura ritiene che i sospettati abbiano investito buona parte del ricavato della frode in immobili \u00absia in Francia che a Dubai\u00bb.\u00a0<\/p>\n<p>    Gli scioperi da met\u00e0 dicembre<\/p>\n<p class=\"chapter-paragraph\">E se non bastassero i furti, gli allagamenti e le frodi,<b> il Louvre non si fa mancare nemmeno le difficolt\u00e0 dovute agli scioperi<\/b> dei lavoratori che protestano contro \u00abcondizioni di lavoro sempre pi\u00f9 degradate\u00bb e \u00abmezzi insufficienti\u00bb.\u00a0<\/p>\n<p class=\"chapter-paragraph\"><b>Da met\u00e0 dicembre, il Louvre \u00e8 rimasto completamente chiuso per ben quattro volte<\/b> e, a giorni alterni, alcune sale non sono accessibili. Christian Galani, rappresentante sindacale della Cgt, <b>denuncia un \u00abclima di sfiducia interna, rafforzatosi negli ultimi mesi\u00bb:<\/b> ancora la scorsa settimana oltre 300 dipendenti si sono riuniti in assemblea generale, e hanno votato all&#8217;unanimit\u00e0 per <b>proseguire<\/b> <a href=\"https:\/\/www.corriere.it\/esteri\/25_dicembre_08\/louvre-dal-15-dicembre-personale-in-sciopero-ad-oltranza-edificio-degradato-e-siamo-troppo-pochi-0a03d593-3333-421a-9bab-829610b2bxlk.shtml\" title=\"https:\/\/www.corriere.it\/esteri\/25_dicembre_08\/louvre-dal-15-dicembre-personale-in-sciopero-ad-oltranza-edificio-degradato-e-siamo-troppo-pochi-0a03d593-3333-421a-9bab-829610b2bxlk.shtml\" rel=\"nofollow noopener\" target=\"_blank\">lo sciopero indetto il 15 dicembre<\/a>. \u00abManca un impegno concreto\u00bb per quanto riguarda il riallineamento degli stipendi di alcuni dipendenti, ha dichiarava Galani. Impegno che invece \u00e8 stato ottenuto per il personale addetto all&#8217;accoglienza e alla sicurezza.\u00a0<\/p>\n<p class=\"is-last-update\" datetime=\"2026-02-13T16:48:28+01:00\">13 febbraio 2026<\/p>\n<p class=\"is-copyright\">\n            \u00a9 RIPRODUZIONE RISERVATA\n        <\/p>\n","protected":false},"excerpt":{"rendered":"di Redazione Online La rottura della tubatura della caldaia ha danneggiato il soffitto della stanza 707 affrescata nel&hellip;\n","protected":false},"author":3,"featured_media":351821,"comment_status":"","ping_status":"","sticky":false,"template":"","format":"standard","meta":{"footnotes":"","_share_on_mastodon":"0"},"categories":[1446],"tags":[412,80192,3960,70837,70646,204417,1615,1613,1614,1611,1610,11439,15089,7527,77483,1612,1888,204418,2588,274,204419,10150,2391,203,724,56108,48834,204416,204420,4325,1167,204,1537,90,89,14877,3334,115509,204421,3943,4476,7030,811,731,204422,9891,858,41344,204423,4109,2518,29066,69475],"class_list":["post-351820","post","type-post","status-publish","format-standard","has-post-thumbnail","category-arte-e-design","tag-acqua","tag-affresco","tag-alcune","tag-alcune-sale","tag-allagamento","tag-antichita","tag-arte","tag-arte-e-design","tag-arteedesign","tag-arts","tag-arts-and-design","tag-biglietti","tag-caldaia","tag-chiuse","tag-danneggiato","tag-design","tag-dicembre","tag-dicembre-louvre","tag-dipendenti","tag-direzione","tag-direzione-museo","tag-disastro","tag-diversi","tag-entertainment","tag-euro","tag-fermata","tag-frode","tag-frode-biglietti","tag-galani","tag-guide","tag-impegno","tag-intrattenimento","tag-it","tag-italia","tag-italy","tag-louvre","tag-meta","tag-meta-dicembre","tag-meynier","tag-museo","tag-notte","tag-novembre","tag-operazione","tag-opere","tag-ottocentesco","tag-perdita","tag-personale","tag-pesantemente","tag-pesantemente-danneggiato","tag-pittore","tag-rete","tag-scioperi","tag-soffitto"],"share_on_mastodon":{"url":"","error":"Validation failed: Text character limit of 500 exceeded"},"_links":{"self":[{"href":"https:\/\/www.europesays.com\/it\/wp-json\/wp\/v2\/posts\/351820","targetHints":{"allow":["GET"]}}],"collection":[{"href":"https:\/\/www.europesays.com\/it\/wp-json\/wp\/v2\/posts"}],"about":[{"href":"https:\/\/www.europesays.com\/it\/wp-json\/wp\/v2\/types\/post"}],"author":[{"embeddable":true,"href":"https:\/\/www.europesays.com\/it\/wp-json\/wp\/v2\/users\/3"}],"replies":[{"embeddable":true,"href":"https:\/\/www.europesays.com\/it\/wp-json\/wp\/v2\/comments?post=351820"}],"version-history":[{"count":0,"href":"https:\/\/www.europesays.com\/it\/wp-json\/wp\/v2\/posts\/351820\/revisions"}],"wp:featuredmedia":[{"embeddable":true,"href":"https:\/\/www.europesays.com\/it\/wp-json\/wp\/v2\/media\/351821"}],"wp:attachment":[{"href":"https:\/\/www.europesays.com\/it\/wp-json\/wp\/v2\/media?parent=351820"}],"wp:term":[{"taxonomy":"category","embeddable":true,"href":"https:\/\/www.europesays.com\/it\/wp-json\/wp\/v2\/categories?post=351820"},{"taxonomy":"post_tag","embeddable":true,"href":"https:\/\/www.europesays.com\/it\/wp-json\/wp\/v2\/tags?post=351820"}],"curies":[{"name":"wp","href":"https:\/\/api.w.org\/{rel}","templated":true}]}}