{"id":352113,"date":"2026-02-13T22:46:10","date_gmt":"2026-02-13T22:46:10","guid":{"rendered":"https:\/\/www.europesays.com\/it\/352113\/"},"modified":"2026-02-13T22:46:10","modified_gmt":"2026-02-13T22:46:10","slug":"che-auto-guida-stefano-de-martino-icone-depoca-e-suv-per-il-re-di-affari-tuoi","status":"publish","type":"post","link":"https:\/\/www.europesays.com\/it\/352113\/","title":{"rendered":"Che auto guida Stefano De Martino, icone d&#8217;epoca e SUV per il re di Affari tuoi"},"content":{"rendered":"<p>Dalle coreografie di Amici al trono di Rai 1 con Affari tuoi, <strong>Stefano De Martino<\/strong> \u00e8 maturato sotto ogni punto di vista: le auto la dicono lunga e non mentono. La sua carriera ha seguito una traiettoria di costante crescita professionale, con il passaggio repentino (e inaspettato) dal ballo alla conduzione, mentre in garage si consumava il passaggio dall\u2019esuberanza giovanile a modelli raffinati nel gusto, di ieri e di oggi.\n<\/p>\n<p>L\u2019eleganza ibrida Lexus<\/p>\n<p>Era il 2022 quando Stefano De Martino compiva il suo ingresso nell\u2019universo <strong>Lexus<\/strong>. Un\u2019investitura, quella di ambassador, apparsa fin da subito naturale. Il brand premium del gruppo <a href=\"https:\/\/www.virgilio.it\/motori\/dati-statistiche\/record-mondiale-toyota-gamma\/314692\/\" rel=\"nofollow noopener\" target=\"_blank\">Toyota<\/a> aveva in mente qualcuno in grado di trasmettere un linguaggio fresco e odierno, efficace davanti a un pubblico ampio e variegato. Con buona pace dei puristi, il costruttore nipponico ha fatto incursione nell\u2019ambiente dello spettacolo e, invece di soffermarsi su professionisti dalla lunga esperienza, ha trovato la persona giusta in un \u201cguaglione\u201d napoletano.<\/p>\n<blockquote class=\"instagram-media\" data-instgrm-captioned=\"\" data-instgrm-permalink=\"https:\/\/www.instagram.com\/p\/DOJTYJfirbL\/?utm_source=ig_embed&amp;utm_campaign=loading\" data-instgrm-version=\"14\" style=\" background:#FFF; border:0; border-radius:3px; box-shadow:0 0 1px 0 rgba(0,0,0,0.5),0 1px 10px 0 rgba(0,0,0,0.15); margin: 1px; max-width:100%; min-width:326px; padding:0; width:99.375%; width:-webkit-calc(100% - 2px); width:calc(100% - 2px);\"\/>\n<p>Del resto, \u00e8 risaputo quanto il 36enne si trovi a suo agio tra il design affilato e i dettagli artigianali, in questo caso degli Sport Utility giapponesi. A una Casa storica, che ha progettato alcune tra le <a href=\"https:\/\/www.virgilio.it\/motori\/auto\/marche-auto-affidabili-classifica-gennaio-2026\/313871\/\" rel=\"nofollow noopener\" target=\"_blank\">auto pi\u00f9 affidabili<\/a> in circolazione, non poteva che giovare un tocco di rinnovamento, attraverso un artista abile a conquistare i telespettatori un passo (e una marcia) alla volta.<\/p>\n<p>Nel quotidiano, il conduttore \u00e8 stato spesso visto al volante dei <a href=\"https:\/\/www.virgilio.it\/motori\/auto\/suv-compatti-usati-20mila-euro-2026\/316384\/\" rel=\"nofollow noopener\" target=\"_blank\">SUV<\/a> ibridi della gamma, come la <strong>Lexus NX<\/strong> o la pi\u00f9 compatta <strong>UX<\/strong>. Vetture rappresentanti il connubio tra l\u2019attenzione alla sostenibilit\u00e0 ambientale (grazie alla tecnologia full hybrid) e un\u2019estetica accattivante, ai limiti del futuristico, che ben si amalgama con l\u2019immagine moderna e dinamica di De Martino.<\/p>\n<p>Fiat 600 Jolly Ghia: quanto vale la \u201cSpiaggina\u201d<\/p>\n<p>In Stefano convive un duplice interesse. A giudicare dagli scatti sui social, nutre infatti anche un debole per le icone intramontabili, dall\u2019inconfondibile profumo di \u201cDolce Vita\u201d. Il pezzo forte? Una<strong> Fiat 600 Jolly Ghia<\/strong>, color azzurro mare, una \u201cspiaggina\u201d degli anni \u201950, pezzo raro sul versante collezionistico.<\/p>\n<p>Nata dal genio di Gianni Agnelli \u2014 che la voleva comoda da scaricare dallo yacht per scorrazzare in porto \u2014 oggi appassionati di mezzo mondo farebbero carte false pur di averla, priva di portiere, con sedili in vimini intrecciato e un tettuccio in tela sfrangiata che grida vacanze in Costa Smeralda. C\u2019\u00e8 poco di cui stupirsi dunque se, per un esemplare perfetto come quello nel garage del presentatore di \u201cMamma Rai\u201d, il valore sfonda tranquillamente i <strong>100.000 euro<\/strong>.<\/p>\n<p>La vettura \u201coff-road\u201d del conduttore di Affari tuoi<\/p>\n<p>Impegni di lavoro permettendo, Stefano De Martino non esita a concedersi delle entusiasmanti gite fuori porta, meglio ancora se a bordo di un\u2019auto attrezzata a dovere: il <strong>Land Rover Defender 110<\/strong>, \u00e8 una scelta tutta sostanza. La versione a passo lungo dell&#8217;\u201danimale da fuoristrada\u201d offre spazio in abbondanza e un assetto meccanico di prim\u2019ordine per dare sfogo ai propri istinti. Lontano dall\u2019asfalto perfetto, un po\u2019 di sana libert\u00e0 pu\u00f2 essere il toccasana necessario per ricaricare le batterie e tornare negli studi TV pi\u00f9 carichi che mai, sfoggiando quel sorriso contagioso diventato ormai un marchio di fabbrica.<\/p>\n<p>\t<script async src=\"\/\/www.instagram.com\/embed.js\"><\/script><\/p>\n","protected":false},"excerpt":{"rendered":"Dalle coreografie di Amici al trono di Rai 1 con Affari tuoi, Stefano De Martino \u00e8 maturato sotto&hellip;\n","protected":false},"author":3,"featured_media":352114,"comment_status":"","ping_status":"","sticky":false,"template":"","format":"standard","meta":{"footnotes":"","_share_on_mastodon":"0"},"categories":[173],"tags":[1679,1537,90,89,44019,195,198,199,197,200,201,11114,194,196],"class_list":["post-352113","post","type-post","status-publish","format-standard","has-post-thumbnail","category-scienza-e-tecnologia","tag-curiosita","tag-it","tag-italia","tag-italy","tag-lexus","tag-science","tag-science-and-technology","tag-scienceandtechnology","tag-scienza","tag-scienza-e-tecnologia","tag-scienzaetecnologia","tag-suv","tag-technology","tag-tecnologia"],"share_on_mastodon":{"url":"","error":""},"_links":{"self":[{"href":"https:\/\/www.europesays.com\/it\/wp-json\/wp\/v2\/posts\/352113","targetHints":{"allow":["GET"]}}],"collection":[{"href":"https:\/\/www.europesays.com\/it\/wp-json\/wp\/v2\/posts"}],"about":[{"href":"https:\/\/www.europesays.com\/it\/wp-json\/wp\/v2\/types\/post"}],"author":[{"embeddable":true,"href":"https:\/\/www.europesays.com\/it\/wp-json\/wp\/v2\/users\/3"}],"replies":[{"embeddable":true,"href":"https:\/\/www.europesays.com\/it\/wp-json\/wp\/v2\/comments?post=352113"}],"version-history":[{"count":0,"href":"https:\/\/www.europesays.com\/it\/wp-json\/wp\/v2\/posts\/352113\/revisions"}],"wp:featuredmedia":[{"embeddable":true,"href":"https:\/\/www.europesays.com\/it\/wp-json\/wp\/v2\/media\/352114"}],"wp:attachment":[{"href":"https:\/\/www.europesays.com\/it\/wp-json\/wp\/v2\/media?parent=352113"}],"wp:term":[{"taxonomy":"category","embeddable":true,"href":"https:\/\/www.europesays.com\/it\/wp-json\/wp\/v2\/categories?post=352113"},{"taxonomy":"post_tag","embeddable":true,"href":"https:\/\/www.europesays.com\/it\/wp-json\/wp\/v2\/tags?post=352113"}],"curies":[{"name":"wp","href":"https:\/\/api.w.org\/{rel}","templated":true}]}}