{"id":352331,"date":"2026-02-14T02:47:09","date_gmt":"2026-02-14T02:47:09","guid":{"rendered":"https:\/\/www.europesays.com\/it\/352331\/"},"modified":"2026-02-14T02:47:09","modified_gmt":"2026-02-14T02:47:09","slug":"pisa-milan-1-2-modric-la-risolve-nel-finale-i-rossoneri-non-mollano-la-lotta-scudetto","status":"publish","type":"post","link":"https:\/\/www.europesays.com\/it\/352331\/","title":{"rendered":"Pisa-Milan 1-2, Modric la risolve nel finale: i rossoneri non mollano la lotta scudetto"},"content":{"rendered":"<p>    di<br \/>\n    Carlos Passerini, inviato a Pisa<\/p>\n<p class=\"summary-art is-line-h-12\">Loftus Cheek porta avanti la squadra di Allegri che poi si fa raggiungere nella ripresa da Loyola. Del croato la zampata vincente<\/p>\n<p class=\"chapter-paragraph\"><b>Modric <\/b>l\u2019acchiappasogni. Se il Diavolo \u00e8 ancora vivo, se \u00e8 ancora in corsa per lo scudetto, se a 14 partite dalla fine pu\u00f2 ancora giocarsela per la seconda stella, lo deve al suo immenso fuoriclasse. Minuto 85\u2019, il <b>Pisa <\/b>ha da poco pareggiato con <b>Loyola <\/b>l\u2019illusorio vantaggio di <b>Loftus-Cheek<\/b> nel primo tempo, dopo che sull\u20191-0 <b>Fullkrug <\/b>aveva sciupato il calcio di rigore che avrebbe chiuso i conti. L\u2019Arena Garibaldi ribolle e accarezza l\u2019impresa, la partita sembra incanalata verso un pareggio che manderebbe in frantumi le speranze rossonere di restare in scia all\u2019Inter nel lungo derby scudetto. Fino a quando il quarantenne croato inventa dal nulla la rete che vale il nuovo sorpasso, avviando l\u2019azione, duettando con <b>Ricci <\/b>e chiudendola con un tocco morbido alle spalle di <b>Nicolas<\/b>, proprio sotto il settore dei suoi tifosi. A 40 anni e 157 giorni \u00e8 il terzo giocatore pi\u00f9 vecchio a segnare in serie A dopo Costacurta (41 anni e 25 giorni) e Ibrahimovic (41 anni e 166 giorni).<\/p>\n<p class=\"chapter-paragraph\">Un gol che vale oro: <b>l\u2019Inter torna distante 5 punti. <\/b>Mercoled\u00ec i rossoneri recupereranno la sfida col <b>Como<\/b>, poi ci saranno <b>Parma <\/b>e <b>Cremonese<\/b>, prima del faccia a faccia con i cugini dell\u20198 marzo: tutto \u00e8 ancora aperto. Attenzione per\u00f2 al tab\u00f9 piccole, che sembra ancora lontano dall\u2019essere spezzato: anche ieri, troppa fatica.  L\u2019impressione \u00e8 che sia una questione tattica, non solo mentale. Ci sono per\u00f2 due statistiche che raccontano gi\u00e0 di una stagione ad altissimo livello: il 23\u00b0 risultato utile consecutivo che vale la striscia pi\u00f9 lunga d\u2019Europa, i 53 punti in classifica, le zero sconfitte in trasferte come solo il <b>Bayern Monaco.<\/b>    &#13;<br \/>\n&#13;<br \/>\n&#13;<br \/>\n&#13;<br \/>\n&#13;<br \/>\n&#13;<br \/>\n&#13;<br \/>\n&#13;<br \/>\n&#13;<br \/>\n&#13;<br \/>\n&#13;<br \/>\n&#13;<br \/>\n&#13;<br \/>\n&#13;<br \/>\n&#13;<br \/>\n&#13;<br \/>\n&#13;<br \/>\n&#13;<br \/>\n&#13;<br \/>\n&#13;<br \/>\n&#13;<br \/>\n&#13;<br \/>\n&#13;<br \/>\n&#13;<br \/>\n&#13;<br \/>\n&#13;<br \/>\n&#13;<br \/>\n&#13;<br \/>\n&#13;<br \/>\n&#13;<br \/>\n&#13;<br \/>\n&#13;<br \/>\n&#13;<br \/>\n&#13;<br \/>\n&#13;<br \/>\n&#13;<br \/>\n&#13;<br \/>\n&#13;<br \/>\n&#13;<br \/>\n&#13;<br \/>\n&#13;<br \/>\n&#13;<br \/>\n&#13;<br \/>\n&#13;<br \/>\n&#13;<br \/>\n&#13;<br \/>\n&#13;<br \/>\n&#13;<br \/>\n&#13;<br \/>\n&#13;<br \/>\n&#13;<br \/>\n&#13;<br \/>\n&#13;\n<\/p>\n<p class=\"chapter-paragraph\">\u00abTutti dobbiamo imparare da <b>Luka<\/b>, ha un\u2019umilit\u00e0 pazzesca, \u00e8 andato a prendersi la vittoria\u00bb ammette <b>Allegri<\/b>. All\u2019Arena Garibaldi, per il tecnico rossonero, \u00e8 stata anche la notte dell\u2019amarcord. Qui ha debuttato in serie A nel 1989 quando vestiva proprio la maglia dei toscani: erano gli anni del <b>Pisa <\/b>di Anconetani, gli anni d\u2019oro del nostro calcio. L\u2019esordio, guarda te il destino, fu proprio contro il <b>Milan<\/b>: fin\u00ec 2-0 per i rossoneri, doppietta di <b>Van Basten<\/b>. Per quanto riguarda il centravanti, Max stavolta si deve arrangiare con quello che ha: <b>Pulisic <\/b>e <b>Leao <\/b>non sono al meglio e vanno in panchina, come <b>Fullkrug <\/b>che \u00e8 ancora alle prese col dito del piede rotto, quindi spazio al redivivo Nkunku insieme a Loftus-Cheek.  Il Pisa \u00e8 con l\u2019acqua alla gola, chiude la classifica e vede da vicino il baratro della serie B. Ma il nuovo allenatore Hiljemark, svedese di 33 anni, crede nella salvezza. La spinta dei 10mila tifosi nerazzurri si sente e rimbomba fino a piazza dei Miracoli, a due passi da qui.<\/p>\n<p class=\"chapter-paragraph\">Il piano dei toscani \u00e8 chiaro: cinque uomini bloccati sulla linea difensiva pi\u00f9 una gabbia su Modric, che infatti fatica a liberare le idee. Gli urlacci di Allegri si sentono fino alla torre pendente: ce l\u2019ha con Fofana, fuori dal gioco. Dopo una parata super di Maignan,  \u00e8 Loftus-Cheek verso la fine del primo tempo a segnare di testa il secondo gol consecutivo. Sembra chiusa, ma il rigore tirato sul palo dal neo entrato Fullkrug  d\u00e0 la carica al Pisa, che trova il  pari \u00e8 con Loyola. Entrano Leao e Pulisic, ma prima dell\u2019espulsione di Rabiot nel recupero per doppio giallo, il secondo dei quali per proteste, a svegliare il Diavolo dall\u2019incubo \u00e8 Modric. L\u2019acchiappasogni.<\/p>\n<p class=\"is-last-update\" datetime=\"2026-02-13T23:29:53+01:00\">13 febbraio 2026 ( modifica il 13 febbraio 2026 | 23:29)<\/p>\n<p class=\"is-copyright\">\n            \u00a9 RIPRODUZIONE RISERVATA\n        <\/p>\n","protected":false},"excerpt":{"rendered":"di Carlos Passerini, inviato a Pisa Loftus Cheek porta avanti la squadra di Allegri che poi si fa&hellip;\n","protected":false},"author":3,"featured_media":352332,"comment_status":"","ping_status":"","sticky":false,"template":"","format":"standard","meta":{"footnotes":"","_share_on_mastodon":"0"},"categories":[176],"tags":[23825,204746,204747,204744,204748,3076,5295,165012,721,13197,1932,59622,7917,8001,2882,154169,66691,1976,350,1537,90,89,8007,13198,13199,204743,553,5904,204745,3206,3124,13196,1292,3242,3094,6072,17114,1821,245,244,6035,4706],"class_list":["post-352331","post","type-post","status-publish","format-standard","has-post-thumbnail","category-sport","tag-accarezza","tag-accarezza-impresa","tag-accarezza-impresa-partita","tag-acchiappasogni","tag-acchiappasogni-diavolo","tag-allegri","tag-arena","tag-arena-garibaldi","tag-calcio","tag-cheek","tag-classifica","tag-consecutivo","tag-croato","tag-diavolo","tag-fatica","tag-fullkrug","tag-garibaldi","tag-gol","tag-inter","tag-it","tag-italia","tag-italy","tag-leao","tag-loftus","tag-loftus-cheek","tag-loyola","tag-milan","tag-modric","tag-modric-acchiappasogni","tag-oro","tag-pisa","tag-pulisic","tag-punti","tag-rigore","tag-rossoneri","tag-scudetto","tag-segnare","tag-serie","tag-sport","tag-sports","tag-tifosi","tag-toscani"],"share_on_mastodon":{"url":"","error":"Validation failed: Text character limit of 500 exceeded"},"_links":{"self":[{"href":"https:\/\/www.europesays.com\/it\/wp-json\/wp\/v2\/posts\/352331","targetHints":{"allow":["GET"]}}],"collection":[{"href":"https:\/\/www.europesays.com\/it\/wp-json\/wp\/v2\/posts"}],"about":[{"href":"https:\/\/www.europesays.com\/it\/wp-json\/wp\/v2\/types\/post"}],"author":[{"embeddable":true,"href":"https:\/\/www.europesays.com\/it\/wp-json\/wp\/v2\/users\/3"}],"replies":[{"embeddable":true,"href":"https:\/\/www.europesays.com\/it\/wp-json\/wp\/v2\/comments?post=352331"}],"version-history":[{"count":0,"href":"https:\/\/www.europesays.com\/it\/wp-json\/wp\/v2\/posts\/352331\/revisions"}],"wp:featuredmedia":[{"embeddable":true,"href":"https:\/\/www.europesays.com\/it\/wp-json\/wp\/v2\/media\/352332"}],"wp:attachment":[{"href":"https:\/\/www.europesays.com\/it\/wp-json\/wp\/v2\/media?parent=352331"}],"wp:term":[{"taxonomy":"category","embeddable":true,"href":"https:\/\/www.europesays.com\/it\/wp-json\/wp\/v2\/categories?post=352331"},{"taxonomy":"post_tag","embeddable":true,"href":"https:\/\/www.europesays.com\/it\/wp-json\/wp\/v2\/tags?post=352331"}],"curies":[{"name":"wp","href":"https:\/\/api.w.org\/{rel}","templated":true}]}}