{"id":352772,"date":"2026-02-14T10:23:12","date_gmt":"2026-02-14T10:23:12","guid":{"rendered":"https:\/\/www.europesays.com\/it\/352772\/"},"modified":"2026-02-14T10:23:12","modified_gmt":"2026-02-14T10:23:12","slug":"voglio-sapere-quanto-tempo-mi-resta-da-vivere","status":"publish","type":"post","link":"https:\/\/www.europesays.com\/it\/352772\/","title":{"rendered":"\u00abVoglio sapere quanto tempo mi resta da vivere\u00bb"},"content":{"rendered":"<p>\n                            Moda e Tendenze, ogni marted\u00ec<br \/>\n                            <b>Iscriviti<\/b> e ricevi le notizie via email\n                        <\/p>\n<p>\u00abVorrei sapere fino a quando\u2026\u00bb. <a href=\"https:\/\/www.ilmessaggero.it\/t\/gigi-marzullo\" rel=\"nofollow noopener\" target=\"_blank\">Gigi Marzullo<\/a> confessa una certa paura del tempo ospite di <a href=\"https:\/\/www.ilmessaggero.it\/t\/ciao-maschio\" rel=\"nofollow noopener\" target=\"_blank\">Ciao Maschio<\/a>, nella puntata in onda sabato 14 febbraio su Rai 1. Quando <a href=\"https:\/\/www.ilmessaggero.it\/t\/nunzia-de-girolamo\" rel=\"nofollow noopener\" target=\"_blank\">Nunzia De Girolamo<\/a> gli chiede quale sia la curiosit\u00e0 di questo periodo della sua vita, il conduttore racconta un rapporto sempre pi\u00f9 conflittuale con gli anni che passano.<\/p>\n<p>&#13;<br \/>\n    APPROFONDIMENTI&#13;<\/p>\n<p>&#13;<\/p>\n<p>                <a href=\"https:\/\/www.ilmessaggero.it\/persone\/gigi_ross_stasera_tutto_e_possibile_made_in_sud_zelig_ciao_maschio_cosa_hanno_detto-9345767.html\" title=\"Gigi e Ross\" rel=\"nofollow noopener\" target=\"_blank\"><img loading=\"lazy\" decoding=\"async\" src=\"https:\/\/www.europesays.com\/it\/wp-content\/uploads\/2026\/02\/9345767_07184514_onecms_1p0wo2vdex1s6z9wn0p.jpg\" title=\"Gigi e Ross\" width=\"64\" height=\"64\" data-pagespeed-no-transform=\"\"\/><\/a>            <\/p>\n<p>    &#13;<\/p>\n<p>&#13;<\/p>\n<p>                <a href=\"https:\/\/www.ilmessaggero.it\/persone\/enzo_paolo_turchi_genitori_litigavano_sotto_tavolo_paura_buio_restare_solo_senza_luce_carmen_russo_moglie_figlia_ciao_maschio-9345746.html\" title=\"Enzo Paolo Turchi\" rel=\"nofollow noopener\" target=\"_blank\"><img loading=\"lazy\" decoding=\"async\" src=\"https:\/\/www.europesays.com\/it\/wp-content\/uploads\/2026\/02\/9345746_07181911_onecms_1p0wnq72c29xl1rqyhk.jpg\" title=\"Enzo Paolo Turchi\" width=\"64\" height=\"64\" data-pagespeed-no-transform=\"\"\/><\/a>            <\/p>\n<p>    &#13;<\/p>\n<p>    &#13;<\/p>\n<p>Il tempo <\/p>\n<p>Il pensiero nasce da un aneddoto: \u00abEro a cena con un mio amico, un personaggio importante. <\/p>\n<p>Un altro personaggio importante gli ha detto: \u201cPrendi un metro\u201d\u00bb. La metafora diventa subito un calcolo sulla vita che avanza: \u00abUn metro ha cento centimetri, il mio amico ha 81 anni. Quanto pezzo di metro c\u2019\u00e8 ancora da vivere se dovessimo arrivare a 100? Poco, molto poco\u00bb. E ammette: \u00abQuesto mi d\u00e0 moltissimo fastidio. Lasciare questa vita la considero una cosa ingiusta\u00bb. La riflessione si allarga anche al tema spirituale: \u00abQuando incontro arcivescovi, vescovi e preti chiedo: \u201cMa perch\u00e9 Dio ci d\u00e0 la vita e poi ce la toglie?\u201d\u00bb. E racconta la risposta ricevuta: \u00ab\u201cPerch\u00e9 poi ce ne d\u00e0 un\u2019altra\u201d\u00bb. Ma la sua inquietudine resta: \u00abLa mia paura non \u00e8 di morire, bens\u00ec di scoprire che dopo non c\u2019\u00e8 niente\u00bb.I sogni e San Valentino <\/p>\n<p><strong>Marzullo<\/strong> parla poi dei sogni ricorrenti: \u00abUno \u00e8 ricordare i miei genitori, mio fratello e le persone a me care che non ci sono pi\u00f9. Un altro \u00e8 non essermi laureato, di non avere portato a termine gli esami. Comunque mi sono laureato un po\u2019 tardi\u00bb. Infine l\u2019invito per <strong>San Valentino<\/strong>: \u00abVa bene che ogni anno sia il 14 febbraio, ma l\u2019umanit\u00e0 si deve comportare come se si festeggiasse tutti i giorni\u00bb. E, sul confronto tra domande e risposte, chiosa: \u00abDiciamo che le donne sono pi\u00f9 brave a dare le risposte\u2026 Noi siamo meno bravi, per\u00f2 quando un uomo d\u00e0 una risposta, \u00e8 una risposta\u00bb.<\/p>\n<p>&#13;<br \/>\n                            \u00a9 RIPRODUZIONE RISERVATA&#13;<\/p>\n<p>&#13;<\/p>\n","protected":false},"excerpt":{"rendered":"Moda e Tendenze, ogni marted\u00ec Iscriviti e ricevi le notizie via email \u00abVorrei sapere fino a quando\u2026\u00bb. Gigi&hellip;\n","protected":false},"author":3,"featured_media":352773,"comment_status":"","ping_status":"","sticky":false,"template":"","format":"standard","meta":{"footnotes":"","_share_on_mastodon":"0"},"categories":[1444],"tags":[80717,203,90229,204,1537,90,89,26121,60127,3501,253],"class_list":["post-352772","post","type-post","status-publish","format-standard","has-post-thumbnail","category-tv","tag-ciao-maschio","tag-entertainment","tag-gigi-marzullo","tag-intrattenimento","tag-it","tag-italia","tag-italy","tag-marzullo","tag-nunzia-de-girolamo","tag-rai-1","tag-tv"],"share_on_mastodon":{"url":"https:\/\/pubeurope.com\/@it\/116068496499782959","error":""},"_links":{"self":[{"href":"https:\/\/www.europesays.com\/it\/wp-json\/wp\/v2\/posts\/352772","targetHints":{"allow":["GET"]}}],"collection":[{"href":"https:\/\/www.europesays.com\/it\/wp-json\/wp\/v2\/posts"}],"about":[{"href":"https:\/\/www.europesays.com\/it\/wp-json\/wp\/v2\/types\/post"}],"author":[{"embeddable":true,"href":"https:\/\/www.europesays.com\/it\/wp-json\/wp\/v2\/users\/3"}],"replies":[{"embeddable":true,"href":"https:\/\/www.europesays.com\/it\/wp-json\/wp\/v2\/comments?post=352772"}],"version-history":[{"count":0,"href":"https:\/\/www.europesays.com\/it\/wp-json\/wp\/v2\/posts\/352772\/revisions"}],"wp:featuredmedia":[{"embeddable":true,"href":"https:\/\/www.europesays.com\/it\/wp-json\/wp\/v2\/media\/352773"}],"wp:attachment":[{"href":"https:\/\/www.europesays.com\/it\/wp-json\/wp\/v2\/media?parent=352772"}],"wp:term":[{"taxonomy":"category","embeddable":true,"href":"https:\/\/www.europesays.com\/it\/wp-json\/wp\/v2\/categories?post=352772"},{"taxonomy":"post_tag","embeddable":true,"href":"https:\/\/www.europesays.com\/it\/wp-json\/wp\/v2\/tags?post=352772"}],"curies":[{"name":"wp","href":"https:\/\/api.w.org\/{rel}","templated":true}]}}