{"id":352892,"date":"2026-02-14T12:11:13","date_gmt":"2026-02-14T12:11:13","guid":{"rendered":"https:\/\/www.europesays.com\/it\/352892\/"},"modified":"2026-02-14T12:11:13","modified_gmt":"2026-02-14T12:11:13","slug":"ero-il-piu-bello-di-tutti-lele-mora-si-credeva-intoccabile-costanzo-e-de-filippi-ecco-cosa-hanno-fatto","status":"publish","type":"post","link":"https:\/\/www.europesays.com\/it\/352892\/","title":{"rendered":"\u00abEro il pi\u00f9 bello di tutti, Lele Mora si credeva intoccabile. Costanzo e De Filippi? Ecco cosa hanno fatto\u00bb"},"content":{"rendered":"<p>&#13;<br \/>\n                               &#13;<br \/>\n                                                &#13;<br \/>\n                &#13;<\/p>\n<p><strong><a href=\"https:\/\/www.leggo.it\/t\/costantino-vitagliano\" rel=\"nofollow noopener\" target=\"_blank\">Costantino Vitagliano<\/a><\/strong> si racconta a &#8216;<a href=\"https:\/\/www.leggo.it\/t\/ciao-maschio\" rel=\"nofollow noopener\" target=\"_blank\">Ciao Maschio<\/a>&#8216;, ospite di <a href=\"https:\/\/www.leggo.it\/t\/nunzia-de-girolamo\" rel=\"nofollow noopener\" target=\"_blank\">Nunzia De Girolamo<\/a>, nella puntata in onda oggi, sabato 14 febbraio, alle 17.05 su Rai 1. Nel corso dell\u2019intervista, l\u2019ex tronista e protagonista della stagione d\u2019oro della televisione popolare ripercorre la sua infanzia e il desiderio ostinato di affermarsi: \u00abNon sono nato in una famiglia facoltosa, me la sono dovuta guadagnare e questo mi ha reso forte. Volevo arrivare a tutti i costi. Non perch\u00e9 dovevo avere qualcosa, ma perch\u00e9 volevo stare bene. Volevo le cose che vedevo agli altri, ma io non potevo permettermele\u00bb. Un\u2019ambizione che nasce dal bisogno di riscatto: \u00abIo avevo fame. E il modo lo trovi. Dei modi giusti\u00bb. <\/p>\n<p>&#13;<br \/>\n&#13;<\/p>\n<p>Alla domanda diretta di Nunzia De Girolamo \u00abTu dicevi di voler essere il pi\u00f9 bello di tutti. Ci credevi davvero?\u00bb, Costantino risponde senza esitazione: \u00abEh, certo che ci credevo!\u00bb. Poi il capitolo decisivo della sua carriera: l\u2019incontro con <strong>Maurizio Costanzo e Maria De Filippi<\/strong>. \u00abA loro devo tanto. Io sono esploso proprio nelle loro mani. Quando hanno capito che con me si facevano determinati ascolti, hanno spinto sulla macchina. Penso che abbiano visto la fame nei miei occhi. La voglia di fare. Io non mollavo mai\u00bb. <\/p>\n<p>&#13;<br \/>\n&#13;<\/p>\n<p><img decoding=\"async\" alt=\"\" src=\"https:\/\/www.europesays.com\/it\/wp-content\/uploads\/2026\/02\/whatsapp_image_2026_02_14_at_11.02.31_14110421.jpg\"\/><\/p>\n<p>&#13;<br \/>\n&#13;<\/p>\n<p>Il successo per\u00f2 ha avuto un prezzo. Costantino racconta il lato oscuro della sovraesposizione mediatica: \u00abSono arrivato ad avere attacchi di panico, d\u2019ansia. Non volevo pi\u00f9 che nessuno mi chiamasse per nome. Odiavo vedermi appeso dappertutto\u00bb. Una pressione che lo spinge a lasciare l\u2019Italia: \u00abMi sono trasferito a Madrid, ero spesso a Ibiza e Formentera. Avevo locali, avevo una spiaggia. Ho investito tanto: alcune cose sono andate bene, altre no. Ma sono scappato da quella cosa che mi opprimeva. Non \u00e8 come oggi con i social: prima avevi i paparazzi 24 ore al giorno. Su dieci copertine, nove erano mie\u00bb. <\/p>\n<p>&#13;<br \/>\n&#13;<\/p>\n<p>Infine, il capitolo pi\u00f9 delicato: il rapporto con il suo ex agente Lele Mora e il crollo della sua agenzia. Costantino parla senza filtri del suo ex agente: \u00abPi\u00f9 che tradito, con Lele ero arrabbiato. Non aveva curato gli interessi di chi gli portava tanti soldi. Lui l\u2019ha detto pi\u00f9 volte: io ero quello che lo faceva guadagnare pi\u00f9 di tutti. Avevo deciso io di mia spontanea volont\u00e0 di dargli il 50%. Ho frequentato quella casa per anni, ma a un certo punto anche lui si \u00e8 fidato troppo. Pensava di essere intoccabile\u00bb. <\/p>\n<p>                                &#13;<br \/>\n                &#13;<br \/>\n&#13;<br \/>\n                Ultimo aggiornamento: sabato 14 febbraio 2026, 11:08&#13;<br \/>\n                <br \/>&#13;<br \/>\n                &#13;<br \/>\n                  &#13;<br \/>\n                    &#13;<br \/>\n                        \u00a9 RIPRODUZIONE RISERVATA&#13;<\/p>\n<p>&#13;<\/p>\n<p>                    &#13;<\/p>\n","protected":false},"excerpt":{"rendered":"&#13; &#13; &#13; &#13; Costantino Vitagliano si racconta a &#8216;Ciao Maschio&#8216;, ospite di Nunzia De Girolamo, nella puntata&hellip;\n","protected":false},"author":3,"featured_media":352893,"comment_status":"","ping_status":"","sticky":false,"template":"","format":"standard","meta":{"footnotes":"","_share_on_mastodon":"0"},"categories":[1444],"tags":[80717,83662,203,204,1537,90,89,60127,253],"class_list":["post-352892","post","type-post","status-publish","format-standard","has-post-thumbnail","category-tv","tag-ciao-maschio","tag-costantino-vitagliano","tag-entertainment","tag-intrattenimento","tag-it","tag-italia","tag-italy","tag-nunzia-de-girolamo","tag-tv"],"share_on_mastodon":{"url":"https:\/\/pubeurope.com\/@it\/116068921355660912","error":""},"_links":{"self":[{"href":"https:\/\/www.europesays.com\/it\/wp-json\/wp\/v2\/posts\/352892","targetHints":{"allow":["GET"]}}],"collection":[{"href":"https:\/\/www.europesays.com\/it\/wp-json\/wp\/v2\/posts"}],"about":[{"href":"https:\/\/www.europesays.com\/it\/wp-json\/wp\/v2\/types\/post"}],"author":[{"embeddable":true,"href":"https:\/\/www.europesays.com\/it\/wp-json\/wp\/v2\/users\/3"}],"replies":[{"embeddable":true,"href":"https:\/\/www.europesays.com\/it\/wp-json\/wp\/v2\/comments?post=352892"}],"version-history":[{"count":0,"href":"https:\/\/www.europesays.com\/it\/wp-json\/wp\/v2\/posts\/352892\/revisions"}],"wp:featuredmedia":[{"embeddable":true,"href":"https:\/\/www.europesays.com\/it\/wp-json\/wp\/v2\/media\/352893"}],"wp:attachment":[{"href":"https:\/\/www.europesays.com\/it\/wp-json\/wp\/v2\/media?parent=352892"}],"wp:term":[{"taxonomy":"category","embeddable":true,"href":"https:\/\/www.europesays.com\/it\/wp-json\/wp\/v2\/categories?post=352892"},{"taxonomy":"post_tag","embeddable":true,"href":"https:\/\/www.europesays.com\/it\/wp-json\/wp\/v2\/tags?post=352892"}],"curies":[{"name":"wp","href":"https:\/\/api.w.org\/{rel}","templated":true}]}}