{"id":353144,"date":"2026-02-14T15:43:11","date_gmt":"2026-02-14T15:43:11","guid":{"rendered":"https:\/\/www.europesays.com\/it\/353144\/"},"modified":"2026-02-14T15:43:11","modified_gmt":"2026-02-14T15:43:11","slug":"viareggio-cup-il-torino-non-partecipera-alla-competizione","status":"publish","type":"post","link":"https:\/\/www.europesays.com\/it\/353144\/","title":{"rendered":"Viareggio Cup, il Torino non parteciper\u00e0 alla competizione"},"content":{"rendered":"<p>Il club granata non far\u00e0 parte della settantaseiesima edizione del torneo<\/p>\n<p>Piero Coletta<\/p>\n<p class=\"is-above-copyright is-mr-t-0\">\n                        14 febbraio 2026 (modifica il 14 febbraio 2026 | 14:17)\n                    <\/p>\n<p>Il Torino non sar\u00e0 tra i protagonisti della 76\u00aa edizione della Viareggio Cup, lasciando un vuoto storico nel prestigioso torneo giovanile che ha visto i granata trionfare per ben sei volte. L&#8217;ultima volta in cui i granata non parteciparono risale al 2022. Per trovare un&#8217;altra mancata partecipazione bisogna tornare agli anni 80, precisamente nell&#8217;edizione del 1982.\u00a0 La competizione, che si terr\u00e0 dal 16 al 30 marzo 2026, vedr\u00e0 sfidarsi 32 formazioni suddivise in 8 gironi, con una forte rappresentanza internazionale che spazia dai campioni in carica del Beyond Limits alla Nazionale Under 20 ucraina.<\/p>\n<p><strong>76\u00aa VIAREGGIO CUP<\/strong>\u2014 \u00a0<\/p>\n<p>GRUPPO A *<\/p>\n<p>Girone 1: Genoa, Mavlon (Nigeria), Vllaznia (Albania), As Police Football (Burkina Faso)<\/p>\n<p>Girone 2: Fiorentina, Rangers Enugu (Nigeria), Viareggio, One Touch (Nigeria)<\/p>\n<p>Girone 3: Sassuolo, Nexus Football Academy (Nigeria), Uyss New York, Rbm Sports (Nigeria)<\/p>\n<p>Girone 4: Rappresentativa Serie D, Futurepro Soccer (Nigeria), Athletic Palermo, Academy Potey Keahson (Costa d\u2019Avorio)<\/p>\n<p>Girone 5: Spezia, Magic Stars (Nigeria), Westchester United (Stati Uniti), Koforidua (Ghana)<\/p>\n<p>Girone 6: Stella Rossa (Serbia), Ojodu City (Nigeria), Rijeka (Croazia), Olympique Thiessois (Senegal)<\/p>\n<p>*Le gare del gruppo A si disputeranno luned\u00ec 9, mercoled\u00ec 11 e venerd\u00ec 13 marzo<\/p>\n<p>** Le gare del gruppo B si disputeranno marted\u00ec 10, gioved\u00ec 12 e sabato 14 marzo<\/p>\n<p><strong>7\u00aa VIAREGGIO WOMEN\u2019S CUP<\/strong><\/p>\n<p>Girone 1: Juventus, Fiorentina, Livorno<\/p>\n<p>Girone 2: Milan, Westchester United (Stati Uniti), Rappresentativa LND<\/p>\n<p>Le gare di entrambi i gironi si disputeranno luned\u00ec 9, marted\u00ec 10 e mercoled\u00ec 11 marzo.<\/p>\n<p class=\"is-copyright\">\u00a9 RIPRODUZIONE RISERVATA<\/p>\n","protected":false},"excerpt":{"rendered":"Il club granata non far\u00e0 parte della settantaseiesima edizione del torneo Piero Coletta 14 febbraio 2026 (modifica il&hellip;\n","protected":false},"author":3,"featured_media":353145,"comment_status":"","ping_status":"","sticky":false,"template":"","format":"standard","meta":{"footnotes":"","_share_on_mastodon":"0"},"categories":[1452],"tags":[11384,721,5002,4299,61476,205205,2239,2263,1740,1837,205206,5191,10968,5197,1537,90,89,1691,1427,8682,4559,7158,205207,149354,1739,245,244,1641,6663,4408],"class_list":["post-353144","post","type-post","status-publish","format-standard","has-post-thumbnail","category-calcio","tag-academy","tag-calcio","tag-competizione","tag-cup","tag-disputeranno","tag-disputeranno-lunedi","tag-edizione","tag-fiorentina","tag-football","tag-gare","tag-gare-disputeranno","tag-girone","tag-gironi","tag-granata","tag-it","tag-italia","tag-italy","tag-lunedi","tag-martedi","tag-marzo","tag-mercoledi","tag-nigeria","tag-nigeria-girone","tag-rappresentativa","tag-soccer","tag-sport","tag-sports","tag-torino","tag-torneo","tag-viareggio"],"share_on_mastodon":{"url":"https:\/\/pubeurope.com\/@it\/116069755027482094","error":""},"_links":{"self":[{"href":"https:\/\/www.europesays.com\/it\/wp-json\/wp\/v2\/posts\/353144","targetHints":{"allow":["GET"]}}],"collection":[{"href":"https:\/\/www.europesays.com\/it\/wp-json\/wp\/v2\/posts"}],"about":[{"href":"https:\/\/www.europesays.com\/it\/wp-json\/wp\/v2\/types\/post"}],"author":[{"embeddable":true,"href":"https:\/\/www.europesays.com\/it\/wp-json\/wp\/v2\/users\/3"}],"replies":[{"embeddable":true,"href":"https:\/\/www.europesays.com\/it\/wp-json\/wp\/v2\/comments?post=353144"}],"version-history":[{"count":0,"href":"https:\/\/www.europesays.com\/it\/wp-json\/wp\/v2\/posts\/353144\/revisions"}],"wp:featuredmedia":[{"embeddable":true,"href":"https:\/\/www.europesays.com\/it\/wp-json\/wp\/v2\/media\/353145"}],"wp:attachment":[{"href":"https:\/\/www.europesays.com\/it\/wp-json\/wp\/v2\/media?parent=353144"}],"wp:term":[{"taxonomy":"category","embeddable":true,"href":"https:\/\/www.europesays.com\/it\/wp-json\/wp\/v2\/categories?post=353144"},{"taxonomy":"post_tag","embeddable":true,"href":"https:\/\/www.europesays.com\/it\/wp-json\/wp\/v2\/tags?post=353144"}],"curies":[{"name":"wp","href":"https:\/\/api.w.org\/{rel}","templated":true}]}}