{"id":353270,"date":"2026-02-14T17:33:20","date_gmt":"2026-02-14T17:33:20","guid":{"rendered":"https:\/\/www.europesays.com\/it\/353270\/"},"modified":"2026-02-14T17:33:20","modified_gmt":"2026-02-14T17:33:20","slug":"mini-casa-colorata-di-25mq-in-un-edificio-brutalista","status":"publish","type":"post","link":"https:\/\/www.europesays.com\/it\/353270\/","title":{"rendered":"Mini-casa colorata di 25mq in un edificio brutalista"},"content":{"rendered":"<p data-journey-content=\"true\" data-node-id=\"3\" class=\"css-6wxqfj emevuu60\">Come gran parte delle capitali mediterranee, anche <strong data-node-id=\"3.1\"><a href=\"https:\/\/www.elledecor.com\/it\/viaggi\/a64809280\/perche-tutti-vogliono-andare-ad-atene\/\" target=\"_blank\" data-vars-ga-outbound-link=\"https:\/\/www.elledecor.com\/it\/viaggi\/a64809280\/perche-tutti-vogliono-andare-ad-atene\/\" data-vars-ga-ux-element=\"Hyperlink\" data-vars-ga-call-to-action=\"Atene\" data-node-id=\"3.1.0\" class=\"body-link css-g36lkp emevuu60\" rel=\"nofollow noopener\">Atene<\/a><\/strong> \u00e8 diventata una citt\u00e0 da soggiorni brevi e, di conseguenza, l\u2019architettura ha imparato ad adattatarsi rispondendo alle nuove esigenze. Cos\u00ec, <a href=\"https:\/\/www.elledecor.com\/it\/case-piccole\/\" target=\"_blank\" data-vars-ga-outbound-link=\"https:\/\/www.elledecor.com\/it\/case-piccole\/\" data-vars-ga-ux-element=\"Hyperlink\" data-vars-ga-call-to-action=\"case piccole\" data-node-id=\"3.3\" class=\"body-link css-g36lkp emevuu60\" rel=\"nofollow noopener\"><strong data-node-id=\"3.3.0\">case piccole<\/strong><\/a>, balconi sottili e viste improvvise sull\u2019<a href=\"https:\/\/www.elledecor.com\/it\/viaggi\/a39734303\/cosa-vedere-atene\/\" target=\"_blank\" data-vars-ga-outbound-link=\"https:\/\/www.elledecor.com\/it\/viaggi\/a39734303\/cosa-vedere-atene\/\" data-vars-ga-ux-element=\"Hyperlink\" data-vars-ga-call-to-action=\"Acropoli\" data-node-id=\"3.5\" class=\"body-link css-g36lkp emevuu60\" rel=\"nofollow noopener\">Acropoli<\/a> tra un palazzo e l\u2019altro sono diventate lo sfondo perfetto per le avventure della maggior parte dei viaggiatori, che il pi\u00f9 delle volte cercano un indirizzo pratico, confortevole e che non sia troppo complesso nella quotidianit\u00e0, specialmente se si tratta di pochi giorni. In questo contesto si inserisce Bunny, la <strong data-node-id=\"3.9\">mini-casa di 25 mq<\/strong> nel centro progettata da <strong data-node-id=\"3.11\">Federica Scalise<\/strong>, italiana trapiantata in Grecia con una doppia formazione che pesa e si sente: architettura e illustrazione.<\/p>\n<p><img draggable=\"true\" alt=\"casa\" title=\"mini-casa-colorata\" loading=\"lazy\" width=\"4234\" height=\"5927\" decoding=\"async\" data-nimg=\"1\" style=\"color:transparent;width:100%;height:auto;\"   src=\"https:\/\/www.europesays.com\/it\/wp-content\/uploads\/2026\/02\/8u6a7898-698f4ada5aa5d.jpg\" class=\"css-0 e1g79fud0\"\/><a target=\"_blank\" rel=\"noopener nofollow\" data-theme-key=\"base-link\" href=\"https:\/\/pinterest.com\/pin\/create\/button\/?url=https:\/\/www.elledecor.com\/it\/case\/a70346906\/mini-casa-di-25-mq-bellissima-colorata-edificio-brutalista\/&amp;description=elledecoritalia&amp;media=https:\/\/hips.hearstapps.com\/hmg-prod\/images\/8u6a7898-698f4ada5aa5d.jpg?resize=1600:*\" class=\"pinterest css-on9hn5 e1c1bym14\"><img decoding=\"async\" data-dynamic-svg=\"true\" src=\"https:\/\/www.elledecor.com\/_assets\/design-tokens\/fre\/static\/icons\/social\/pinterest.e8cf655.svg?primary=%2523ffffff\" loading=\"lazy\" data-testid=\"dynamic-svg-base\" height=\"auto\" width=\"auto\" alt=\"pinterest\" class=\"css-4lml0h e1mlxuuw1\"\/><\/a><\/p>\n<p>Lea Martin Abazoglou<\/p>\n<p><img draggable=\"true\" alt=\"cucina\" title=\"mini-casa-colorata\" loading=\"lazy\" width=\"4791\" height=\"6707\" decoding=\"async\" data-nimg=\"1\" style=\"color:transparent;width:100%;height:auto;\"   src=\"https:\/\/www.europesays.com\/it\/wp-content\/uploads\/2026\/02\/8u6a7873-698f4b127a10e.jpg\" class=\"css-0 e1g79fud0\"\/><a target=\"_blank\" rel=\"noopener nofollow\" data-theme-key=\"base-link\" href=\"https:\/\/pinterest.com\/pin\/create\/button\/?url=https:\/\/www.elledecor.com\/it\/case\/a70346906\/mini-casa-di-25-mq-bellissima-colorata-edificio-brutalista\/&amp;description=elledecoritalia&amp;media=https:\/\/hips.hearstapps.com\/hmg-prod\/images\/8u6a7873-698f4b127a10e.jpg?resize=1600:*\" class=\"pinterest css-on9hn5 e1c1bym14\"><img decoding=\"async\" data-dynamic-svg=\"true\" src=\"https:\/\/www.elledecor.com\/_assets\/design-tokens\/fre\/static\/icons\/social\/pinterest.e8cf655.svg?primary=%2523ffffff\" loading=\"lazy\" data-testid=\"dynamic-svg-base\" height=\"auto\" width=\"auto\" alt=\"pinterest\" class=\"css-4lml0h e1mlxuuw1\"\/><\/a><\/p>\n<p>Lea Martin Abazoglou<\/p>\n<p data-journey-content=\"true\" data-node-id=\"11\" class=\"css-6wxqfj emevuu60\">La domanda, qui, viene quasi spontanea: quanto l\u2019immagine pu\u00f2 influenzare lo spazio costruito? In Bunny la risposta arriva in una casa che sembra disegnata prima ancora che arredata e dove ogni colore \u00e8 un segno netto, ogni volume una texture precisa, ogni elemento una campitura ben riconoscibile. L\u2019intervento architettonico parte da un gesto semplice e radicale: un nuovo<strong data-node-id=\"11.3\"> volume bianco inserito in un edificio <a href=\"https:\/\/www.elledecor.com\/it\/architettura\/a38158955\/brutalismo-storia-e-opere-stile-architettonico\/\" target=\"_blank\" data-vars-ga-outbound-link=\"https:\/\/www.elledecor.com\/it\/architettura\/a38158955\/brutalismo-storia-e-opere-stile-architettonico\/\" data-vars-ga-ux-element=\"Hyperlink\" data-vars-ga-call-to-action=\"brutalista\" data-node-id=\"11.3.1\" class=\"body-link css-g36lkp emevuu60\" rel=\"nofollow noopener\">brutalista<\/a><\/strong> esistente. \u00c8 una scatola nella scatola, che si racconta come un dispositivo che organizza gerarchie e percorsi. Dentro trovano posto il bagno, schermato da una porta a tutta altezza, un\u2019alcova rialzata per dormire, un armadio. All\u2019esterno, quello stesso volume diventa fondale della cucina, trasformando quei 25 mq in un esercizio formale di addomesticamento. Scalise aveva gi\u00e0 lavorato sul tema del microformato ad Atene, prima con un <a href=\"https:\/\/www.elledecor.com\/it\/case\/a62034998\/appartamento-di-42-metri-quadrati-atene-colorato\/\" target=\"_blank\" data-vars-ga-outbound-link=\"https:\/\/www.elledecor.com\/it\/case\/a62034998\/appartamento-di-42-metri-quadrati-atene-colorato\/\" data-vars-ga-ux-element=\"Hyperlink\" data-vars-ga-call-to-action=\"appartamento\" data-node-id=\"11.5\" class=\"body-link css-g36lkp emevuu60\" rel=\"nofollow noopener\">appartamento<\/a> giocato su cromie decise, poi con una<a href=\"https:\/\/www.elledecor.com\/it\/case\/a70302249\/mini-casa-20mq-azzurra-argento\/\" target=\"_blank\" data-vars-ga-outbound-link=\"https:\/\/www.elledecor.com\/it\/case\/a70302249\/mini-casa-20mq-azzurra-argento\/\" data-vars-ga-ux-element=\"Hyperlink\" data-vars-ga-call-to-action=\" mini-casa\" data-node-id=\"11.7\" class=\"body-link css-g36lkp emevuu60\" rel=\"nofollow noopener\"> mini-casa<\/a> di 20 metri quadrati azzurra e argento dove il colore diventa spazio della quotidianit\u00e0. Qui il registro si fa pi\u00f9 calibrato, quasi gastronomico: <strong data-node-id=\"11.9\">giallo burro per la cucina<\/strong>, rosa cipria per le piastrelle del bagno, blu saturo per la porta che nasconde la doccia, verde e rosso scandiscono mensole e sedute. <\/p>\n<p><img draggable=\"true\" alt=\"camera da letto\" title=\"mini-casa-colorata\" loading=\"lazy\" width=\"6094\" height=\"4353\" decoding=\"async\" data-nimg=\"1\" style=\"color:transparent;width:100%;height:auto;\"   src=\"https:\/\/www.europesays.com\/it\/wp-content\/uploads\/2026\/02\/8u6a7986-698f4b61bdf1b.jpg\" class=\"css-0 e1g79fud0\"\/><a target=\"_blank\" rel=\"noopener nofollow\" data-theme-key=\"base-link\" href=\"https:\/\/pinterest.com\/pin\/create\/button\/?url=https:\/\/www.elledecor.com\/it\/case\/a70346906\/mini-casa-di-25-mq-bellissima-colorata-edificio-brutalista\/&amp;description=elledecoritalia&amp;media=https:\/\/hips.hearstapps.com\/hmg-prod\/images\/8u6a7986-698f4b61bdf1b.jpg?resize=1600:*\" class=\"pinterest css-on9hn5 e1c1bym14\"><img decoding=\"async\" data-dynamic-svg=\"true\" src=\"https:\/\/www.elledecor.com\/_assets\/design-tokens\/fre\/static\/icons\/social\/pinterest.e8cf655.svg?primary=%2523ffffff\" loading=\"lazy\" data-testid=\"dynamic-svg-base\" height=\"auto\" width=\"auto\" alt=\"pinterest\" class=\"css-4lml0h e1mlxuuw1\"\/><\/a><\/p>\n<p>Lea Martin Abazoglou<\/p>\n<p><img draggable=\"true\" alt=\"minicasa 25mq\" title=\"Mini-casa 25mq\" loading=\"lazy\" width=\"2172\" height=\"3041\" decoding=\"async\" data-nimg=\"1\" style=\"color:transparent;width:100%;height:auto;\"   src=\"https:\/\/www.europesays.com\/it\/wp-content\/uploads\/2026\/02\/8u6a7989-698f5dce98067.jpg\" class=\"css-0 e1g79fud0\"\/><a target=\"_blank\" rel=\"noopener nofollow\" data-theme-key=\"base-link\" href=\"https:\/\/pinterest.com\/pin\/create\/button\/?url=https:\/\/www.elledecor.com\/it\/case\/a70346906\/mini-casa-di-25-mq-bellissima-colorata-edificio-brutalista\/&amp;description=elledecoritalia&amp;media=https:\/\/hips.hearstapps.com\/hmg-prod\/images\/8u6a7989-698f5dce98067.jpg?resize=1600:*\" class=\"pinterest css-on9hn5 e1c1bym14\"><img decoding=\"async\" data-dynamic-svg=\"true\" src=\"https:\/\/www.elledecor.com\/_assets\/design-tokens\/fre\/static\/icons\/social\/pinterest.e8cf655.svg?primary=%2523ffffff\" loading=\"lazy\" data-testid=\"dynamic-svg-base\" height=\"auto\" width=\"auto\" alt=\"pinterest\" class=\"css-4lml0h e1mlxuuw1\"\/><\/a><\/p>\n<p>Lea Martin Abazoglou<\/p>\n<p data-journey-content=\"true\" data-node-id=\"17\" class=\"css-6wxqfj emevuu60\">Il rischio, quando si progetta per affitti brevi, \u00e8 l\u2019anonimato. Interni intercambiabili, rassicuranti fino a risultare generici. Bunny sceglie un\u2019altra strada: dichiarare un carattere preciso, pur restando accogliente. La cucina diventa una quinta luminosa sotto un grande obl\u00f2 circolare che riflette il soffitto in cemento a vista. L\u2019alcova rialzata, con il suo riferimento al tokonoma giapponese, \u00e8 uno spazio raccolto, una nicchia intima e per pochi. Non a caso, \u00e8 una tenda a segnare il passaggio, suggerendo l\u2019ingresso senza complicare la pianta o ridurre spazio. E poi c\u2019\u00e8 l\u2019altezza: se lo sguardo si abbassa incontra il parquet chiaro, le superfici bianche, i colori pastello; se si alza, scopre il <strong data-node-id=\"17.1\">solaio in cemento lasciato grezzo<\/strong>, un pilastro strutturale che attraversa lo spazio notte. Cos\u00ec, mentre la parte alta racconta l\u2019edificio, la sua materia dura, urbana, quella bassa, addomestica, ammorbidisce gli interni, rendendo lezioso ci\u00f2 che potrebbe risultare severo. \u00c8 un dialogo verticale tra struttura e scena, tra citt\u00e0 e rifugio.<\/p>\n<p><img draggable=\"true\" alt=\"bagno\" title=\"mini-casa-colorata\" loading=\"lazy\" width=\"4480\" height=\"6272\" decoding=\"async\" data-nimg=\"1\" style=\"color:transparent;width:100%;height:auto;\"   src=\"https:\/\/www.europesays.com\/it\/wp-content\/uploads\/2026\/02\/8u6a7809-698f4bb61c5e5.jpg\" class=\"css-0 e1g79fud0\"\/><a target=\"_blank\" rel=\"noopener nofollow\" data-theme-key=\"base-link\" href=\"https:\/\/pinterest.com\/pin\/create\/button\/?url=https:\/\/www.elledecor.com\/it\/case\/a70346906\/mini-casa-di-25-mq-bellissima-colorata-edificio-brutalista\/&amp;description=elledecoritalia&amp;media=https:\/\/hips.hearstapps.com\/hmg-prod\/images\/8u6a7809-698f4bb61c5e5.jpg?resize=1600:*\" class=\"pinterest css-on9hn5 e1c1bym14\"><img decoding=\"async\" data-dynamic-svg=\"true\" src=\"https:\/\/www.elledecor.com\/_assets\/design-tokens\/fre\/static\/icons\/social\/pinterest.e8cf655.svg?primary=%2523ffffff\" loading=\"lazy\" data-testid=\"dynamic-svg-base\" height=\"auto\" width=\"auto\" alt=\"pinterest\" class=\"css-4lml0h e1mlxuuw1\"\/><\/a><\/p>\n<p>Lea Martin Abazoglou<\/p>\n<p data-journey-content=\"true\" data-node-id=\"26\" class=\"css-6wxqfj emevuu60\"><a href=\"https:\/\/federicascalise.com\/\" target=\"_blank\" rel=\"nofollow noopener\" data-vars-ga-outbound-link=\"https:\/\/federicascalise.com\/\" data-vars-ga-ux-element=\"Hyperlink\" data-vars-ga-call-to-action=\"www.federicascalise.com\" data-node-id=\"26.0\" class=\"body-link css-g36lkp emevuu60\">www.federicascalise.com<\/a><\/p>\n<p>Related StoriesTappeti in&amp;outdoor<a target=\"_blank\" rel=\"nofollow noopener\" data-theme-key=\"product-image-wrapper\" href=\"https:\/\/click.linksynergy.com\/deeplink?id=2fv8O7DnZlc&amp;mid=49049&amp;murl=https%3A%2F%2Fwww.westwing.it%2Ftappeto-in-viscosa-tessuto-a-mano-jane-59912.html%3F&amp;u1=edcit|xid:{xid}\" aria-label=\"429\u00a0\u20ac su westwing.it per Tappeto in viscosa fatto a mano Jane\" data-href=\"https:\/\/www.westwing.it\/tappeto-in-viscosa-tessuto-a-mano-jane-59912.html?\" data-product-url=\"https:\/\/www.westwing.it\/tappeto-in-viscosa-tessuto-a-mano-jane-59912.html?\" data-affiliate=\"true\" data-affiliate-url=\"https:\/\/click.linksynergy.com\/deeplink?id=2fv8O7DnZlc&amp;mid=49049&amp;murl=https%3A%2F%2Fwww.westwing.it%2Ftappeto-in-viscosa-tessuto-a-mano-jane-59912.html%3F&amp;u1=edcit|xid:{xid}\" data-affiliate-network=\"{&quot;site_id&quot;:&quot;0550d705-7712-4019-a8b2-0f35da30918c&quot;,&quot;metadata&quot;:{&quot;trackonomics&quot;:{&quot;network_name&quot;:&quot;ls&quot;}},&quot;network&quot;:{&quot;name&quot;:&quot;Trackonomics&quot;},&quot;product_metadata&quot;:{&quot;0550d705-7712-4019-a8b2-0f35da30918c&quot;:{&quot;network_name&quot;:&quot;ls&quot;,&quot;link&quot;:&quot;https:\/\/click.linksynergy.com\/deeplink?id=2fv8O7DnZlc&amp;mid=49049&amp;murl=https%3A%2F%2Fwww.westwing.it%2Ftappeto-in-viscosa-tessuto-a-mano-jane-59912.html%3F&amp;u1={subid}&quot;}},&quot;afflink_redirect&quot;:&quot;\/_p\/afflink\/vX5C\/westwing-tappeto-in-viscosa-fatto-a&quot;}\" data-vars-ga-call-to-action=\"429\u00a0\u20ac su westwing.it\" data-vars-ga-media-role=\"1\" data-vars-ga-media-type=\"Embedded Gallery List\" data-vars-ga-outbound-link=\"https:\/\/www.westwing.it\/tappeto-in-viscosa-tessuto-a-mano-jane-59912.html?\" data-vars-ga-product-id=\"4f4adc1b-8fb8-462f-a7f0-afb84d38fe79\" data-vars-ga-product-price=\"429,00\u00a0\u20ac\" data-vars-ga-product-retailer-id=\"490641d6-24e3-4954-ae88-86f62c435568\" data-vars-ga-gallery-display=\"list\" data-vars-ga-link-treatment=\"(not set) | (not set)\" data-vars-ga-sku=\"59912\" data-vars-ga-magento-tracking=\"1\" class=\"product-image-link ebgq4gw2 e1b8bpvs0 css-g6od0w e1c1bym14\"><img  alt=\"Tappeto in viscosa fatto a mano Jane\" title=\"Tappeto in viscosa fatto a mano Jane\" src=\"https:\/\/www.europesays.com\/it\/wp-content\/uploads\/2026\/02\/1771090399_752_1749724460-DEQ16POR76076-132282_c69734b80a3400bc1cef4c097979ad18_dtl_1.jpg\" width=\"1140\" height=\"1520\" decoding=\"async\" loading=\"lazy\"\/><\/a>Tappeto in viscosa fatto a mano JaneCredit: Courtesy photo<a target=\"_blank\" rel=\"nofollow noopener\" data-theme-key=\"product-image-wrapper\" href=\"https:\/\/click.linksynergy.com\/deeplink?id=2fv8O7DnZlc&amp;mid=49049&amp;murl=https%3A%2F%2Fwww.westwing.it%2Ftappeto-morbido-a-pelo-lungo-leighton-150729.html%3F&amp;u1=edcit|xid:{xid}\" aria-label=\"78\u00a0\u20ac su westwing.it per Passatoia morbida a pelo lungo Leighton\" data-href=\"https:\/\/www.westwing.it\/tappeto-morbido-a-pelo-lungo-leighton-150729.html?\" data-product-url=\"https:\/\/www.westwing.it\/tappeto-morbido-a-pelo-lungo-leighton-150729.html?\" data-affiliate=\"true\" data-affiliate-url=\"https:\/\/click.linksynergy.com\/deeplink?id=2fv8O7DnZlc&amp;mid=49049&amp;murl=https%3A%2F%2Fwww.westwing.it%2Ftappeto-morbido-a-pelo-lungo-leighton-150729.html%3F&amp;u1=edcit|xid:{xid}\" data-affiliate-network=\"{&quot;site_id&quot;:&quot;0550d705-7712-4019-a8b2-0f35da30918c&quot;,&quot;metadata&quot;:{&quot;trackonomics&quot;:{&quot;network_name&quot;:&quot;ls&quot;}},&quot;network&quot;:{&quot;name&quot;:&quot;Trackonomics&quot;},&quot;product_metadata&quot;:{&quot;0550d705-7712-4019-a8b2-0f35da30918c&quot;:{&quot;network_name&quot;:&quot;ls&quot;,&quot;link&quot;:&quot;https:\/\/click.linksynergy.com\/deeplink?id=2fv8O7DnZlc&amp;mid=49049&amp;murl=https%3A%2F%2Fwww.westwing.it%2Ftappeto-morbido-a-pelo-lungo-leighton-150729.html%3F&amp;u1={subid}&quot;}},&quot;afflink_redirect&quot;:&quot;\/_p\/afflink\/vX5D\/westwing-passatoia-morbida-a-pelo-lungo&quot;}\" data-vars-ga-call-to-action=\"78\u00a0\u20ac su westwing.it\" data-vars-ga-media-role=\"1\" data-vars-ga-media-type=\"Embedded Gallery List\" data-vars-ga-outbound-link=\"https:\/\/www.westwing.it\/tappeto-morbido-a-pelo-lungo-leighton-150729.html?\" data-vars-ga-product-id=\"27684c30-9837-4c73-bbe5-ec4e29f53be1\" data-vars-ga-product-price=\"77,99\u00a0\u20ac\" data-vars-ga-product-retailer-id=\"71e10cfe-ad29-4542-88e4-0a627d16c492\" data-vars-ga-gallery-display=\"list\" data-vars-ga-link-treatment=\"(not set) | (not set)\" data-vars-ga-sku=\"150729\" data-vars-ga-magento-tracking=\"1\" class=\"product-image-link ebgq4gw2 e1b8bpvs0 css-g6od0w e1c1bym14\"><img  alt=\"Passatoia morbida a pelo lungo Leighton\" title=\"Passatoia morbida a pelo lungo Leighton\" src=\"https:\/\/www.europesays.com\/it\/wp-content\/uploads\/2026\/02\/1771090399_468_1749724534-DEQ23WES88125-193139_d5b600f87de740fe56bf01e20704ecdb_dtl_1.jpg\" width=\"1140\" height=\"1520\" decoding=\"async\" loading=\"lazy\"\/><\/a>Passatoia morbida a pelo lungo LeightonCredit: Courtesy photo<a target=\"_blank\" rel=\"nofollow noopener\" data-theme-key=\"product-image-wrapper\" href=\"https:\/\/click.linksynergy.com\/deeplink?id=2fv8O7DnZlc&amp;mid=49049&amp;murl=https%3A%2F%2Fwww.westwing.it%2Ftappeto-tessuto-a-mano-da-esterno-interno-lyla-157895.html&amp;u1=edcit|xid:{xid}\" aria-label=\"78\u00a0\u20ac su westwing.it per Tappeto tessuto a mano da interno-esterno Lyla\" data-href=\"https:\/\/www.westwing.it\/tappeto-tessuto-a-mano-da-esterno-interno-lyla-157895.html\" data-product-url=\"https:\/\/www.westwing.it\/tappeto-tessuto-a-mano-da-esterno-interno-lyla-157895.html\" data-affiliate=\"true\" data-affiliate-url=\"https:\/\/click.linksynergy.com\/deeplink?id=2fv8O7DnZlc&amp;mid=49049&amp;murl=https%3A%2F%2Fwww.westwing.it%2Ftappeto-tessuto-a-mano-da-esterno-interno-lyla-157895.html&amp;u1=edcit|xid:{xid}\" data-affiliate-network=\"{&quot;site_id&quot;:&quot;0550d705-7712-4019-a8b2-0f35da30918c&quot;,&quot;metadata&quot;:{&quot;trackonomics&quot;:{&quot;network_name&quot;:&quot;ls&quot;}},&quot;network&quot;:{&quot;name&quot;:&quot;Trackonomics&quot;},&quot;product_metadata&quot;:{&quot;0550d705-7712-4019-a8b2-0f35da30918c&quot;:{&quot;network_name&quot;:&quot;ls&quot;,&quot;link&quot;:&quot;https:\/\/click.linksynergy.com\/deeplink?id=2fv8O7DnZlc&amp;mid=49049&amp;murl=https%3A%2F%2Fwww.westwing.it%2Ftappeto-tessuto-a-mano-da-esterno-interno-lyla-157895.html&amp;u1={subid}&quot;}},&quot;afflink_redirect&quot;:&quot;\/_p\/afflink\/vX5R\/westwing-tappeto-tessuto-a-mano-da&quot;}\" data-vars-ga-call-to-action=\"78\u00a0\u20ac su westwing.it\" data-vars-ga-media-role=\"1\" data-vars-ga-media-type=\"Embedded Gallery List\" data-vars-ga-outbound-link=\"https:\/\/www.westwing.it\/tappeto-tessuto-a-mano-da-esterno-interno-lyla-157895.html\" data-vars-ga-product-id=\"725cc36f-a1ab-4c22-9e33-3d91f9b2bc6c\" data-vars-ga-product-price=\"77,99\u00a0\u20ac\" data-vars-ga-product-retailer-id=\"23d4e01c-2785-4903-bde9-d717f1422240\" data-vars-ga-gallery-display=\"list\" data-vars-ga-link-treatment=\"sale | (not set)\" data-vars-ga-sku=\"157895\" data-vars-ga-magento-tracking=\"1\" class=\"product-image-link ebgq4gw2 e1b8bpvs0 css-g6od0w e1c1bym14\"><img  alt=\"Tappeto tessuto a mano da interno-esterno Lyla\" title=\"Tappeto tessuto a mano da interno-esterno Lyla\" src=\"https:\/\/www.europesays.com\/it\/wp-content\/uploads\/2026\/02\/1771090400_156_1749724612-DEQ23WES86931-202754_12a671b30b9875f6a308e950a0ce7c56_dtl_1.jpg\" width=\"1140\" height=\"1520\" decoding=\"async\" loading=\"lazy\"\/><\/a>Tappeto tessuto a mano da interno-esterno Lyla<\/p>\n<p>Ora in sconto del 21%<\/p>\n<p>Credit: Courtesy photo<a target=\"_blank\" rel=\"nofollow noopener\" data-theme-key=\"product-image-wrapper\" href=\"https:\/\/click.linksynergy.com\/deeplink?id=2fv8O7DnZlc&amp;mid=49049&amp;murl=https%3A%2F%2Fwww.westwing.it%2Ftappeto-in-lana-taftato-a-mano-dalla-forma-organica-kadey-140637.html&amp;u1=edcit|xid:{xid}\" aria-label=\"349\u00a0\u20ac su westwing.it per Tappeto in lana dalla forma organica fatto a mano Kadey\" data-href=\"https:\/\/www.westwing.it\/tappeto-in-lana-taftato-a-mano-dalla-forma-organica-kadey-140637.html\" data-product-url=\"https:\/\/www.westwing.it\/tappeto-in-lana-taftato-a-mano-dalla-forma-organica-kadey-140637.html\" data-affiliate=\"true\" data-affiliate-url=\"https:\/\/click.linksynergy.com\/deeplink?id=2fv8O7DnZlc&amp;mid=49049&amp;murl=https%3A%2F%2Fwww.westwing.it%2Ftappeto-in-lana-taftato-a-mano-dalla-forma-organica-kadey-140637.html&amp;u1=edcit|xid:{xid}\" data-affiliate-network=\"{&quot;site_id&quot;:&quot;0550d705-7712-4019-a8b2-0f35da30918c&quot;,&quot;metadata&quot;:{&quot;trackonomics&quot;:{&quot;network_name&quot;:&quot;ls&quot;}},&quot;network&quot;:{&quot;name&quot;:&quot;Trackonomics&quot;},&quot;product_metadata&quot;:{&quot;0550d705-7712-4019-a8b2-0f35da30918c&quot;:{&quot;network_name&quot;:&quot;ls&quot;,&quot;link&quot;:&quot;https:\/\/click.linksynergy.com\/deeplink?id=2fv8O7DnZlc&amp;mid=49049&amp;murl=https%3A%2F%2Fwww.westwing.it%2Ftappeto-in-lana-taftato-a-mano-dalla-forma-organica-kadey-140637.html&amp;u1={subid}&quot;}},&quot;afflink_redirect&quot;:&quot;\/_p\/afflink\/vX5I\/westwing-tappeto-in-lana-dalla-forma&quot;}\" data-vars-ga-call-to-action=\"349\u00a0\u20ac su westwing.it\" data-vars-ga-media-role=\"1\" data-vars-ga-media-type=\"Embedded Gallery List\" data-vars-ga-outbound-link=\"https:\/\/www.westwing.it\/tappeto-in-lana-taftato-a-mano-dalla-forma-organica-kadey-140637.html\" data-vars-ga-product-id=\"93a86c05-c6c2-4c2e-ae76-51ab60f17d96\" data-vars-ga-product-price=\"349,00\u00a0\u20ac\" data-vars-ga-product-retailer-id=\"be79fa2e-9e25-4fb6-9e4e-5837773e88be\" data-vars-ga-gallery-display=\"list\" data-vars-ga-link-treatment=\"(not set) | (not set)\" data-vars-ga-sku=\"140637\" data-vars-ga-magento-tracking=\"1\" class=\"product-image-link ebgq4gw2 e1b8bpvs0 css-g6od0w e1c1bym14\"><img  alt=\"Tappeto in lana dalla forma organica fatto a mano Kadey\" title=\"Tappeto in lana dalla forma organica fatto a mano Kadey\" src=\"https:\/\/www.europesays.com\/it\/wp-content\/uploads\/2026\/02\/1771090400_42_1749724579-DEQ22WES31566-178004_07d330cc5f2ffcb5d4d4e955ae4d354b_dtl_1.jpg\" width=\"1140\" height=\"1520\" decoding=\"async\" loading=\"lazy\"\/><\/a>Tappeto in lana dalla forma organica fatto a mano KadeyCredit: Courtesy photo<img src=\"https:\/\/www.europesays.com\/it\/wp-content\/uploads\/2026\/02\/1771090400_433_662aafc4-2c03-4257-804c-b45ff323b012_1708416299.file.png\" alt=\"Headshot of Ciro Marco Musella\" title=\"Headshot of Ciro Marco Musella\" width=\"100%\" height=\"100%\" decoding=\"async\" loading=\"lazy\" class=\"css-o0wq4v ev8dhu53\"\/><\/p>\n<p>Sono nato a Napoli, non parlo in terza persona e non curo cose, oggetti, persone o animali. Ho studiato architettura tra il Politecnico di Milano e l\u2019ENSA Paris-Belleville per poi laurearmi in Architettura delle Costruzioni. Mi sono occupato di allestimenti seguendo i progetti di NENDO, scrivo di grandi architetture e sto completando un dottorando in Composizione allo IUAV di Venezia. Nonostante questo, tutto regolare. \u00a0<\/p>\n","protected":false},"excerpt":{"rendered":"Come gran parte delle capitali mediterranee, anche Atene \u00e8 diventata una citt\u00e0 da soggiorni brevi e, di conseguenza,&hellip;\n","protected":false},"author":3,"featured_media":353271,"comment_status":"","ping_status":"","sticky":false,"template":"","format":"standard","meta":{"footnotes":"","_share_on_mastodon":"0"},"categories":[1446],"tags":[1615,1613,1614,1611,1610,31998,5134,9427,1612,203,20958,204,1537,90,89,49788,8041],"class_list":["post-353270","post","type-post","status-publish","format-standard","has-post-thumbnail","category-arte-e-design","tag-arte","tag-arte-e-design","tag-arteedesign","tag-arts","tag-arts-and-design","tag-atene","tag-casa","tag-colori","tag-design","tag-entertainment","tag-interni","tag-intrattenimento","tag-it","tag-italia","tag-italy","tag-raccolto","tag-spazio"],"share_on_mastodon":{"url":"https:\/\/pubeurope.com\/@it\/116070187638755873","error":""},"_links":{"self":[{"href":"https:\/\/www.europesays.com\/it\/wp-json\/wp\/v2\/posts\/353270","targetHints":{"allow":["GET"]}}],"collection":[{"href":"https:\/\/www.europesays.com\/it\/wp-json\/wp\/v2\/posts"}],"about":[{"href":"https:\/\/www.europesays.com\/it\/wp-json\/wp\/v2\/types\/post"}],"author":[{"embeddable":true,"href":"https:\/\/www.europesays.com\/it\/wp-json\/wp\/v2\/users\/3"}],"replies":[{"embeddable":true,"href":"https:\/\/www.europesays.com\/it\/wp-json\/wp\/v2\/comments?post=353270"}],"version-history":[{"count":0,"href":"https:\/\/www.europesays.com\/it\/wp-json\/wp\/v2\/posts\/353270\/revisions"}],"wp:featuredmedia":[{"embeddable":true,"href":"https:\/\/www.europesays.com\/it\/wp-json\/wp\/v2\/media\/353271"}],"wp:attachment":[{"href":"https:\/\/www.europesays.com\/it\/wp-json\/wp\/v2\/media?parent=353270"}],"wp:term":[{"taxonomy":"category","embeddable":true,"href":"https:\/\/www.europesays.com\/it\/wp-json\/wp\/v2\/categories?post=353270"},{"taxonomy":"post_tag","embeddable":true,"href":"https:\/\/www.europesays.com\/it\/wp-json\/wp\/v2\/tags?post=353270"}],"curies":[{"name":"wp","href":"https:\/\/api.w.org\/{rel}","templated":true}]}}