{"id":353288,"date":"2026-02-14T17:45:12","date_gmt":"2026-02-14T17:45:12","guid":{"rendered":"https:\/\/www.europesays.com\/it\/353288\/"},"modified":"2026-02-14T17:45:12","modified_gmt":"2026-02-14T17:45:12","slug":"orario-dove-vederla-in-chiaro-e-le-probabili-formazioni","status":"publish","type":"post","link":"https:\/\/www.europesays.com\/it\/353288\/","title":{"rendered":"orario, dove vederla in chiaro e le probabili formazioni"},"content":{"rendered":"<p>L&#8217;<strong><a href=\"https:\/\/www.ilmessaggero.it\/t\/italia\" rel=\"nofollow noopener\" target=\"_blank\">Italia<\/a><\/strong> \u00e8 pronta al secondo impegno delle Sei Nazioni, dove ha in programma la sfida a Dublino con l&#8217;<strong><a href=\"https:\/\/www.ilmessaggero.it\/t\/irlanda\" rel=\"nofollow noopener\" target=\"_blank\">Irlanda<\/a>.<\/strong> Gli azzurri devono affrontare una gara complessa, come ha sottolineato il capitano, Michele Lamaro, \u00abdomani sar\u00e0 dura, dobbiamo prepararci al meglio ed essere pronti ad affrontare una battaglia. L&#8217;Irlanda ha avuto qualche giorno in pi\u00f9 per allenarsi e vuole riscattare la sconfitta con la Francia. Noi per\u00f2 vogliamo fare la nostra partita e provare ad avere continuit\u00e0 di prestazione\u00bb. La squadra \u00e8 quindi conscia che all&#8217;Aviva Stadium non li aspetta un clima sereno, anzi, \u00e8 prevista una forte pioggia, come in occasione della sfida vinta con la Scozia a Roma. Il ct Quesada, ha dichiarato in conferenza stampa che l&#8217;unico cambiamento all&#8217;interno della formazione, riguarda la presenza di Pani, nel ruolo di estremo: una scelta precisa dell&#8217;allenatore, che ha trovato nel XI titolare, il giusto equilibrio tattico. In campo, l&#8217;altra novit\u00e0 dovrebbe essere legata al ruolo di Leonardo Marin, spostato al centro in coppia con Tommaso Menoncello. Gli irlandesi, nel primo turno, hanno perso pesantemente con la Francia (36-14) e intendono riscattarsi sotto gli occhi dei propri tifosi. <strong>Di seguito i dettagli della gara.<\/strong><\/p>\n","protected":false},"excerpt":{"rendered":"L&#8217;Italia \u00e8 pronta al secondo impegno delle Sei Nazioni, dove ha in programma la sfida a Dublino con&hellip;\n","protected":false},"author":3,"featured_media":353289,"comment_status":"","ping_status":"","sticky":false,"template":"","format":"standard","meta":{"footnotes":"","_share_on_mastodon":"0"},"categories":[6],"tags":[14,247,8,205274,1537,90,89,7,15,82,9,83,10,1840,205275,13,11,80,84,12,81,85],"class_list":["post-353288","post","type-post","status-publish","format-standard","has-post-thumbnail","category-ultime-notizie","tag-cronaca","tag-dove-vederla","tag-headlines","tag-irlanda-italia","tag-it","tag-italia","tag-italy","tag-news","tag-notizie","tag-notizie-di-cronaca","tag-notizie-principali","tag-notiziedicronaca","tag-notizieprincipali","tag-rugby","tag-sei-nazioni","tag-titoli","tag-ultime-notizie","tag-ultime-notizie-di-cronaca","tag-ultime-notizie-e-news-di-oggi","tag-ultimenotizie","tag-ultimenotiziedicronaca","tag-ultimenotizieenewsdioggi"],"share_on_mastodon":{"url":"https:\/\/pubeurope.com\/@it\/116070234417688384","error":""},"_links":{"self":[{"href":"https:\/\/www.europesays.com\/it\/wp-json\/wp\/v2\/posts\/353288","targetHints":{"allow":["GET"]}}],"collection":[{"href":"https:\/\/www.europesays.com\/it\/wp-json\/wp\/v2\/posts"}],"about":[{"href":"https:\/\/www.europesays.com\/it\/wp-json\/wp\/v2\/types\/post"}],"author":[{"embeddable":true,"href":"https:\/\/www.europesays.com\/it\/wp-json\/wp\/v2\/users\/3"}],"replies":[{"embeddable":true,"href":"https:\/\/www.europesays.com\/it\/wp-json\/wp\/v2\/comments?post=353288"}],"version-history":[{"count":0,"href":"https:\/\/www.europesays.com\/it\/wp-json\/wp\/v2\/posts\/353288\/revisions"}],"wp:featuredmedia":[{"embeddable":true,"href":"https:\/\/www.europesays.com\/it\/wp-json\/wp\/v2\/media\/353289"}],"wp:attachment":[{"href":"https:\/\/www.europesays.com\/it\/wp-json\/wp\/v2\/media?parent=353288"}],"wp:term":[{"taxonomy":"category","embeddable":true,"href":"https:\/\/www.europesays.com\/it\/wp-json\/wp\/v2\/categories?post=353288"},{"taxonomy":"post_tag","embeddable":true,"href":"https:\/\/www.europesays.com\/it\/wp-json\/wp\/v2\/tags?post=353288"}],"curies":[{"name":"wp","href":"https:\/\/api.w.org\/{rel}","templated":true}]}}