{"id":35370,"date":"2025-08-08T11:16:10","date_gmt":"2025-08-08T11:16:10","guid":{"rendered":"https:\/\/www.europesays.com\/it\/35370\/"},"modified":"2025-08-08T11:16:10","modified_gmt":"2025-08-08T11:16:10","slug":"atp-cincinnati-alcaraz-allattacco-di-sinner-voglio-il-n-1","status":"publish","type":"post","link":"https:\/\/www.europesays.com\/it\/35370\/","title":{"rendered":"Atp Cincinnati, Alcaraz all&#8217;attacco di Sinner: &#8220;voglio il n.1&#8221;"},"content":{"rendered":"<p>                                Lo spagnolo a poche ore dal debutto a Cincinnati: &#8220;Wimbledon? Prima o poi doveva capitare di perdere una finale Slam&#8221;<\/p>\n<p>            <a class=\"image is-50x50\" href=\"https:\/\/www.gazzetta.it\/redazione\/massimo-brizzi\/\" rel=\"nofollow noopener\" target=\"_blank\"><br \/>\n                <img decoding=\"async\" class=\"is-rounded\" src=\"https:\/\/www.europesays.com\/it\/wp-content\/uploads\/2025\/08\/massimo_brizzi.png\" alt=\"Massimo Brizzi\"\/><br \/>\n            <\/a><\/p>\n<p>Giornalista<\/p>\n<p>                    8 agosto 2025 (modifica alle 12:23)  &#8211; MILANO<\/p>\n<p class=\"paragraph\" spellcheck=\"true\">Campione, combattente, filosofo, gaudente. \u00c8 l\u2019immagine di <a href=\"https:\/\/www.gazzetta.it\/Tennis\/ATP\/07-08-2025\/alcaraz-il-santino-della-nonna-nel-borsone.shtml?intcmp=hyperlink-articolo-gazit\" title=\"Il segreto di Carlos Alcaraz? Il santino di nonna Victoria sempre nel borsone\" target=\"_blank\" rel=\"nofollow noopener\">Carlos Alcaraz<\/a> che sta per  affrontare il banco di prova di <a href=\"https:\/\/www.gazzetta.it\/Tennis\/07-08-2025\/cincinnati-il-tabellone-di-sinner.shtml?intcmp=hyperlink-articolo-gazit\" title=\"Cincinnati, si parte. Sinner difende il titolo, ecco quando giocher\u00e0\" target=\"_blank\" rel=\"nofollow noopener\">Cincinnati<\/a>, il Masters 1000 in Ohio  iniziato ieri, primo trampolino per avviare l\u2019attacco al numero 1 di Jannik Sinner. La rincorsa del numero 2 al mondo alla corona del campione altoatesino parte dal cemento degli Stati Uniti, prologo di quello pi\u00f9 nobile di New York, dove  dal 25 agosto si giocher\u00e0 il quarto Slam stagionale, forte di due armi a suo favore nel testa a testa con Sinner: per realizzare il sorpasso, ha pochi punti da difendere da qui a fine anno, 1060 contro i 5830 di Sinner. Ed \u00e8 mosso dalla gran voglia  di riscattare la recente sconfitta di Wimbledon maturata contro il rivale italiano.\u00a0<\/p>\n<p>    la rivalit\u00e0\u2014 \u00a0<\/p>\n<p class=\"paragraph is-inline\" spellcheck=\"true\">Il loro rapporto \u00e8 buono: tratteggia una rivalit\u00e0 vera, non  macchiata per\u00f2 da veleni. \u00c8 una cosa che Carlos aveva gi\u00e0 detto al Financial Times dopo la finale di Church Road. &#8220;Il tennis ha sempre avuto grandi rivalit\u00e0: \u00e8 bello che il pubblico veda le nostre partite con entusiasmo, ma non siamo obbligati a fare come chi ci ha preceduto &#8211; le parole di Alcaraz -. Alla gente piace che fra me e Jannik ci siano delle frizioni, per\u00f2 io e lui vogliamo batterci duramente in campo, ma anche andare d\u2019accordo fuori. Parliamo,  a volte ci alleniamo insieme e cos\u00ec si instaura un bel rapporto: per me questa \u00e8 una delle virt\u00f9 dello sport&#8221;. Fedele alla sua linea, lo spagnolo  ribadisce tale signorilit\u00e0  nel media day in Ohio: &#8220;Entrambi abbiamo tagliato notevoli traguardi in poco tempo e sono felice della rivalit\u00e0 che stiamo creando, ma io  non ci penso troppo, \u00e8 una cosa che riguarda la gente. Credo che  Sinner ed io avremo ancora tanti anni per proseguire cos\u00ec&#8221;.\u00a0<\/p>\n<p>    sorrisi e obiettivo\u2014 \u00a0<\/p>\n<p class=\"paragraph is-inline\" spellcheck=\"true\">Il loro primo incrocio sul rinnovato impianto di Cincinnati (&#8220;Sono sbalordito dai cambiamenti, sembra tutto nuovo, con tanti spazi in pi\u00f9 e mi pareva di essere qui per la prima volta&#8221;, ha detto Carlos), \u00e8 avvenuto a bordo campo prima di un allenamento: battute sulle vacanze passate, sorrisi e cordialit\u00e0, ma con una missione chiara in mente. &#8220;Il mio obiettivo da qui a fine della stagione \u00e8 riconquistare il numero 1 al mondo&#8221;, ammonisce Alcaraz.  Considerando che fra Cincy e gli Us Open  difende solo 60 punti contro i 3000 di Sinner, detentore di entrambi i titoli, e che al momento Jannik ha 3430 punti di margine, il duello per lo scettro del ranking, soprattutto dopo New York, si prospetta molto acceso. Sul  ko di Wimbledon contro Sinner, il settimo Slam di fila vinto da uno dei due, a conferma di come il loro duello stia marchiando la storia recente del tennis, Carlos mostra maturit\u00e0: &#8220;Prima o poi doveva accadere di perdere una finale Slam  &#8211; dice lo spagnolo con saggezza -. \u00c8 stata una situazione nuova per me, ma bisogna essere pronti anche a questo. Ovviamente speravo che non accadesse,  non vorrei mai perdere una finale, ma sono uscito dal campo  orgoglioso, pensando che \u00e8 capitato a tutti nella storia del tennis. Ci ho messo  alcune ore a superare la sconfitta, ero comunque grato di  aver vissuto una finale di Wimbledon&#8221;.\u00a0<\/p>\n<p>    gioia\u2014 \u00a0<\/p>\n<p class=\"paragraph is-inline\" spellcheck=\"true\">Dopo il relax post Wimbledon senza  tennis (&#8220;Quando sono in vacanza, non metto piede nemmeno in palestra, solo riposo: mi svegliavo e mi  dicevo di tornare subito a dormire&#8221;), per ricaricare le batterie dopo sette mesi in cui ha vinto 5 tornei (fra cui il Roland Garros) la ripresa \u00e8 volta a consolidare lo stato di forma raggiunto. &#8220;Sono molto soddisfatto del mio momento: ci sono diversi miglioramenti che vorrei apportare al mio tennis, ma ora la cosa fondamentale \u00e8 di mantenere la gioia in campo ed essere felice  fuori&#8221;. A Cincinnati, dove inizier\u00e0 domenica dal 2\u00b0 turno contro il vincente del match fra il bosniaco Dzumhur e il nostro Mattia Bellucci trover\u00e0 un cemento pi\u00f9 lento rispetto al passato: &#8220;\u00c8 un bene per me&#8221;. Occhio: la rincorsa \u00e8 iniziata.<\/p>\n<p class=\"is-copyright\">\u00a9 RIPRODUZIONE RISERVATA<\/p>\n","protected":false},"excerpt":{"rendered":"Lo spagnolo a poche ore dal debutto a Cincinnati: &#8220;Wimbledon? Prima o poi doveva capitare di perdere una&hellip;\n","protected":false},"author":3,"featured_media":35371,"comment_status":"","ping_status":"","sticky":false,"template":"","format":"standard","meta":{"footnotes":""},"categories":[1457],"tags":[1265,1953,921,3363,20346,6191,2597,2238,2245,1426,33023,4965,19143,1537,90,89,1269,11040,11041,1312,809,15005,8013,33022,33024,1292,899,33025,1271,12044,366,3423,33026,3665,245,244,1567,33027,5248,1273,1928,2200,5325,1274,16860],"class_list":{"0":"post-35370","1":"post","2":"type-post","3":"status-publish","4":"format-standard","5":"has-post-thumbnail","7":"category-tennis","8":"tag-alcaraz","9":"tag-campione","10":"tag-campo","11":"tag-carlos","12":"tag-cemento","13":"tag-cincinnati","14":"tag-doveva","15":"tag-duello","16":"tag-felice","17":"tag-finale","18":"tag-finale-slam","19":"tag-gente","20":"tag-gioia","21":"tag-it","22":"tag-italia","23":"tag-italy","24":"tag-jannik","25":"tag-new","26":"tag-new-york","27":"tag-numero","28":"tag-obiettivo","29":"tag-ohio","30":"tag-perdere","31":"tag-perdere-finale","32":"tag-perdere-finale-slam","33":"tag-punti","34":"tag-rapporto","35":"tag-rincorsa","36":"tag-rivalita","37":"tag-sconfitta","38":"tag-sinner","39":"tag-slam","40":"tag-sorrisi","41":"tag-spagnolo","42":"tag-sport","43":"tag-sports","44":"tag-storia","45":"tag-storia-tennis","46":"tag-tanti","47":"tag-tennis","48":"tag-testa","49":"tag-vinto","50":"tag-vorrei","51":"tag-wimbledon","52":"tag-york"},"share_on_mastodon":{"url":"","error":""},"_links":{"self":[{"href":"https:\/\/www.europesays.com\/it\/wp-json\/wp\/v2\/posts\/35370","targetHints":{"allow":["GET"]}}],"collection":[{"href":"https:\/\/www.europesays.com\/it\/wp-json\/wp\/v2\/posts"}],"about":[{"href":"https:\/\/www.europesays.com\/it\/wp-json\/wp\/v2\/types\/post"}],"author":[{"embeddable":true,"href":"https:\/\/www.europesays.com\/it\/wp-json\/wp\/v2\/users\/3"}],"replies":[{"embeddable":true,"href":"https:\/\/www.europesays.com\/it\/wp-json\/wp\/v2\/comments?post=35370"}],"version-history":[{"count":0,"href":"https:\/\/www.europesays.com\/it\/wp-json\/wp\/v2\/posts\/35370\/revisions"}],"wp:featuredmedia":[{"embeddable":true,"href":"https:\/\/www.europesays.com\/it\/wp-json\/wp\/v2\/media\/35371"}],"wp:attachment":[{"href":"https:\/\/www.europesays.com\/it\/wp-json\/wp\/v2\/media?parent=35370"}],"wp:term":[{"taxonomy":"category","embeddable":true,"href":"https:\/\/www.europesays.com\/it\/wp-json\/wp\/v2\/categories?post=35370"},{"taxonomy":"post_tag","embeddable":true,"href":"https:\/\/www.europesays.com\/it\/wp-json\/wp\/v2\/tags?post=35370"}],"curies":[{"name":"wp","href":"https:\/\/api.w.org\/{rel}","templated":true}]}}