{"id":353985,"date":"2026-02-15T03:28:15","date_gmt":"2026-02-15T03:28:15","guid":{"rendered":"https:\/\/www.europesays.com\/it\/353985\/"},"modified":"2026-02-15T03:28:15","modified_gmt":"2026-02-15T03:28:15","slug":"brooklyn-beckham-accecato-dallamore-victoria-e-arrabbiata-e-ne-ha-tutto-il-diritto-lei-e-david-hanno-fatto-tantissimo-per-lui","status":"publish","type":"post","link":"https:\/\/www.europesays.com\/it\/353985\/","title":{"rendered":"\u00abBrooklyn Beckham? Accecato dall&#8217;amore. Victoria \u00e8 arrabbiata e ne ha tutto il diritto, lei e David hanno fatto tantissimo per lui\u00bb"},"content":{"rendered":"<p>&#13;<br \/>\n                               &#13;<br \/>\n                                                &#13;<br \/>\n                &#13;<\/p>\n<p>La rottura interna alla famiglia <a href=\"https:\/\/www.leggo.it\/t\/beckham\" rel=\"nofollow noopener\" target=\"_blank\">Beckham<\/a> non smette di far discutere. Stavolta \u00e8 il celebre chef britannico <a href=\"https:\/\/www.leggo.it\/t\/gordon-ramsay\" rel=\"nofollow noopener\" target=\"_blank\">Gordon Ramsay<\/a> a esprimersi sulla questione, amico della famiglia da oltre vent&#8217;anni. Durante un evento di promozione della sua nuova serie Netflix, Being Gordon Ramsay, ha parlato al The Sun della difficile situazione che <strong>Victoria e David<\/strong> stanno affrontando, ammettendo di essere rimasto <strong>in contatto con Brooklyn<\/strong>, con cui avrebbe scambiato qualche messaggio:\u00a0\u00abGli voglio bene, ha un cuore incredibile\u00bb, avrebbe detto al The Sun.<\/p>\n<p>&#13;<br \/>\n&#13;<br \/>\n&#13;<br \/>\n&#13;<br \/>\n\u00abL&#8217;amore \u00e8 cieco\u00bb&#13;<br \/>\n&#13;<\/p>\n<p>Lo chef stellato non la manda a dire: \u00ab\u00c8 difficile essere infatuati, vero? L&#8217;amore \u00e8 cieco. Si dice cos\u00ec per un motivo\u00bb, ha commentato, sottolineando quanto la situazione sia difficile, sia da una parte che dall&#8217;altra. \u00abVuole assolutamente essere indipendente, costruire la sua strada, e rispetto questo di Brooklyn &#8211; ha detto -. \u00c8 una cosa bella da fare. Ma bisogna ricordare da dove si viene. La verit\u00e0 \u00e8 che un giorno la mamma e il pap\u00e0 non ci saranno pi\u00f9, e bisogna capirlo\u00bb.<\/p>\n<p>&#13;<br \/>\n&#13;<\/p>\n<p>Poi, riguardo i genitori del ragazzo, ha dichiarato: \u00abVictoria \u00e8 arrabbiata, e ha ogni ragione per esserlo. <\/p>\n<p>So quanto David ami Brooklyn. Tutti i giorni. Sette giorni a settimana\u00bb. Ramsay ha affermato che lui e Brooklyn si sono scambiati dei messaggi e ha espresso il profondo affetto che prova ne suoi confronti.&#13;<br \/>\n&#13;<br \/>\n\u00abRicordati, sei met\u00e0 mamma, met\u00e0 pap\u00e0\u00bb&#13;<br \/>\n&#13;<\/p>\n<p>Lo chef ha affermato: \u00abHo visto coi miei occhi che genitori eccezionali sono. David \u00e8 un pap\u00e0 incredibile. Entrambi hanno messo tutto ci\u00f2 che avevano nel crescere i propri figli e so quante volte hanno tirato fuori Brooklyn da situazioni di me*da. Credo sia solo una questione di tempo prima che si analizzi e capisca quanto i suoi genitori contino per lui. Voglio solo che Brooklyn si prenda un momento per s\u00e9. E che si ricordi che \u00e8 met\u00e0 mamma e met\u00e0 pap\u00e0. Un giovane uomo incredibile\u00bb.\u00a0<\/p>\n<p>&#13;<br \/>\n&#13;<\/p>\n<p>Infine gli ricorda: \u00abHanno fatto pi\u00f9 loro per te che chiunque altro nella tua vita. Il tempo guarisce tutto, e David sicuramente riporter\u00e0 in carreggiata la relazione\u00bb.<\/p>\n<p>&#13;<br \/>\n&#13;<br \/>\nL&#8217;amicizia tra Ramsay e i Beckham&#13;<br \/>\n&#13;<\/p>\n<p>Gordon Ramsay \u00e8 amico storico della famiglia Beckham fin dai primi anni Duemila, quando David era ancora in Premier League e Victoria iniziava a costruire il suo percorso nella moda. Le due famiglie hanno condiviso vacanze, cene private e momenti importanti, ben oltre le luci dei riflettori. Non \u00e8 quindi un commento da semplice osservatore esterno: quando Ramsay parla di Brooklyn e del malumore di Victoria, lo fa da amico di lunga data, con un legame personale che rende le sue dichiarazioni ancora pi\u00f9 significative.<\/p>\n<p>                                &#13;<br \/>\n                &#13;<br \/>\n&#13;<br \/>\n                Ultimo aggiornamento: sabato 14 febbraio 2026, 17:26&#13;<br \/>\n                <br \/>&#13;<br \/>\n                &#13;<br \/>\n                  &#13;<br \/>\n                    &#13;<br \/>\n                        \u00a9 RIPRODUZIONE RISERVATA&#13;<\/p>\n<p>&#13;<\/p>\n<p>                    &#13;<\/p>\n","protected":false},"excerpt":{"rendered":"&#13; &#13; &#13; &#13; La rottura interna alla famiglia Beckham non smette di far discutere. Stavolta \u00e8 il&hellip;\n","protected":false},"author":3,"featured_media":353986,"comment_status":"","ping_status":"","sticky":false,"template":"","format":"standard","meta":{"footnotes":"","_share_on_mastodon":"0"},"categories":[1451],"tags":[28787,1621,1620,27087,203,58676,204,1537,90,89,15379],"class_list":["post-353985","post","type-post","status-publish","format-standard","has-post-thumbnail","category-celebrita","tag-brooklyn-beckham","tag-celebrita","tag-celebrities","tag-david-beckham","tag-entertainment","tag-gordon-ramsay","tag-intrattenimento","tag-it","tag-italia","tag-italy","tag-victoria-beckham"],"share_on_mastodon":{"url":"https:\/\/pubeurope.com\/@it\/116072526810465955","error":""},"_links":{"self":[{"href":"https:\/\/www.europesays.com\/it\/wp-json\/wp\/v2\/posts\/353985","targetHints":{"allow":["GET"]}}],"collection":[{"href":"https:\/\/www.europesays.com\/it\/wp-json\/wp\/v2\/posts"}],"about":[{"href":"https:\/\/www.europesays.com\/it\/wp-json\/wp\/v2\/types\/post"}],"author":[{"embeddable":true,"href":"https:\/\/www.europesays.com\/it\/wp-json\/wp\/v2\/users\/3"}],"replies":[{"embeddable":true,"href":"https:\/\/www.europesays.com\/it\/wp-json\/wp\/v2\/comments?post=353985"}],"version-history":[{"count":0,"href":"https:\/\/www.europesays.com\/it\/wp-json\/wp\/v2\/posts\/353985\/revisions"}],"wp:featuredmedia":[{"embeddable":true,"href":"https:\/\/www.europesays.com\/it\/wp-json\/wp\/v2\/media\/353986"}],"wp:attachment":[{"href":"https:\/\/www.europesays.com\/it\/wp-json\/wp\/v2\/media?parent=353985"}],"wp:term":[{"taxonomy":"category","embeddable":true,"href":"https:\/\/www.europesays.com\/it\/wp-json\/wp\/v2\/categories?post=353985"},{"taxonomy":"post_tag","embeddable":true,"href":"https:\/\/www.europesays.com\/it\/wp-json\/wp\/v2\/tags?post=353985"}],"curies":[{"name":"wp","href":"https:\/\/api.w.org\/{rel}","templated":true}]}}