{"id":354016,"date":"2026-02-15T04:03:23","date_gmt":"2026-02-15T04:03:23","guid":{"rendered":"https:\/\/www.europesays.com\/it\/354016\/"},"modified":"2026-02-15T04:03:23","modified_gmt":"2026-02-15T04:03:23","slug":"alessandro-gassmann-io-malinconico-come-lavvocato-guerrieri-mio-figlio-leo-a-sanremo-e-piu-bravo-di-elvis-pucci-volgare-e-offensivo","status":"publish","type":"post","link":"https:\/\/www.europesays.com\/it\/354016\/","title":{"rendered":"Alessandro Gassmann: \u00abIo malinconico come l&#8217;avvocato Guerrieri. Mio figlio Leo a Sanremo? \u00c8 pi\u00f9 bravo di Elvis. Pucci volgare e offensivo\u00bb"},"content":{"rendered":"<p>    di<br \/>\n    Rosanna Scardi<\/p>\n<p class=\"summary-art is-line-h-12\">Il popolare attore sar\u00e0 protagonista della fiction in onda dal 15 marzo su Rai Uno e tratta dai romanzi di Gianrico Carofiglio: \u00abHo girato per quattro mesi in una Bari magnifica, che sembra pulita come Oslo\u00bb<\/p>\n<p class=\"chapter-paragraph\">\u00abSuper <b>Bari<\/b>, la conoscevo poco, passandoci solo per il <b>Bif&amp;st <\/b>o qualche tappa teatrale. Questa volta, ci ho vissuto per quattro mesi, tra settembre e dicembre 2024, in un\u2019estate protratta fino a inizio autunno.  \u00c8 stato fantastico\u00bb. A parlare \u00e8 <b>Alessandro Gassmann<\/b> che interpreta un avvocato in bilico tra il successo nelle aule di giustizia e le sue fragilit\u00e0 in <b>Guerrieri<\/b> \u2013 La regola dell\u2019equilibrio. La fiction, diretta da <b>Gianluca Maria Tavarelli<\/b>, sar\u00e0 <b>in onda da luned\u00ec 9 marzo, in quattro prime serate, su Rai Uno<\/b>. La serie, un legal che racconta gli ingranaggi e le logiche della giustizia con ritmo e tensione da thriller, \u00e8 tratta dai romanzi dello scrittore ed ex magistrato barese <b>Gianrico Carofiglio<\/b> (che \u00e8 uno degli sceneggiatori): Ragionevoli dubbi e Le perfezioni provvisorie, editi da <b>Sellerio<\/b>, e La regola dell\u2019equilibrio, pubblicato da <b>Einaudi<\/b>.<\/p>\n<p class=\"chapter-paragraph\"><b>Gassmann, cos\u2019ha in comune con il penalista che interpreta?<\/b>    &#13;<br \/>\n&#13;<br \/>\n&#13;<br \/>\n&#13;<br \/>\n&#13;<br \/>\n&#13;<br \/>\n&#13;<br \/>\n&#13;<br \/>\n&#13;<br \/>\n&#13;<br \/>\n&#13;<br \/>\n&#13;<br \/>\n&#13;<br \/>\n&#13;<br \/>\n&#13;<br \/>\n&#13;<br \/>\n&#13;<br \/>\n&#13;<br \/>\n&#13;<br \/>\n&#13;<br \/>\n&#13;<br \/>\n&#13;<br \/>\n&#13;<br \/>\n&#13;<br \/>\n&#13;<br \/>\n&#13;<br \/>\n&#13;<br \/>\n&#13;<br \/>\n&#13;<br \/>\n&#13;<br \/>\n&#13;<br \/>\n&#13;<br \/>\n&#13;<br \/>\n&#13;<br \/>\n&#13;<br \/>\n&#13;<br \/>\n&#13;<br \/>\n&#13;<br \/>\n&#13;<br \/>\n&#13;<br \/>\n&#13;<br \/>\n&#13;<br \/>\n&#13;<br \/>\n&#13;<br \/>\n&#13;<br \/>\n&#13;<br \/>\n&#13;<br \/>\n&#13;<br \/>\n&#13;<br \/>\n&#13;<br \/>\n&#13;<br \/>\n&#13;<br \/>\n&#13;\n<\/p>\n<p class=\"chapter-paragraph\">\u00abL\u2019aspetto malinconico e introspettivo; al di l\u00e0 di quando sono in pubblico, ho un carattere chiuso e introverso, non sono un chiacchierone. Come Guerrieri, che \u00e8 abile nelle parole, pure io lo sono quando esercito la mia specialit\u00e0 artistica. Abbiamo in comune anche la grande severit\u00e0 nei confronti di noi stessi: sono un perenne insoddisfatto, mai contento e cerco di migliorarmi sempre. Anche dai collaboratori, Guerrieri esige perfezione e solerzia. E poi ci assomigliamo nell\u2019osservazione della vita, anche se io sono un animale diurno, lui notturno\u00bb.<\/p>\n<p class=\"chapter-paragraph\"><b>Anche lei pratica la boxe?<\/b><\/p>\n<p class=\"chapter-paragraph\">\u00abL\u2019ho praticata secoli fa, da ragazzo. Mi sono rimesso i guantoni nella serie. Il pugilato \u00e8 uno sfogo personale, uno specchio per parlare con se stessi\u00bb.<\/p>\n<p class=\"chapter-paragraph\"><b>L\u2019altra protagonista \u00e8 Bari.<\/b><\/p>\n<p class=\"chapter-paragraph\">\u00abIl capoluogo pugliese \u00e8 rinato grazie a venti anni di buona amministrazione, ha scoperto il turismo e l\u2019accoglienza, \u00e8 una citt\u00e0 che sorride, sobria, elegante, la cui pietra bianca, illuminata di notte, emana dei riflessi che affascinano. Il regista l\u2019ha paragonata a Oslo per la pulizia, l\u2019immagine fuori dai luoghi comuni per cui le citt\u00e0 del Sud sono sporche e non funziona nulla. Bari, come Lecce, dimostra il contrario\u00bb.<\/p>\n<p class=\"chapter-paragraph\"><b>La sua prima regola \u00e8 stata non ingrassare (nel primo episodio si vede un tegame di cavatelli con le cozze). Come ci \u00e8 riuscito?<\/b><\/p>\n<p class=\"chapter-paragraph\">\u00abAllenandomi; ho la fortuna di non mangiare dolci e non bevo tanto, solo un bicchiere la sera. Su tutto il resto, non mi sono mai lesinato. Ma c\u2019\u00e8 un aneddoto dal set: il regista apprezzava i panzerotti. E cos\u00ec, dopo un vassoio per la troupe, chiedeva: \u201cFacciamocene portare un altro\u201d. E cos\u00ec via. Nel giro di dieci ore ha mangiato otto panzerotti. E dire che quando si gira a Roma, a met\u00e0 mattina, ci dobbiamo accontentare di un pezzetto di pizza bianca\u00bb.<\/p>\n<p class=\"chapter-paragraph\"><b>Ivana Lotito nei panni di un\u2019ex giornalista, ora investigatrice, ha raccontato di essere caduta per l\u2019emozione di lavorare con lei. <\/b><\/p>\n<p class=\"chapter-paragraph\">\u00abIvana \u00e8 caduta perch\u00e9 \u00e8 una pera cotta, \u00e8 cascata per distrazione. L\u2019abbiamo vista rotolare dalle scale, poi si \u00e8 spaccata un piede in moto, facendosi male, e ha avuto il tutore. Le prime scene sono state pi\u00f9 da seduta. Poi, come vedrete nella prima puntata, supera tutti gli acciacchi, dandosi a un inseguimento per i vicoli di Bari Vecchia. Con lei ho lavorato molto bene, come con tutto il cast\u00bb.<\/p>\n<p class=\"chapter-paragraph\"><b>A differenza di Luisa Ranieri in \u201cLolita Lobosco\u201d, lei non recita con una cadenza barese. <\/b><\/p>\n<p class=\"chapter-paragraph\">\u00abGuerrieri, come nei romanzi, usa la lingua come un\u2019arma primaria, pertanto parla un italiano perfetto, senza accento. E poi non volevo risultare poco credibile. Quindi, un po\u2019 per scelta, un po\u2019 per mia incapacit\u00e0, parlo un italiano pulito\u00bb.<\/p>\n<p class=\"chapter-paragraph\"><b>Nella prima puntata, a fare da colonna sonora \u00e8 \u201cBaccal\u00e0\u201d di Serena Brancale che sar\u00e0 in gara a Sanremo, come suo figlio Leo.<\/b><\/p>\n<p class=\"chapter-paragraph\">\u00abSerena \u00e8 una bravissima cantante, ma contro mio figlio perder\u00e0 sicuramente, si deve rassegnare. Leo \u00e8 il mio cantante pop preferito. Pi\u00f9 bravo anche di Elvis. In questo, non sono sportivo\u00bb.<\/p>\n<p class=\"chapter-paragraph\"><b>A proposito del festival, qual \u00e8 la sua opinione su Pucci? Che \u00e8 stato invitato, ma poi c\u2019\u00e8 stata una rivolta sui social in cui molti l\u2019hanno accusato di sessismo. Per questo il comico ha rinunciato.<\/b><\/p>\n<p class=\"chapter-paragraph\">\u00abNon apprezzo la comicit\u00e0 di Pucci, la trovo volgare e offensiva. Il festival non ha perso un grande comico, ma allo stesso tempo bisogna stare attenti con la censura in un Paese che ha bisogno di dare la possibilit\u00e0 alla gente di dire ci\u00f2 che pensa. Le sue sono offese gravissime, la bassezza di certe battute a me non fa ridere. Allo stesso tempo non \u00e8 un errore cos\u00ec grave averlo invitato. C\u2019\u00e8 chi apprezza la sua comicit\u00e0? Non condivido, ma rispetto\u00bb.<\/p>\n<p class=\"is-mr-t-20 is-mr-b-20\"><b><br \/>\n                    <a href=\"https:\/\/bari.corriere.it\/?intcmp=Notizielocali_nd_010623_corriere_ss_bari\" target=\"_blank\" rel=\"nofollow noopener\">Vai a tutte le notizie di Bari<\/a><br \/>\n            <\/b><\/p>\n<p class=\"chapter-paragraph\"><b><a href=\"https:\/\/www.corriere.it\/newsletter\/?theme=49&amp;intcmp=NL-artic_nd_050624_corriere_ss_mezzogior\" target=\"_blank\" rel=\"nofollow noopener\">Iscriviti alla newsletter del Corriere del Mezzogiorno Puglia<\/a><\/b><\/p>\n<p class=\"is-last-update\" datetime=\"2026-02-14T05:30:06+01:00\">14 febbraio 2026<\/p>\n<p class=\"is-copyright\">\n            \u00a9 RIPRODUZIONE RISERVATA\n        <\/p>\n","protected":false},"excerpt":{"rendered":"di Rosanna Scardi Il popolare attore sar\u00e0 protagonista della fiction in onda dal 15 marzo su Rai Uno&hellip;\n","protected":false},"author":3,"featured_media":354017,"comment_status":"","ping_status":"","sticky":false,"template":"","format":"standard","meta":{"footnotes":"","_share_on_mastodon":"0"},"categories":[174],"tags":[34111,205573,205574,503,205575,2535,24272,1239,24884,1682,842,2770,2942,44178,12548,5464,393,42764,203,9606,4631,37421,2716,205568,24269,205569,98507,485,205567,8311,204,26839,1537,90,1599,89,50848,12606,128802,8682,9167,45920,205570,5775,4425,655,26099,8202,2848,635,14203,205571,6791,9143,13528,1821,906,205572,64742],"class_list":["post-354016","post","type-post","status-publish","format-standard","has-post-thumbnail","category-intrattenimento","tag-abile","tag-abile-parole","tag-abile-parole-esercito","tag-accento","tag-accento-volevo","tag-alessandro","tag-alessandro-gassmann","tag-avvocato","tag-barese","tag-bari","tag-bianca","tag-caduta","tag-cantante","tag-carofiglio","tag-comicita","tag-comico","tag-comune","tag-elvis","tag-entertainment","tag-equilibrio","tag-festival","tag-fiction","tag-figlio","tag-figlio-leo","tag-gassmann","tag-gianrico","tag-gianrico-carofiglio","tag-giustizia","tag-guerrieri","tag-interpreta","tag-intrattenimento","tag-invitato","tag-it","tag-italia","tag-italiano","tag-italy","tag-ivana","tag-leo","tag-malinconico","tag-marzo","tag-onda","tag-oslo","tag-panzerotti","tag-parlare","tag-prime","tag-protagonista","tag-pucci","tag-puntata","tag-rai","tag-regista","tag-regola","tag-regola-equilibrio","tag-romanzi","tag-sanremo","tag-serena","tag-serie","tag-tratta","tag-tratta-romanzi","tag-volgare"],"share_on_mastodon":{"url":"","error":"Validation failed: Text character limit of 500 exceeded"},"_links":{"self":[{"href":"https:\/\/www.europesays.com\/it\/wp-json\/wp\/v2\/posts\/354016","targetHints":{"allow":["GET"]}}],"collection":[{"href":"https:\/\/www.europesays.com\/it\/wp-json\/wp\/v2\/posts"}],"about":[{"href":"https:\/\/www.europesays.com\/it\/wp-json\/wp\/v2\/types\/post"}],"author":[{"embeddable":true,"href":"https:\/\/www.europesays.com\/it\/wp-json\/wp\/v2\/users\/3"}],"replies":[{"embeddable":true,"href":"https:\/\/www.europesays.com\/it\/wp-json\/wp\/v2\/comments?post=354016"}],"version-history":[{"count":0,"href":"https:\/\/www.europesays.com\/it\/wp-json\/wp\/v2\/posts\/354016\/revisions"}],"wp:featuredmedia":[{"embeddable":true,"href":"https:\/\/www.europesays.com\/it\/wp-json\/wp\/v2\/media\/354017"}],"wp:attachment":[{"href":"https:\/\/www.europesays.com\/it\/wp-json\/wp\/v2\/media?parent=354016"}],"wp:term":[{"taxonomy":"category","embeddable":true,"href":"https:\/\/www.europesays.com\/it\/wp-json\/wp\/v2\/categories?post=354016"},{"taxonomy":"post_tag","embeddable":true,"href":"https:\/\/www.europesays.com\/it\/wp-json\/wp\/v2\/tags?post=354016"}],"curies":[{"name":"wp","href":"https:\/\/api.w.org\/{rel}","templated":true}]}}