{"id":354985,"date":"2026-02-15T20:14:15","date_gmt":"2026-02-15T20:14:15","guid":{"rendered":"https:\/\/www.europesays.com\/it\/354985\/"},"modified":"2026-02-15T20:14:15","modified_gmt":"2026-02-15T20:14:15","slug":"ospiti-e-classifiche-tre-allievi-accedono-al-serale","status":"publish","type":"post","link":"https:\/\/www.europesays.com\/it\/354985\/","title":{"rendered":"ospiti e classifiche. Tre allievi accedono al Serale"},"content":{"rendered":"<p>Dodici posti per il Serale e continue gare (con tanto di classifiche) ad Amici, talent show di successo di Canale 5 che sta per entrare nella sua fase finale. Tra giudizi pungenti e nuove dinamiche, oggi pomeriggio \u00e8 andata in onda una nuova puntata del programma di Maria De Filippi. E ben tre allievi, due ballerini e un cantante, sono riusciti a indossare la tanto ambita maglia dorata. Ma ecco cosa \u00e8 successo, chi \u00e8 arrivato come ospite e chi si \u00e8 piazzato primo in classifica.\u00a0<\/p>\n<p>Ospiti e giudici\u00a0<\/p>\n<p>A giudicare le performance di canto sono arrivate in studio Giusy Ferreri e Drusilla Foer. Per il ballo, invece, il compito di dare consigli e voti \u00e8 finito nelle mani di Raimondo Todaro, ex prof del talent show, Oriella Dorella e Anbeta Toromani. Ospite musicale? Sempre Giusy Ferreri, che si \u00e8 esibita sulle note del suo singolo uscito lo scorso 2 gennaio \u201cMusica classica\u201d.\u00a0<\/p>\n<p>Le classifiche di canto e di ballo\u00a0<\/p>\n<p>Non tutti gli allievi, proprio come domenica scorsa, hanno avuto la possibilit\u00e0 di esibirsi. A stabilirlo sono stati i professori, sia di canto che di ballo, durante la settimana. Ma ecco la classifica di canto (i brani sono stati scelti dai ragazzi):\u00a0<\/p>\n<p>&#8211; Michele ha cantato Bruises di Lewis Capaldi: \u201cSi tratta di un brano che ha visto molte parti della mia vita, l&#8217;ho portato ai provini quest&#8217;estate ed \u00e8 un pezzo che mi accompagna da molto\u201d, ha detto. Per Giusy Ferreri \u00e8 stato \u201cbravissimo perch\u00e9 \u00e8 riuscito a far arrivare la canzone come se fosse stata sua&#8221;.\u00a0<\/p>\n<p>&#8211; Lorenzo si \u00e8 esibito sulle note de Il morso di Tyson di Brunori Sas. \u201cVolevo portare qualcosa di diverso, pi\u00f9 energico ma sempre sentimentale\u201d, ha detto. Drusilla: \u201cPiacevole sentirti, la tua voce resta sonora, accesa e vitale. Si apre a molti colori\u201d.\u00a0<\/p>\n<p>&#8211; Elena ha cantato Rolling in the Deep accompagnata dalla sua chitarra. \u201cHo scelto questo brano per dimostrare che io credo in me\u201d, ha detto la giovane cantante (20 anni). E con la sua performance ha convinto Giusy Ferreri: \u201cComplimenti, hai una bellissima voce e l&#8217;hai usata molto bene\u201d.\u00a0<\/p>\n<p>&#8211; Gard ha cantato L&#8217;elefante e la farfalla di Michele Zarrillo perch\u00e9 \u201cha segnato la sua vita\u201d. Drusilla Foer: \u201cUna bellissima canzone, hai una purezza di pensiero. Mi era evidente che stavi pensando a cosa stavi cantando\u201d.\u00a0<\/p>\n<p>&#8211; Plasma ha cantato Stupida anima di Chiello, una \u201ccanzone che mi ricorda un momento specifico della mia vita\u201d. E ha scritto le sue barre. Drusilla Foer: \u201cLa parte che hai aggiunto te era sentita, aveva quel borbottio dell&#8217;anima. Poi la tua voce si \u00e8 accesa con questo strumento vocale inaspettato, con un bel colore. Mi \u00e8 piaciuta la tua esibizione\u201d.\u00a0<\/p>\n<p>&#8211; Valentina ha cantato Pink pony club perch\u00e9 \u201c\u00e8 un luogo dove io potrei essere quello che voglio, senza essere giudicata\u201d. Giusy Ferreri: \u201cBrava, scelta difficile. Su alcune note ci sono state sbavature, ma ci pu\u00f2 stare. Vedo in te una personalit\u00e0 molto costruita\u201d.\u00a0<\/p>\n<p>Per il momento Enel Rudy Zerbi ha dato la possibilit\u00e0 a Elena di esibirsi di nuovo sulle note del suo nuovo singolo \u2018Lolita\u2019.\u00a0<\/p>\n<p>Questa, invece, la classifica di ballo:<\/p>\n<p>&#8211; Emiliano ha ballato sulle note di Angels di Robbie Williams. Oriella Dorella: \u201cSi vede che hai studiato, che hai cura delle tue posizioni. Sei anche acrobatico e veloce, direi che hai gi\u00e0 fatto molto. Puoi fare di pi\u00f9\u201d. Poi il consiglio: \u201cNon trasformare energia in forza perch\u00e9 hai un movimento garbato\u201d.\u00a0<\/p>\n<p>&#8211; Simone ha ballato un passo a due con la professionista Arianna. Raimondo Todaro: \u201cBravissimo, tanta roba. Hai musicalit\u00e0, sei misurato nell&#8217;energia. A me sei piaciuto un sacco\u201d.<\/p>\n<p>&#8211; Alex ha ballato un passo a due con la professionista Alessia Pecchia. Raimondo Todaro: \u201cMi piace la tua energia, la tua dinamica. Sei velocissimo e molto elegante. Un consiglio? Prova a usare di pi\u00f9 il tuo corpo\u201d. Complimenti anche da parte di Oriella Dorella, che ha trovato Alex molto migliorato.\u00a0<\/p>\n<p>&#8211; Kiara ha danzato sulle note di Telephone. Anbeta: \u201cMi piace la sua energia, \u00e8 precisa e musicale\u201d. Poi il consiglio: \u201cForse meno facce\u201d. Per Oriella \u00e8 stata \u201ccarina, molto dinamica\u201d.\u00a0<\/p>\n<p>&#8211; Nicola ha ballato con la professionista Chiara. Anbeta: \u201cNon sta bene con Chiara, lei ha delle linee pi\u00f9 lunghe. Sicuramente \u00e8 preparato, bravo, ha portato il passo a due fino alla fine bene\u201d. Oriella ha spiegato: \u201cDeve studiare bene, non c&#8217;\u00e8 una scelta di pulizia. Servono ricerca, perfezione, pulizia. La maestra Celentano ti aiuter\u00e0\u201d.<\/p>\n<p>Chi \u00e8 al Serale: tre allievi conquistano la maglia\u00a0<\/p>\n<p>Una puntata speciale quella di Amici andata in onda oggi. Il motivo? Sono state consegnate le prime maglie del Serale. Ben tre talenti, infatti, hanno avuto la possibilit\u00e0 di esibirsi davanti ai professori per cercare di convincerli e assicurarsi un posto nella fase finale del talent show di Maria De Filippi. \u00a0Il primo a scendere al centro studio \u00e8 stato Emiliano, giovanissimo ballerino del team di Alessandra Celentano, che ha ottenuto tre s\u00ec nell&#8217;immediato.\u00a0<\/p>\n<blockquote class=\"instagram-media\" style=\"background-color:#FFF;border-radius:3px;border-width:0;box-shadow:0 0 1px 0 rgba(0,0,0,0.5),0 1px 10px 0 rgba(0,0,0,0.15);margin:1px;max-width:540px;min-width:326px;padding:0;width:calc(100% - 2px);\" data-instgrm-captioned=\"\" data-instgrm-permalink=\"https:\/\/www.instagram.com\/p\/DUx-DphDFvG\/?utm_source=ig_embed&amp;utm_campaign=loading\" data-instgrm-version=\"14\"\/>\n<p>La stessa possibilit\u00e0, ma non con la stessa velocit\u00e0 nella consegna della maglia, \u00e8 stata data ad Alex, anche lui ballerino (della squadra di Veronica Peparini). Ha ballato un passo a due con Alessia, ma non ha convinto Emanuel Lo. \u201cPer me questa esibizione non vale. Non c&#8217;\u00e8 stata connessione tra danza e atteggiamento, eri molto bambino. Avrei preferito pi\u00f9 grinta e meno faccette\u201d. \u201cMi dispiace che non si vede la grinta\u201d, ha risposto Alex che \u00e8 stato difeso dalla Celentano e dalla sua maestra. Veronica Peparini ha chiesto al suo allievo di ballare di nuovo. E stavolta ce l&#8217;ha fatta a convincere anche Emanuel Lo: \u201cNonostante i sorrisini, per me questa esibizione vale\u201d. E Alex ha ottenuto la maglia.\u00a0<\/p>\n<blockquote class=\"instagram-media\" style=\"background-color:#FFF;border-radius:3px;border-width:0;box-shadow:0 0 1px 0 rgba(0,0,0,0.5),0 1px 10px 0 rgba(0,0,0,0.15);margin:1px;max-width:540px;min-width:326px;padding:0;width:calc(100% - 2px);\" data-instgrm-captioned=\"\" data-instgrm-permalink=\"https:\/\/www.instagram.com\/p\/DUyAajBjG-B\/?utm_source=ig_embed&amp;utm_campaign=loading\" data-instgrm-version=\"14\"\/>\n<p>Lo stesso \u00e8 accaduto con Michele, cantante del team di Lorella Cuccarini, che si \u00e8 esibito tre volte. E ha \u2018incassato\u2019 per ben due volte di seguito il \u2018no\u2019 di Anna Pettinelli: \u201cLui ha una potenza, perch\u00e9 hai scelto la canzone pi\u00f9 difficile?\u201d, ha detto rivolgendosi alla Cuccarini dopo la prima esibizione. \u201cIo mi assumo tutte le responsabilit\u00e0 di tutti i pezzi\u201d, ha spiegato la maestra. Anna Pettinelli ha confermato il suo no anche dopo la seconda performance: \u201cMi devi dare la rotondit\u00e0 dell&#8217;interpretazione forte, senza sbavature\u201d, ha detto. Ma alla fine Michele \u00e8 riuscito a convincere la Pettinelli e a indossare la felpa.\u00a0<\/p>\n<blockquote class=\"instagram-media\" style=\"background-color:#FFF;border-radius:3px;border-width:0;box-shadow:0 0 1px 0 rgba(0,0,0,0.5),0 1px 10px 0 rgba(0,0,0,0.15);margin:1px;max-width:540px;min-width:326px;padding:0;width:calc(100% - 2px);\" data-instgrm-captioned=\"\" data-instgrm-permalink=\"https:\/\/www.instagram.com\/p\/DUyCK5sDDQp\/?utm_source=ig_embed&amp;utm_campaign=loading\" data-instgrm-version=\"14\"\/>\n<p>I primi tre allievi, quindi, hanno indossato la maglia dorata, ma la corsa verso il Serale continua. E l&#8217;appuntamento con la prossima puntata di Amici \u00e8 per domenica 22 febbraio, sempre a partire dalle 14 su Canale 5.\u00a0<\/p>\n<p>\u00a0<\/p>\n<p>      <script async src=\"\/\/www.instagram.com\/embed.js\"><\/script><\/p>\n","protected":false},"excerpt":{"rendered":"Dodici posti per il Serale e continue gare (con tanto di classifiche) ad Amici, talent show di successo&hellip;\n","protected":false},"author":3,"featured_media":354986,"comment_status":"","ping_status":"","sticky":false,"template":"","format":"standard","meta":{"footnotes":"","_share_on_mastodon":"0"},"categories":[1444],"tags":[1266,206114,199113,203,204,1537,90,89,195426,206115,253],"class_list":["post-354985","post","type-post","status-publish","format-standard","has-post-thumbnail","category-tv","tag-amici","tag-amici-spoiler","tag-anticipazioni-amici-oggi","tag-entertainment","tag-intrattenimento","tag-it","tag-italia","tag-italy","tag-riassunto-amici-oggi","tag-serale-amici","tag-tv"],"share_on_mastodon":{"url":"https:\/\/pubeurope.com\/@it\/116076483050233178","error":""},"_links":{"self":[{"href":"https:\/\/www.europesays.com\/it\/wp-json\/wp\/v2\/posts\/354985","targetHints":{"allow":["GET"]}}],"collection":[{"href":"https:\/\/www.europesays.com\/it\/wp-json\/wp\/v2\/posts"}],"about":[{"href":"https:\/\/www.europesays.com\/it\/wp-json\/wp\/v2\/types\/post"}],"author":[{"embeddable":true,"href":"https:\/\/www.europesays.com\/it\/wp-json\/wp\/v2\/users\/3"}],"replies":[{"embeddable":true,"href":"https:\/\/www.europesays.com\/it\/wp-json\/wp\/v2\/comments?post=354985"}],"version-history":[{"count":0,"href":"https:\/\/www.europesays.com\/it\/wp-json\/wp\/v2\/posts\/354985\/revisions"}],"wp:featuredmedia":[{"embeddable":true,"href":"https:\/\/www.europesays.com\/it\/wp-json\/wp\/v2\/media\/354986"}],"wp:attachment":[{"href":"https:\/\/www.europesays.com\/it\/wp-json\/wp\/v2\/media?parent=354985"}],"wp:term":[{"taxonomy":"category","embeddable":true,"href":"https:\/\/www.europesays.com\/it\/wp-json\/wp\/v2\/categories?post=354985"},{"taxonomy":"post_tag","embeddable":true,"href":"https:\/\/www.europesays.com\/it\/wp-json\/wp\/v2\/tags?post=354985"}],"curies":[{"name":"wp","href":"https:\/\/api.w.org\/{rel}","templated":true}]}}