{"id":355221,"date":"2026-02-15T23:45:12","date_gmt":"2026-02-15T23:45:12","guid":{"rendered":"https:\/\/www.europesays.com\/it\/355221\/"},"modified":"2026-02-15T23:45:12","modified_gmt":"2026-02-15T23:45:12","slug":"apu-sconfitta-con-lonore-delle-armi-a-bologna","status":"publish","type":"post","link":"https:\/\/www.europesays.com\/it\/355221\/","title":{"rendered":"APU sconfitta con l&#8217;onore delle armi a Bologna"},"content":{"rendered":"<p align=\"JUSTIFY\"><strong>BOLOGNA \u2013<\/strong> L\u2019Old Wild West Udine esce sconfitta di misura per <strong>90 a 86<\/strong>\u00a0per mano della Virtus Bologna dopo una partita che ha visto i campioni d\u2019Italia in carica doversi seriamente rimboccare le maniche per avere la meglio sui friulani.<\/p>\n<p align=\"JUSTIFY\">L\u2019inizio non \u00e8 stato, invero, uno dei migliori per Alibegovic e compagni che hanno sofferto la grande fisicit\u00e0 e aggressivit\u00e0 dei padroni di casa che si sono subito portati avanti con un eloquente 9 a 0. Il vantaggio dei felsinei, letali a sfruttare ogni piccola amnesia ospite e con Edwards in grande spolvero, si \u00e8 esteso fino al +20 (39-19) di inizio secondo quarto, dando momentaneamente ragione a coloro che si aspettavano una partita dall\u2019esito scontato.<\/p>\n<p align=\"JUSTIFY\">I bianconeri non si sono, per\u00f2, persi d\u2019animo ed hanno ricucito lo svantaggio nel proseguo del secondo quarto, vinto, a suon di triple di <strong>Bendzius ed Alibegovic<\/strong>, con un parziale di 34 a 23 che ha riportato a sole 5 lunghezze di distanza gli ospiti.<\/p>\n<p align=\"JUSTIFY\">I secondi 20\u2032 sono stati all\u2019insegna dell\u2019equilibrio ed han visto Udine rispondere colpo su colpo alle iniziative dei padroni di casa, reduci dall\u2019impegno di Eurolega contro l\u2019Efes Pilsen. La squadra friulana ha beneficiato dell\u2019ottima prestazione della sua asse play-pivot <strong>Christon<\/strong> (16 punti e 5 assist) e <strong>Mekowulu<\/strong> (15 punti e 7 rimbalzi). E\u2019 stata, per\u00f2, una tripla di <strong>Bendzius<\/strong> (21 punti con 5\/7 da tre), autore di un\u2019ottima prova al tiro, a permettere ai bianconeri di agganciare sul 78 pari i padroni di casa a circa 3\u2032 dal termine.<\/p>\n<p align=\"JUSTIFY\">Bologna, fiutato il pericolo, si \u00e8 messa nelle mani fatate di Edwards che ha fatturato due liberi ed un canestro da sotto; con Udine che si era di nuovo fatta sotto con un canestro da tre di Alibegovic e un canestro da sotto di Mekowulu, ci ha pensato allora il playmaker Vildoza, con una tripla scagliata ben oltre l\u2019arco dei 6.75, a decretare la parola fine alla contesa.<\/p>\n<p align=\"JUSTIFY\">Il campionato ora si ferma per le final-8 di <strong>Coppa Italia<\/strong> che vedono impegnata, nel primo turno, l\u2019APU contro Brescia mercoled\u00ec alle ore 18. Per tale occasione, la societ\u00e0 del Presidente Pedone ha allestito per i propri tifosi un megaschermo all\u2019interno del Palasport Benedetti di via Marangoni, l\u2019ingresso \u00e8 gratuito fino ad esaurimento dei posti.<\/p>\n<p><strong>Virtus Olidata Bologna \u2013 Apu Old Wild West Udine: 90-86 (31-15, 54-49, 71-65)<\/strong><\/p>\n<p align=\"JUSTIFY\"><strong>Virtus Olidata Bologna:<\/strong> Vildoza 13, Edwards 22, Niang 7, Accorsi n.e., Smailagic, Alston Jr. 3, Hackett 2, Ferrari, Morgan 9, Jallow 13, Diouf 15, Akele 6. All. Ivanovic.<\/p>\n<p align=\"JUSTIFY\"><strong>Apu Old Wild West Udine: <\/strong>Christon 16, Zoriks 1, Alibegovic 14, Spencer 6, Pavan n.e., Mekowulu 15, De Ros, Bendzius 21, Dawkins 3, Calzavara 7, Mizerniuk n.e., Ikangi 3. All. Vertemati.<\/p>\n<p>                <img class=\"gnews-box__icon\" src=\"https:\/\/www.diariofvg.it\/wp-content\/plugins\/ddw-gnews-banner\/assets\/img\/google-news-icon.svg\" alt=\"Google News\" width=\"44\" height=\"44\" loading=\"lazy\" decoding=\"async\"\/><br \/>\n                &#13;<br \/>\n                    Rimani aggiornato seguendoci su Google News!                <\/p>\n<p>            <a class=\"gnews-box__cta\" href=\"https:\/\/news.google.com\/publications\/CAAqJggKIiBDQklTRWdnTWFnNEtER1JwWVhKcGIyWjJaeTVwZENnQVAB\" target=\"_blank\" rel=\"nofollow noopener noreferrer\">&#13;<br \/>\n                SEGUICI            <\/a><\/p>\n<p>Continua a leggere le notizie di <a target=\"_blank\" href=\"https:\/\/www.diariofvg.it\/?ref=ARTBS-HOME\" rel=\"nofollow noopener\">Diario FVG<\/a> e segui la nostra <a target=\"_blank\" href=\"https:\/\/www.facebook.com\/diariofvg\/\" rel=\"nofollow noopener\">pagina Facebook<\/a><\/p>\n","protected":false},"excerpt":{"rendered":"BOLOGNA \u2013 L\u2019Old Wild West Udine esce sconfitta di misura per 90 a 86\u00a0per mano della Virtus Bologna&hellip;\n","protected":false},"author":3,"featured_media":355222,"comment_status":"","ping_status":"","sticky":false,"template":"","format":"standard","meta":{"footnotes":"","_share_on_mastodon":"0"},"categories":[1453],"tags":[19426,1756,1757,586,1537,90,89,19427,9637,251,245,244,5284],"class_list":["post-355221","post","type-post","status-publish","format-standard","has-post-thumbnail","category-basket","tag-apu","tag-basket","tag-basketball","tag-bologna","tag-it","tag-italia","tag-italy","tag-old-wild-west","tag-pallacanestro","tag-serie-a","tag-sport","tag-sports","tag-virtus"],"share_on_mastodon":{"url":"https:\/\/pubeurope.com\/@it\/116077312515603388","error":""},"_links":{"self":[{"href":"https:\/\/www.europesays.com\/it\/wp-json\/wp\/v2\/posts\/355221","targetHints":{"allow":["GET"]}}],"collection":[{"href":"https:\/\/www.europesays.com\/it\/wp-json\/wp\/v2\/posts"}],"about":[{"href":"https:\/\/www.europesays.com\/it\/wp-json\/wp\/v2\/types\/post"}],"author":[{"embeddable":true,"href":"https:\/\/www.europesays.com\/it\/wp-json\/wp\/v2\/users\/3"}],"replies":[{"embeddable":true,"href":"https:\/\/www.europesays.com\/it\/wp-json\/wp\/v2\/comments?post=355221"}],"version-history":[{"count":0,"href":"https:\/\/www.europesays.com\/it\/wp-json\/wp\/v2\/posts\/355221\/revisions"}],"wp:featuredmedia":[{"embeddable":true,"href":"https:\/\/www.europesays.com\/it\/wp-json\/wp\/v2\/media\/355222"}],"wp:attachment":[{"href":"https:\/\/www.europesays.com\/it\/wp-json\/wp\/v2\/media?parent=355221"}],"wp:term":[{"taxonomy":"category","embeddable":true,"href":"https:\/\/www.europesays.com\/it\/wp-json\/wp\/v2\/categories?post=355221"},{"taxonomy":"post_tag","embeddable":true,"href":"https:\/\/www.europesays.com\/it\/wp-json\/wp\/v2\/tags?post=355221"}],"curies":[{"name":"wp","href":"https:\/\/api.w.org\/{rel}","templated":true}]}}