{"id":355223,"date":"2026-02-15T23:46:11","date_gmt":"2026-02-15T23:46:11","guid":{"rendered":"https:\/\/www.europesays.com\/it\/355223\/"},"modified":"2026-02-15T23:46:11","modified_gmt":"2026-02-15T23:46:11","slug":"massara-con-gasp-rapporto-ottimo-dybala-linfortunio-non-incidera-sul-suo-futuro","status":"publish","type":"post","link":"https:\/\/www.europesays.com\/it\/355223\/","title":{"rendered":"Massara: \u201cCon Gasp rapporto ottimo. Dybala? L\u2019infortunio non incider\u00e0 sul suo futuro\u201d"},"content":{"rendered":"<p>Le sue parole: &#8220;Paulo fa una differenza molto grande. E&#8217; un peccato che ci sia stato questo nuovo piccolo problema. La Roma \u00e8 partita in un percorso di rinnovamento molto ampio&#8221;<\/p>\n<p>Frederic <strong>Massara<\/strong> ha parlato ai microfoni di Dazn prima dell&#8217;inizio del match contro il <strong>Napoli<\/strong>. Queste le sue parole:<\/p>\n<p><strong>E&#8217; dagli scontri diretti che passa la Champions della Roma?<\/strong> &#8220;E&#8217; vero che sono mancate le vittorie negli scontri diretti nella prima parte di stagione, ma non sono mancate le prestazioni. Abbiamo giocato ottime partite, purtroppo non sono arrivati i punti. Ci auguriamo di continuare con le prestazioni, saranno l&#8217;unica maniera di portare a casa risultati importanti. La gara di stasera lo \u00e8&#8221;.<\/p>\n<p><strong>Quanto incide l&#8217;assenza di Dybala in questo periodo, anche in ottica eventuale rinnovo?<\/strong> &#8220;Dybala mancherebbe a qualsiasi squadra, \u00e8 un calciatore speciale e diverso. Ha una qualit\u00e0 assoluta e nel nostro campionato fa una differenza molto grande. E&#8217; un peccato che ci sia stato questo nuovo piccolo problema inaspettato, in questa partita ci sarebbe molto servito. Sulle discussioni che avremo con lui e con il suo agente questo non incide&#8221;.<\/p>\n<p><strong>Come \u00e8 andata la cena con Gasperini alla fine?<\/strong> &#8220;No, eravamo tutti a guardare la partita di ieri sera che era molto pi\u00f9 importante. Va tutto bene comunque&#8221;.<\/p>\n<p><strong>Come \u00e8 il vostro rapporto?<\/strong> &#8220;Ottimo, fatto di un confronto continuo. La Roma \u00e8 partita in un percorso di rinnovamento molto ampio, dopo questi due mercati abbiamo 10 giocatori nuovi rispetto alla stagione scorsa. Questo d\u00e0 l&#8217;idea della portata di questo nuovo percorso che il mister sta plasmando in maniera eccellente, siamo molto soddisfatti del lavoro&#8221;.<\/p>\n<p><strong>Si pu\u00f2 gi\u00e0 dare una dimensione alle potenzialit\u00e0 di Pisilli?<\/strong> &#8220;Ci crediamo moltissimo, \u00e8 veramente forte e aveva gi\u00e0 dimostrato le sue qualit\u00e0 nelle stagioni passate. Adesso sta veramente acquisendo una dimensione superiore. Non ha solo il gol e l&#8217;inserimento, ha le due fasi ed \u00e8 intelligente tatticamente. E&#8217; molto importante non solo per la Roma ma anche in proiezione Nazionale per molti anni&#8221;.<\/p>\n<p class=\"is-copyright\">\u00a9 RIPRODUZIONE RISERVATA<\/p>\n","protected":false},"excerpt":{"rendered":"Le sue parole: &#8220;Paulo fa una differenza molto grande. E&#8217; un peccato che ci sia stato questo nuovo&hellip;\n","protected":false},"author":3,"featured_media":355224,"comment_status":"","ping_status":"","sticky":false,"template":"","format":"standard","meta":{"footnotes":"","_share_on_mastodon":"0"},"categories":[1452],"tags":[10557,721,3451,206154,206155,7611,939,18967,1740,48,65594,1537,90,89,168056,10582,5291,35843,4979,1290,206156,206157,491,987,1739,245,244],"class_list":["post-355223","post","type-post","status-publish","format-standard","has-post-thumbnail","category-calcio","tag-ampio","tag-calcio","tag-differenza","tag-differenza-piccolo","tag-differenza-piccolo-problema","tag-dimensione","tag-diretti","tag-dybala","tag-football","tag-importante","tag-incide","tag-it","tag-italia","tag-italy","tag-mancate","tag-maniera","tag-massara","tag-ottimo","tag-parole","tag-partita","tag-partita-percorso","tag-partita-percorso-rinnovamento","tag-percorso","tag-roma","tag-soccer","tag-sport","tag-sports"],"share_on_mastodon":{"url":"https:\/\/pubeurope.com\/@it\/116077316809455136","error":""},"_links":{"self":[{"href":"https:\/\/www.europesays.com\/it\/wp-json\/wp\/v2\/posts\/355223","targetHints":{"allow":["GET"]}}],"collection":[{"href":"https:\/\/www.europesays.com\/it\/wp-json\/wp\/v2\/posts"}],"about":[{"href":"https:\/\/www.europesays.com\/it\/wp-json\/wp\/v2\/types\/post"}],"author":[{"embeddable":true,"href":"https:\/\/www.europesays.com\/it\/wp-json\/wp\/v2\/users\/3"}],"replies":[{"embeddable":true,"href":"https:\/\/www.europesays.com\/it\/wp-json\/wp\/v2\/comments?post=355223"}],"version-history":[{"count":0,"href":"https:\/\/www.europesays.com\/it\/wp-json\/wp\/v2\/posts\/355223\/revisions"}],"wp:featuredmedia":[{"embeddable":true,"href":"https:\/\/www.europesays.com\/it\/wp-json\/wp\/v2\/media\/355224"}],"wp:attachment":[{"href":"https:\/\/www.europesays.com\/it\/wp-json\/wp\/v2\/media?parent=355223"}],"wp:term":[{"taxonomy":"category","embeddable":true,"href":"https:\/\/www.europesays.com\/it\/wp-json\/wp\/v2\/categories?post=355223"},{"taxonomy":"post_tag","embeddable":true,"href":"https:\/\/www.europesays.com\/it\/wp-json\/wp\/v2\/tags?post=355223"}],"curies":[{"name":"wp","href":"https:\/\/api.w.org\/{rel}","templated":true}]}}