{"id":355275,"date":"2026-02-16T00:26:10","date_gmt":"2026-02-16T00:26:10","guid":{"rendered":"https:\/\/www.europesays.com\/it\/355275\/"},"modified":"2026-02-16T00:26:10","modified_gmt":"2026-02-16T00:26:10","slug":"il-ruggito-della-tigre-brignone-labbraccio-leale-delle-avversarie-sconfitte-e-il-silenzio-di-sofia-goggia","status":"publish","type":"post","link":"https:\/\/www.europesays.com\/it\/355275\/","title":{"rendered":"Il ruggito della tigre Brignone, l&#8217;abbraccio leale delle avversarie sconfitte e il silenzio di Sofia Goggia"},"content":{"rendered":"<p>    di<br \/>\n    Francesco Battistini, inviato a Cortina<\/p>\n<p class=\"summary-art is-line-h-12\">La giornata memorabile di Federica che vince il secondo oro olimpico eguagliando Tomba. L&#8217;incredulit\u00e0 e la commozione del fratello: \u00abSono ammirato, nonostante abbia vissuto il suo percorso con lei, indipendentemente dagli ori che \u00e8 riuscita a vincere. \u00c8 un onore poterle stare al fianco\u00bb<\/p>\n<p class=\"chapter-paragraph\">La Tigre e la neve si guardano feroci. Sole a dirotto, silenzio nella vallata delle Tofane. Alle 14,25, il casco dipinto e tigrato di Federica Brignone si sporge sul circo bianco e tutta l\u2019Olympia sbianca di paura. <b>Non \u00e8 pi\u00f9 una pista: \u00e8 la preda.<\/b> \u00abL\u2019atmosfera qui d\u00e0 un\u2019adrenalina bellissima\u00bb, dice Fede. L\u2019occhio di Tigre scruta la tribuna laggi\u00f9, che solo poco fa s\u2019agitava nel baccano d\u2019un un piccolo Maracan\u00e0 \u2014 altro che il brasiliano vincitore di Bormio \u2014 e ora tace. <b>Soltanto lo speaker azzarda una battuta, \u00abthe tiger in the cage\u00bb, ma Fede perdonalo, perch\u00e9 non sa cosa dice<\/b>. La gabbia si spalanca. E<a href=\"https:\/\/www.corriere.it\/sport\/olimpiadi-invernali\/26_febbraio_15\/federica-brignone-oro-gigante-milano-cortina-246c6c79-844c-4dd6-bb0c-0eeac9289xlk.shtml\" title=\"Brignone vince la medaglia d&#039;oro anche nel gigante femminile: l&#039;inchino delle avversarie, l&#039;urlo della folla\" rel=\"nofollow noopener\" target=\"_blank\"> la Brignone si mangia tutto quel che \u00e8 sceso prima di lei: la svedese Sara Hector e la norvegese Thea Stjernesund, la spaurita Mikaela Shiffrin e la sparita Sofia Goggia. Meno 74, meno 73, meno 84, meno 96.<\/a> <b>Ogni intertempo \u00e8 un\u2019artigliata alla classifica<\/b>. La placca nella gamba fa il suo bravo mestiere \u2013 evitare fastidi -, la pressione nella testa se ne sta in un angolino, la neve s\u2019arrende e diventa borotalco. Forza Fede, grida adesso la tribuna, vai che non hai nulla da perdere, n\u00e9 da dimostrare. E non c\u2019\u00e8 sciolina migliore dell\u2019adrenalina.<\/p>\n<p class=\"chapter-paragraph\"><b>Il ruggito della seconda vittoria in tre giorni<\/b>, e dell\u2019italiana pi\u00f9 medagliata di sempre alle Olimpiadi sulla neve, \u00e8 un roar di due minuti, 13 secondi e 50 centesimi. Tigrissima Fede. Lei, non la domi: s\u2019accuccino le altre, semmai, si mettano in ginocchio. E<a href=\"https:\/\/www.corriere.it\/sport\/olimpiadi-invernali\/26_febbraio_15\/federica-brignone-gigante-vittoria-commento-490549af-0a3d-4978-8d54-f1017b874xlk.shtml\" title=\"Federica Brignone come Tomba e Compagnoni, lo sci italiano ha la sua Santa Trinit\u00e0 (ma anche Goggia \u00e8 nella storia)\" rel=\"nofollow noopener\" target=\"_blank\"> chi s\u2019inchina, ha perduto. Sara&amp;Thea, le due seconde, docilissime, si sottomettono subito. Corrono incontro a Sua Felinit\u00e0. Si sdraiano ai suoi scarponi. La venerano come una divina.<\/a> E infine l\u2019abbracciano generose, con uno di quei nobili gesti che nessun\u2019azzurra della squadra sa concederle (men che meno l\u2019invisa Sofia). <b>Prostrate, non frustrate, vere medaglie della lealt\u00e0:<\/b> \u00abFede se lo meritava, l\u2019idea d\u2019inginocchiarci c\u2019\u00e8 venuta perch\u00e9 lei c\u2019ispira, perch\u00e9 ci spinge a sciare meglio, perch\u00e9 \u00e8 d\u2019un altro livello, perch\u00e9 ne ha passate tante. E perch\u00e9 \u00e8 una persona perbene\u00bb.    &#13;<br \/>\n&#13;<br \/>\n&#13;<br \/>\n&#13;<br \/>\n&#13;<br \/>\n&#13;<br \/>\n&#13;<br \/>\n&#13;<br \/>\n&#13;<br \/>\n&#13;<br \/>\n&#13;<br \/>\n&#13;<br \/>\n&#13;<br \/>\n&#13;<br \/>\n&#13;<br \/>\n&#13;<br \/>\n&#13;<br \/>\n&#13;<br \/>\n&#13;<br \/>\n&#13;<br \/>\n&#13;<br \/>\n&#13;<br \/>\n&#13;<br \/>\n&#13;<br \/>\n&#13;<br \/>\n&#13;<br \/>\n&#13;<br \/>\n&#13;<br \/>\n&#13;<br \/>\n&#13;<br \/>\n&#13;<br \/>\n&#13;<br \/>\n&#13;<br \/>\n&#13;<br \/>\n&#13;<br \/>\n&#13;<br \/>\n&#13;<br \/>\n&#13;<br \/>\n&#13;<br \/>\n&#13;<br \/>\n&#13;<br \/>\n&#13;<br \/>\n&#13;<br \/>\n&#13;<br \/>\n&#13;<br \/>\n&#13;<br \/>\n&#13;<br \/>\n&#13;<br \/>\n&#13;<br \/>\n&#13;<br \/>\n&#13;<br \/>\n&#13;<br \/>\n&#13;\n<\/p>\n<p class=\"chapter-paragraph\">Dieci mesi di buio, e non sentirli. 72 ore di pressione, e non accorgersene. \u00abI grandi campioni hanno sempre qualcosa in pi\u00f9\u00bb, la diagnosi d\u2019Andrea Panzeri, il medico che le ha rimesso a posto la gamba: \u00abLa soglia del dolore e la testa fanno la differenza\u00bb. <b>A 35 anni e 213 giorni, e senza l\u2019investitura quirinalizia di Mattarella, torna a splendere sole sul regno delle tenebre di Federica. La regina incede a fatica \u2014 ma come riesce a sciare?<\/b> \u2014, si siede nell\u2019area hospitality, s\u2019incorona stanca e senza troppe cerimonie: \u00abQuesta pista era talmente easy\u2026! E questa neve, facilissima\u2026 E il tracciato niente di speciale, a parte le prime curve. Dovevo solo attaccare, essere pulita e intelligente\u00bb, e il resto \u00e8 stato quel che \u00e8 stato.<\/p>\n<p class=\"chapter-paragraph\">Dall\u2019underdog all\u2019understatement. Ma lo sa Fede che, alla sua et\u00e0, <b>\u00e8 diventata la pi\u00f9 anziana campionessa olimpica di tutta la storia dello sci alpino? <\/b>\u00abNo, me lo dite voi&#8230;\u00bb. <b>E che ha eguagliato Alberto Tomba, superando Deborah Compagnoni?<\/b> \u00abNon ci faccio caso&#8230;\u00bb. Ci pensa la Royal Family dello sci, a mettere in mostra i titoli nobiliari. \u00abSono ammirato da mia sorella \u2014 si commuove Davide Brignone \u2014, nonostante abbia vissuto il suo percorso con lei, indipendentemente dagli ori che \u00e8 riuscita a vincere. \u00c8 un onore, sia da fratello che da coach, poterle stare al fianco\u00bb. <b>E mamma Ninna: \u00abIn questi mesi, tutti le chiedevano: ci sarai, tornerai? Stava diventando uno stress enorme, e lei \u00e8 stata bravissima<\/b>: \u00e8 riuscita a non dare peso a niente. Solo cos\u00ec, poteva scendere sciolta. Dopo la gara le ho detto: domani ti ritiri, vero? M\u2019ha guardato malissimo&#8230;\u00bb. E il pap\u00e0, arrivato apposta oggi: \u00abIl giorno del superG ho pianto, quando ho visto mia figlia piangere. Adesso sorrido, e basta. Ha fatto un\u2019impresa storica\u00bb.<\/p>\n<p class=\"chapter-paragraph\">Storia, \u00e8 la parola pi\u00f9 abusata. Anche pi\u00f9 di Tigre, d\u2019immensa, d\u2019eroina, d\u2019impresa. Nevica retorica senza sosta. <b>Dalla premier Meloni al comandante dell\u2019Arma, che elogia la sua carabiniera<\/b>. E pure dalla Schlein, dai ministri Abodi e Zangrillo, dall\u2019immancabile Tamberi. Stavolta la Goggia, decima, se ne va senza nemmeno concedere l\u2019onore delle congratulazioni. La Tigre ricambia con lo stesso silenzio. Roar.<\/p>\n<p class=\"is-last-update\" datetime=\"2026-02-15T23:34:33+01:00\">15 febbraio 2026 ( modifica il 15 febbraio 2026 | 23:34)<\/p>\n<p class=\"is-copyright\">\n            \u00a9 RIPRODUZIONE RISERVATA\n        <\/p>\n","protected":false},"excerpt":{"rendered":"di Francesco Battistini, inviato a Cortina La giornata memorabile di Federica che vince il secondo oro olimpico eguagliando&hellip;\n","protected":false},"author":3,"featured_media":355276,"comment_status":"","ping_status":"","sticky":false,"template":"","format":"standard","meta":{"footnotes":"","_share_on_mastodon":"0"},"categories":[79],"tags":[52418,206227,206228,14226,13319,111053,87234,14,93,94,6934,1248,3964,3688,10010,80281,3264,63311,206209,206210,1537,90,89,22542,7,15,11044,16369,206211,206212,491,206213,206214,696,206215,206216,206217,10360,2956,206218,206219,206220,206221,6193,42644,96255,835,4849,80282,360,2183,206222,1567,1928,628,206223,15838,56889,20184,11,84,91,12,85,92,4968,206224,5490,206225,206226],"class_list":["post-355275","post","type-post","status-publish","format-standard","has-post-thumbnail","category-italia","tag-abbracciano","tag-abbracciano-generose","tag-abbracciano-generose-quei","tag-abbraccio","tag-adrenalina","tag-ammirato","tag-brignone","tag-cronaca","tag-cronaca-italiana","tag-cronacaitaliana","tag-fede","tag-federica","tag-fianco","tag-fratello","tag-gamba","tag-goggia","tag-impresa","tag-indipendentemente","tag-indipendentemente-ori","tag-indipendentemente-ori-riuscita","tag-it","tag-italia","tag-italy","tag-neve","tag-news","tag-notizie","tag-onore","tag-ori","tag-ori-riuscita","tag-ori-riuscita-vincere","tag-percorso","tag-percorso-indipendentemente","tag-percorso-indipendentemente-ori","tag-pista","tag-poterle","tag-poterle-stare","tag-poterle-stare-fianco","tag-pressione","tag-riuscita","tag-riuscita-vincere","tag-riuscita-vincere-onore","tag-roar","tag-ruggito","tag-sa","tag-sci","tag-sciare","tag-silenzio","tag-sofia","tag-sofia-goggia","tag-sole","tag-stare","tag-stare-fianco","tag-storia","tag-testa","tag-the","tag-thea","tag-tigre","tag-tomba","tag-tribuna","tag-ultime-notizie","tag-ultime-notizie-e-news-di-oggi","tag-ultime-notizie-italia","tag-ultimenotizie","tag-ultimenotizieenewsdioggi","tag-ultimenotizieitalia","tag-vincere","tag-vincere-onore","tag-vissuto","tag-vissuto-percorso","tag-vissuto-percorso-indipendentemente"],"share_on_mastodon":{"url":"","error":"Validation failed: Text character limit of 500 exceeded"},"_links":{"self":[{"href":"https:\/\/www.europesays.com\/it\/wp-json\/wp\/v2\/posts\/355275","targetHints":{"allow":["GET"]}}],"collection":[{"href":"https:\/\/www.europesays.com\/it\/wp-json\/wp\/v2\/posts"}],"about":[{"href":"https:\/\/www.europesays.com\/it\/wp-json\/wp\/v2\/types\/post"}],"author":[{"embeddable":true,"href":"https:\/\/www.europesays.com\/it\/wp-json\/wp\/v2\/users\/3"}],"replies":[{"embeddable":true,"href":"https:\/\/www.europesays.com\/it\/wp-json\/wp\/v2\/comments?post=355275"}],"version-history":[{"count":0,"href":"https:\/\/www.europesays.com\/it\/wp-json\/wp\/v2\/posts\/355275\/revisions"}],"wp:featuredmedia":[{"embeddable":true,"href":"https:\/\/www.europesays.com\/it\/wp-json\/wp\/v2\/media\/355276"}],"wp:attachment":[{"href":"https:\/\/www.europesays.com\/it\/wp-json\/wp\/v2\/media?parent=355275"}],"wp:term":[{"taxonomy":"category","embeddable":true,"href":"https:\/\/www.europesays.com\/it\/wp-json\/wp\/v2\/categories?post=355275"},{"taxonomy":"post_tag","embeddable":true,"href":"https:\/\/www.europesays.com\/it\/wp-json\/wp\/v2\/tags?post=355275"}],"curies":[{"name":"wp","href":"https:\/\/api.w.org\/{rel}","templated":true}]}}