{"id":355703,"date":"2026-02-16T08:47:12","date_gmt":"2026-02-16T08:47:12","guid":{"rendered":"https:\/\/www.europesays.com\/it\/355703\/"},"modified":"2026-02-16T08:47:12","modified_gmt":"2026-02-16T08:47:12","slug":"pardo-inter-ora-una-differenza-evidente-dimarco-mvp-della-serie-a","status":"publish","type":"post","link":"https:\/\/www.europesays.com\/it\/355703\/","title":{"rendered":"Pardo: &#8220;Inter, ora una differenza evidente. Dimarco MVP della Serie A&#8221;"},"content":{"rendered":"<p>Il giornalista \u00e8 intervenuto ai microfoni di DAZN per analizzare Inter-Juventus all&#8217;indomani del derby d&#8217;Italia<\/p>\n<p><img decoding=\"async\" class=\"gzn_author_thumbnail\" src=\"https:\/\/www.europesays.com\/it\/wp-content\/uploads\/2025\/11\/368812e9b4c94857b1c30160462b8400.jpeg\" alt=\"Alessandro De Felice\"\/><\/p>\n<p>Il telecronista di DAZN, Pierluigi Pardo, \u00e8 intervenuto ai microfoni di DAZN per parlare di Inter-Juventus. Accantonando le polemiche e l&#8217;episodio Bastoni-Kalulu, il giornalista si sofferma sull&#8217;aspetto tecnico.<\/p>\n<p>&#8220;La Juventus \u00e8 cresciuta tanto, al netto di qualche errore individuale che poi ha condizionato la partita, era successo anche con lo Lazio, al netto di qualche ingenuit\u00e0 che la squadra palesa in certe circostanze, per\u00f2 \u00e8 una squadra che gioca a pallone. Ha fatto anche dieci contro undici nel secondo tempo.<\/p>\n<p>Di contro l&#8217;Inter trova tante soluzioni. La grande differenza rispetto a un anno fa \u00e8 che dietro gli undici titolari dell&#8217;Inter alcuni sono diventati come titolari, penso a Zielinski. Altri sono dei giocatori che comunque, ieri la partita comunque Esposito, la cambia. Qualche piccolo difetto, un difetto che io continuo a vedere, che \u00e8 Luis Henrique, che ieri sul gol di Cambiaso si fa proprio una dormita di quelle clamorose che probabilmente non \u00e8 adeguato alla dimensione di Dumfries alla quale l&#8217;Inter era abituato. Questa \u00e8 abbastanza evidente. Sta soffrendo parecchio, ma per il resto l&#8217;Inter ha confermato di avere una quantit\u00e0 di soluzioni anche in corso d&#8217;opera veramente importanti. Quindi una completezza della rosa che si \u00e8 vista anche ieri.<\/p>\n<p>Il calcio \u00e8 uno sport a punteggio basso, noi possiamo leggere tutti i numeri e sono interessanti, ma poi ci sono dei momenti chiave nelle partite e da questo punto di vista sicuramente qualche defaillance sul piano proprio delle prestazioni individuali, della concentrazione, in qualche caso della qualit\u00e0 dei singoli, per\u00f2 ragazzi, questa squadra gioca a pallone, \u00e8 completamente diversa rispetto a tre mesi fa.<\/p>\n<p>Il Milan ha la possibilit\u00e0 di rimanere in scia, ma \u00e8 chiaro che ieri era fondamentale per l&#8217;Inter portare a casa questi tre punti, ci \u00e8 arrivata e al netto di tutto quello che abbiamo detto prima, prova delle soluzioni, questo \u00e8 indiscutibile.<\/p>\n<p>Per\u00f2 ha trovato anche delle difficolt\u00e0 e questo secondo me \u00e8 indiscutibile di essere ascritto a una partita veramente di alto livello, di qualit\u00e0 nel primo tempo, di resilienza, di sofferenza, ma anche con delle occasioni della ripresa.<\/p>\n<p>Anche nelle partite per esempio del derby perso all&#8217;andata per\u00f2 sul piano del gioco non \u00e8 che l&#8217;Inter fosse stato inferiore al Milan, no? \u00c8 stato il Milan molto bravo nell&#8217;asfaltare quella situazione Pulisic, eccetera, eccetera e nello stare in partita per\u00f2 sono d&#8217;accordo con la chiave di Ambrosini. Ieri al primo tempo si era vista oggettivamente una situazione abbastanza inedita che ci pu\u00f2 stare e poi magari anche 11 contro 11 ne sarebbe uscita l&#8217;Inter io non le posso escludere.<\/p>\n<p>Pio Esposito? Fantastico per l&#8217;importanza. Ha fatto un gol pesantissimo appunto contro il Lecce in un momento molto delicato la partita immediatamente successiva a Inter-Napoli una partita che l&#8217;Inter aveva fatto fatica a sbloccare pure quello era stato un gol pesante poi \u00e8 chiaro che il Inter-Juve ha un allure diverso rispetto a Inter-Lecce soprattutto l&#8217;affetto per gli amici salentini per\u00f2 anche quello era stato un gol particolarmente pesante. Poi ha delle caratteristiche di disponibilit\u00e0 nei confronti dei compagni. \u00c8 un giocatore che anche in prospettiva per la nazionale si parla meno di Bonny che di lui perch\u00e9 lui \u00e8 italiano e quindi ci sono tante speranze che noi tutti nutriamo delle qualit\u00e0 che questo ragazzo potr\u00e0 dare e delle caratteristiche che ha perch\u00e9 \u00e8 una prima punta fisica che insomma pu\u00f2 fare molto comodo in prospettiva negli anni anche in chiave Nazionale&#8221;.<\/p>\n<p>&#8220;60 gol fatti. La Juve, che \u00e8 seconda in questa classifica, ne ha fatti 43. Vuol dire che l&#8217;Inter fa di media quasi un gol in pi\u00f9 a partita del secondo miglior attacco del campionato. La quantit\u00e0 di soluzioni di questa squadra \u00e8 nettamente superiore a tutte le altre quindi non c&#8217;\u00e8 discussione secondo me vediamo Milano-Como \u00e8 molto intrigante&#8221;.<\/p>\n<p>\u201cPoi se crossa Dimarco non \u00e8 male (ride, ndr)\u2026 Ad oggi \u00e8 l&#8217;MVP del campionato\u201d.<\/p>\n<p class=\"is-copyright\">\u00a9 RIPRODUZIONE RISERVATA<\/p>\n","protected":false},"excerpt":{"rendered":"Il giornalista \u00e8 intervenuto ai microfoni di DAZN per analizzare Inter-Juventus all&#8217;indomani del derby d&#8217;Italia Il telecronista di&hellip;\n","protected":false},"author":3,"featured_media":355704,"comment_status":"","ping_status":"","sticky":false,"template":"","format":"standard","meta":{"footnotes":"","_share_on_mastodon":"0"},"categories":[1452],"tags":[721,1856,23885,928,3845,246,5187,31021,3451,33595,16873,7171,1373,4031,1740,5360,206470,4348,1976,67098,350,86018,30385,82841,206471,1537,90,89,565,558,6296,553,3520,1290,4963,1270,1739,24787,245,244,1857,6370],"class_list":["post-355703","post","type-post","status-publish","format-standard","has-post-thumbnail","category-calcio","tag-calcio","tag-campionato","tag-caratteristiche","tag-chiaro","tag-chiave","tag-dazn","tag-derby","tag-difetto","tag-differenza","tag-dimarco","tag-eccetera","tag-esposito","tag-evidente","tag-fatti","tag-football","tag-gioca","tag-gioca-pallone","tag-giornalista","tag-gol","tag-indiscutibile","tag-inter","tag-inter-juventus","tag-intervenuto","tag-intervenuto-microfoni","tag-intervenuto-microfoni-dazn","tag-it","tag-italia","tag-italy","tag-juve","tag-juventus","tag-lecce","tag-milan","tag-netto","tag-partita","tag-qualita","tag-rispetto","tag-soccer","tag-soluzioni","tag-sport","tag-sports","tag-squadra","tag-vista"],"share_on_mastodon":{"url":"","error":"Validation failed: Text character limit of 500 exceeded"},"_links":{"self":[{"href":"https:\/\/www.europesays.com\/it\/wp-json\/wp\/v2\/posts\/355703","targetHints":{"allow":["GET"]}}],"collection":[{"href":"https:\/\/www.europesays.com\/it\/wp-json\/wp\/v2\/posts"}],"about":[{"href":"https:\/\/www.europesays.com\/it\/wp-json\/wp\/v2\/types\/post"}],"author":[{"embeddable":true,"href":"https:\/\/www.europesays.com\/it\/wp-json\/wp\/v2\/users\/3"}],"replies":[{"embeddable":true,"href":"https:\/\/www.europesays.com\/it\/wp-json\/wp\/v2\/comments?post=355703"}],"version-history":[{"count":0,"href":"https:\/\/www.europesays.com\/it\/wp-json\/wp\/v2\/posts\/355703\/revisions"}],"wp:featuredmedia":[{"embeddable":true,"href":"https:\/\/www.europesays.com\/it\/wp-json\/wp\/v2\/media\/355704"}],"wp:attachment":[{"href":"https:\/\/www.europesays.com\/it\/wp-json\/wp\/v2\/media?parent=355703"}],"wp:term":[{"taxonomy":"category","embeddable":true,"href":"https:\/\/www.europesays.com\/it\/wp-json\/wp\/v2\/categories?post=355703"},{"taxonomy":"post_tag","embeddable":true,"href":"https:\/\/www.europesays.com\/it\/wp-json\/wp\/v2\/tags?post=355703"}],"curies":[{"name":"wp","href":"https:\/\/api.w.org\/{rel}","templated":true}]}}