{"id":356063,"date":"2026-02-16T13:58:15","date_gmt":"2026-02-16T13:58:15","guid":{"rendered":"https:\/\/www.europesays.com\/it\/356063\/"},"modified":"2026-02-16T13:58:15","modified_gmt":"2026-02-16T13:58:15","slug":"finisce-in-adda-unaltra-campata-della-passerella-ciclopedonale-sul-ponte-di-maccastorna-video","status":"publish","type":"post","link":"https:\/\/www.europesays.com\/it\/356063\/","title":{"rendered":"Finisce in Adda un\u2019altra campata della passerella ciclopedonale sul ponte di Maccastorna VIDEO"},"content":{"rendered":"<p>\n  Crollata un\u2019altra campata della passerella ciclopedonale sul ponte tra Maccastorna e Crotta. Com\u2019era il timore di molti, dopo il cedimento della seconda campata sul lato lodigiano, avvenuto venerd\u00ec scorso, un altro pezzo della nuova opera \u00e8 finito in acqua. Il cantiere \u00e8 un appalto Aipo e rientra nella maxi-infrastruttura VenTo. I lavori della passerella erano iniziati a luglio scorso e a breve ci sarebbe stato il collaudo. \u201cSoldi pubblici buttati\u201d denuncia il sindaco di Meleti, Mario Rocca, in un\u2019intervista oggi su Il Cittadino. L\u2019opera \u00e8 stata finanziata da Regione con 4 milioni di euro.\n <\/p>\n","protected":false},"excerpt":{"rendered":"Crollata un\u2019altra campata della passerella ciclopedonale sul ponte tra Maccastorna e Crotta. Com\u2019era il timore di molti, dopo&hellip;\n","protected":false},"author":3,"featured_media":356064,"comment_status":"","ping_status":"","sticky":false,"template":"","format":"standard","meta":{"footnotes":"","_share_on_mastodon":"0"},"categories":[79],"tags":[185,80091,206695,4924,1083,5760,7714,14,93,94,9043,184,7140,8330,70496,7578,206696,8477,1537,90,89,48134,206697,7,15,477,14154,111,11,84,91,12,85,92],"class_list":["post-356063","post","type-post","status-publish","format-standard","has-post-thumbnail","category-italia","tag-affari-e-finanza","tag-agitazioni","tag-aipo","tag-ambiente","tag-conflitti","tag-costruzioni","tag-crisi","tag-cronaca","tag-cronaca-italiana","tag-cronacaitaliana","tag-disastri","tag-economia","tag-enti-locali","tag-guerre","tag-incidente-generico","tag-incidenti","tag-inondazione","tag-inquinamento","tag-it","tag-italia","tag-italy","tag-laura-gozzini","tag-mario-rocca","tag-news","tag-notizie","tag-politica","tag-proprieta","tag-regione","tag-ultime-notizie","tag-ultime-notizie-e-news-di-oggi","tag-ultime-notizie-italia","tag-ultimenotizie","tag-ultimenotizieenewsdioggi","tag-ultimenotizieitalia"],"share_on_mastodon":{"url":"","error":"Validation failed: Text character limit of 500 exceeded"},"_links":{"self":[{"href":"https:\/\/www.europesays.com\/it\/wp-json\/wp\/v2\/posts\/356063","targetHints":{"allow":["GET"]}}],"collection":[{"href":"https:\/\/www.europesays.com\/it\/wp-json\/wp\/v2\/posts"}],"about":[{"href":"https:\/\/www.europesays.com\/it\/wp-json\/wp\/v2\/types\/post"}],"author":[{"embeddable":true,"href":"https:\/\/www.europesays.com\/it\/wp-json\/wp\/v2\/users\/3"}],"replies":[{"embeddable":true,"href":"https:\/\/www.europesays.com\/it\/wp-json\/wp\/v2\/comments?post=356063"}],"version-history":[{"count":0,"href":"https:\/\/www.europesays.com\/it\/wp-json\/wp\/v2\/posts\/356063\/revisions"}],"wp:featuredmedia":[{"embeddable":true,"href":"https:\/\/www.europesays.com\/it\/wp-json\/wp\/v2\/media\/356064"}],"wp:attachment":[{"href":"https:\/\/www.europesays.com\/it\/wp-json\/wp\/v2\/media?parent=356063"}],"wp:term":[{"taxonomy":"category","embeddable":true,"href":"https:\/\/www.europesays.com\/it\/wp-json\/wp\/v2\/categories?post=356063"},{"taxonomy":"post_tag","embeddable":true,"href":"https:\/\/www.europesays.com\/it\/wp-json\/wp\/v2\/tags?post=356063"}],"curies":[{"name":"wp","href":"https:\/\/api.w.org\/{rel}","templated":true}]}}