{"id":356150,"date":"2026-02-16T15:15:13","date_gmt":"2026-02-16T15:15:13","guid":{"rendered":"https:\/\/www.europesays.com\/it\/356150\/"},"modified":"2026-02-16T15:15:13","modified_gmt":"2026-02-16T15:15:13","slug":"james-van-der-beek-la-commovente-lettera-daddio-del-fratello-eri-la-mia-persona-non-sapevo-che-avrebbe-fatto-cosi-male-e-ora-capisco-perche-si-parla-di-crepacuore","status":"publish","type":"post","link":"https:\/\/www.europesays.com\/it\/356150\/","title":{"rendered":"James Van Der Beek, la commovente lettera d&#8217;addio del fratello. \u00abEri la mia persona, non sapevo che avrebbe fatto cos\u00ec male e ora capisco perch\u00e9 si parla di crepacuore\u00bb"},"content":{"rendered":"<p>    di<br \/>\n    Simona Marchetti<\/p>\n<p class=\"summary-art is-line-h-12\">Jared ha affidato ai social il ricordo dell&#8217;attore di Dawson&#8217;s Creek, scomparso all&#8217;et\u00e0 di 48 anni per un cancro, dedicandogli un carosello di scatti dei loro momenti pi\u00f9 felici<\/p>\n<p class=\"chapter-paragraph\">La foto del giorno della sua laurea, datata <b>13 giugno 2010<\/b>, \u00e8 quella che <b>Jared<\/b> <b>Van Der Beek<\/b> ha scelto per inaugurare <a href=\"https:\/\/www.instagram.com\/p\/DUtQkwugKuM\/?img_index=1\" rel=\"nofollow noreferrer noopener\" target=\"_blank\">il carosello di scatti <\/a>dedicati all\u2019adorato fratello <b>James<\/b>, scomparso all\u2019et\u00e0 di <b>48 anni<\/b> a causa di un tumore al colon-retto. \u00abC&#8217;\u00e8 un legame speciale che esiste tra fratelli. <b>Due giorni fa quel legame fisico si \u00e8 rotto<\/b>\u00bb, ha scritto <b>Jared<\/b> nel lungo post a corredo delle immagini,\u00a0in cui l\u2019attore di<b> Dawson\u2019s Creek<\/b> appare sempre sorridente e felice. \u00abOra capisco <b>perch\u00e9 si parla di crepacuore <\/b>quando si perde qualcuno di vicino. C\u2019\u00e8 una sensazione di devastazione e un dolore che scorre cos\u00ec in fondo al cuore, <b>non sapevo che avrebbe fatto cos\u00ec male<\/b>\u00bb, ha continuato <b>Van Der Beek<\/b>, spiegando poi quello che il fratello era per lui. \u00abEra la mia persona, quello da cui andavo per qualsiasi cosa. <b>L&#8217;ho ammirato da quando sono nato<\/b>. Non ha mai mancato di esserci per me ogni volta che avevo bisogno di lui\u00bb.\u00a0<\/p>\n<p class=\"chapter-paragraph\">Ecco perch\u00e9 <b>la sua perdita fa cos\u00ec male<\/b>, ma in mezzo a tanta sofferenza, <b>Jared<\/b> ha trovato un barlume di consolazione ed \u00e8 a quello che ora si sta aggrappando per riuscire ad andare avanti. \u00ab\u00c8 stato bellissimo leggere e vedere come abbia toccato cos\u00ec tante vite <b>non per qualcosa che ha fatto, ma per la persona che era<\/b> &#8211; ha ammesso non a caso il fratello dell\u2019attore &#8211; . Parlava con il cuore aperto e con la sua anima saggia. Per quanto questa sofferenza sia dolorosa nel profondo del cuore, <b>la guarigione \u00e8 gi\u00e0 iniziata con tutta la profusione di amore, preghiere e sostegno<\/b>. Ringrazio di vero cuore tutti voi che avete speso del tempo per tendermi la mano, facendomi sapere che ci siete. La comunit\u00e0 di persone che \u00e8 stata intimamente coinvolta nei suoi ultimi momenti <b>\u00e8 stata semplicemente straordinaria<\/b>. Grazie a tutti quelli conosciuti e sconosciuti che hanno aiutato il suo passaggio <b>a essere il pi\u00f9 bello possibile<\/b>\u00bb.\u00a0    &#13;<br \/>\n&#13;<br \/>\n&#13;<br \/>\n&#13;<br \/>\n&#13;<br \/>\n&#13;<br \/>\n&#13;<br \/>\n&#13;<br \/>\n&#13;<br \/>\n&#13;<br \/>\n&#13;<br \/>\n&#13;<br \/>\n&#13;<br \/>\n&#13;<br \/>\n&#13;<br \/>\n&#13;<br \/>\n&#13;<br \/>\n&#13;<br \/>\n&#13;<br \/>\n&#13;<br \/>\n&#13;<br \/>\n&#13;<br \/>\n&#13;<br \/>\n&#13;<br \/>\n&#13;<br \/>\n&#13;<br \/>\n&#13;<br \/>\n&#13;<br \/>\n&#13;<br \/>\n&#13;<br \/>\n&#13;<br \/>\n&#13;<br \/>\n&#13;<br \/>\n&#13;<br \/>\n&#13;<br \/>\n&#13;<br \/>\n&#13;<br \/>\n&#13;<br \/>\n&#13;<br \/>\n&#13;<br \/>\n&#13;<br \/>\n&#13;<br \/>\n&#13;<br \/>\n&#13;<br \/>\n&#13;<br \/>\n&#13;<br \/>\n&#13;<br \/>\n&#13;<br \/>\n&#13;<br \/>\n&#13;<br \/>\n&#13;<br \/>\n&#13;<br \/>\n&#13;\n<\/p>\n<p class=\"chapter-paragraph\">L\u2019ultimo pensiero \u00e8 rivolto proprio al suo adorato\u00a0<b>James<\/b>. \u00abMi manca gi\u00e0 la tua presenza fisica e le tue parole di saggezza al telefono. Eppure <b>sento cos\u00ec forte la tua presenza<\/b> e so che continuerai a guidarmi. Grazie per aver vissuto la tua vita con me. <b>Ti voglio bene<\/b>\u00bb, ha concluso <b>Jared<\/b> nella sua struggente lettera d\u2019addio al fratello, la cui assenza terrena si \u00e8 trasformata in una sensazione di presenza, <b>seppur in un modo diverso da prima<\/b>, perch\u00e9 anche se quel legame fra fratelli \u00e8 stato troncato fisicamente, <b>in realt\u00e0 non si spezzer\u00e0 mai<\/b>.<\/p>\n<p class=\"is-last-update\" datetime=\"2026-02-16T13:25:08+01:00\">16 febbraio 2026 ( modifica il 16 febbraio 2026 | 13:25)<\/p>\n<p class=\"is-copyright\">\n            \u00a9 RIPRODUZIONE RISERVATA\n        <\/p>\n<p>                                                                                                             <script async src=\"\/\/www.instagram.com\/embed.js\"><\/script><\/p>\n","protected":false},"excerpt":{"rendered":"di Simona Marchetti Jared ha affidato ai social il ricordo dell&#8217;attore di Dawson&#8217;s Creek, scomparso all&#8217;et\u00e0 di 48&hellip;\n","protected":false},"author":3,"featured_media":356151,"comment_status":"","ping_status":"","sticky":false,"template":"","format":"standard","meta":{"footnotes":"","_share_on_mastodon":"0"},"categories":[174],"tags":[2983,206713,67632,2382,206714,206715,24396,13249,206716,206717,71445,206718,24398,6036,6515,24400,203,3688,204,1537,90,89,3190,24687,5069,1915,8158,1996,8448,24402],"class_list":["post-356150","post","type-post","status-publish","format-standard","has-post-thumbnail","category-intrattenimento","tag-addio","tag-addio-fratello","tag-adorato","tag-attore","tag-attore-dawson","tag-attore-dawson-creek","tag-beek","tag-capisco","tag-capisco-parla","tag-capisco-parla-crepacuore","tag-carosello","tag-carosello-scatti","tag-creek","tag-cuore","tag-der","tag-der-beek","tag-entertainment","tag-fratello","tag-intrattenimento","tag-it","tag-italia","tag-italy","tag-james","tag-jared","tag-legame","tag-persona","tag-presenza","tag-van","tag-van-der","tag-van-der-beek"],"share_on_mastodon":{"url":"https:\/\/pubeurope.com\/@it\/116080969316272925","error":""},"_links":{"self":[{"href":"https:\/\/www.europesays.com\/it\/wp-json\/wp\/v2\/posts\/356150","targetHints":{"allow":["GET"]}}],"collection":[{"href":"https:\/\/www.europesays.com\/it\/wp-json\/wp\/v2\/posts"}],"about":[{"href":"https:\/\/www.europesays.com\/it\/wp-json\/wp\/v2\/types\/post"}],"author":[{"embeddable":true,"href":"https:\/\/www.europesays.com\/it\/wp-json\/wp\/v2\/users\/3"}],"replies":[{"embeddable":true,"href":"https:\/\/www.europesays.com\/it\/wp-json\/wp\/v2\/comments?post=356150"}],"version-history":[{"count":0,"href":"https:\/\/www.europesays.com\/it\/wp-json\/wp\/v2\/posts\/356150\/revisions"}],"wp:featuredmedia":[{"embeddable":true,"href":"https:\/\/www.europesays.com\/it\/wp-json\/wp\/v2\/media\/356151"}],"wp:attachment":[{"href":"https:\/\/www.europesays.com\/it\/wp-json\/wp\/v2\/media?parent=356150"}],"wp:term":[{"taxonomy":"category","embeddable":true,"href":"https:\/\/www.europesays.com\/it\/wp-json\/wp\/v2\/categories?post=356150"},{"taxonomy":"post_tag","embeddable":true,"href":"https:\/\/www.europesays.com\/it\/wp-json\/wp\/v2\/tags?post=356150"}],"curies":[{"name":"wp","href":"https:\/\/api.w.org\/{rel}","templated":true}]}}