{"id":35661,"date":"2025-08-08T14:31:11","date_gmt":"2025-08-08T14:31:11","guid":{"rendered":"https:\/\/www.europesays.com\/it\/35661\/"},"modified":"2025-08-08T14:31:11","modified_gmt":"2025-08-08T14:31:11","slug":"rinnovamento-in-casa-soudal-quick-step-arriva-anche-dylan-van-baarle","status":"publish","type":"post","link":"https:\/\/www.europesays.com\/it\/35661\/","title":{"rendered":"RINNOVAMENTO IN CASA SOUDAL QUICK STEP. ARRIVA ANCHE DYLAN VAN BAARLE"},"content":{"rendered":"<p>            <a class=\"category\" href=\"https:\/\/www.tuttobiciweb.it\/articles\/category\/MERCATO\" itemprop=\"about\" rel=\"nofollow noopener\" target=\"_blank\">MERCATO<\/a> | 08\/08\/2025 | 15:08<\/p>\n<p><strong>Dylan van Baarle rafforzer\u00e0 la Soudal Quick-Step la prossima stagione<\/strong>: il 33enne olandese ha firmato <strong>un contratto fino alla fine del 2027<\/strong>. Professionista dal 2013, Van Baarle si \u00e8 costruito un palmares straordinario che vanta vittorie strepitose alla Parigi-Roubaix, alla Omloop Het Nieuwsblad e alla Dwars door Vlaanderen, ma ha dimostrato pi\u00f9 volte la sua qualit\u00e0 anche nelle corse a tappe o nei Grandi Giri, ne ha affrontati 16, sia ottenendo ottimi risultati personali sia aiutando la sua squadra a raggiungere i suoi obiettivi.\n            <\/p>\n<p>Ex campione nazionale sia in linea che a cronometro e medaglia d&#8217;argento ai Campionati del Mondo 2021, Dylan ha un curriculum impressionante nelle Classiche sul pav\u00e9. Oltre alle vittorie di cui sopra, nell&#8217;ultimo decennio si \u00e8 classificato in totale undici volte tra i primi dieci alle Classiche di Primavera, risultati che lo rendono uno dei corridori pi\u00f9 costanti dell&#8217;attuale gruppo in questo tipo di gare.\n            <\/p>\n<p>&#8220;<strong>Sono incredibilmente entusiasta di entrare a far parte di Soudal Quick-Step,<\/strong> una squadra che guardavo in TV quando ero giovane,<strong> ammirando soprattutto Tom Boonen<\/strong>. \u00c8 un sogno che si avvera, quello di diventare un membro del Wolfpack dal prossimo anno. Dall&#8217;esterno, si ha l&#8217;impressione di una grande famiglia e sono felice di farne parte. Il mio obiettivo \u00e8 quello di tornare al mio miglior livello per le Classiche e, si spera, lotteremo per le vittorie l\u00ec. Voglio anche aiutare i ragazzi della classifica generale nei Grandi Giri, e perch\u00e9 no, puntare a una vittoria di tappa, magari anche nelle gare di una settimana se ci sar\u00e0 l&#8217;opportunit\u00e0&#8221; ha detto Dylan dopo aver firmato il contratto.<\/p>\n<p>&#8220;Siamo contenti che Dylan diveti un membro del Wolfpack nel 2026 e nel 2027. \u00c8 un corridore molto forte, come confermano non solo le vittorie nelle Classiche o nella cronometro, ma anche le sue prove eccezionalmente solide nei Grandi Giri. Porter\u00e0 molta esperienza nel team, che siamo convinti far\u00e0 la differenza nei momenti chiave di una gara e ci aiuter\u00e0 a diventare pi\u00f9 forti&#8221;, ha aggiunto J\u00fcrgen For\u00e9, CEO di Soudal Quick-Step.<\/p>\n<p>\n    <a href=\"https:\/\/www.tuttobiciweb.it\/article\/2025\/08\/08\/1754658911\/cycling-soudal-quick-step-dylan-van-baarle-classics?lang=en\" rel=\"nofollow noopener\" target=\"_blank\"><img decoding=\"async\" src=\"https:\/\/www.europesays.com\/it\/wp-content\/uploads\/2025\/07\/enver.png\"\/><\/a><\/p>\n<p>Copyright &amp;copy TBW<\/p>\n","protected":false},"excerpt":{"rendered":"MERCATO | 08\/08\/2025 | 15:08 Dylan van Baarle rafforzer\u00e0 la Soudal Quick-Step la prossima stagione: il 33enne olandese&hellip;\n","protected":false},"author":3,"featured_media":35662,"comment_status":"","ping_status":"","sticky":false,"template":"","format":"standard","meta":{"footnotes":""},"categories":[1456],"tags":[1824,14371,1825,33269,1537,90,89,23533,245,244],"class_list":{"0":"post-35661","1":"post","2":"type-post","3":"status-publish","4":"format-standard","5":"has-post-thumbnail","7":"category-ciclismo","8":"tag-ciclismo","9":"tag-classiche","10":"tag-cycling","11":"tag-dylan-van-baarle","12":"tag-it","13":"tag-italia","14":"tag-italy","15":"tag-soudal-quick-step","16":"tag-sport","17":"tag-sports"},"share_on_mastodon":{"url":"","error":""},"_links":{"self":[{"href":"https:\/\/www.europesays.com\/it\/wp-json\/wp\/v2\/posts\/35661","targetHints":{"allow":["GET"]}}],"collection":[{"href":"https:\/\/www.europesays.com\/it\/wp-json\/wp\/v2\/posts"}],"about":[{"href":"https:\/\/www.europesays.com\/it\/wp-json\/wp\/v2\/types\/post"}],"author":[{"embeddable":true,"href":"https:\/\/www.europesays.com\/it\/wp-json\/wp\/v2\/users\/3"}],"replies":[{"embeddable":true,"href":"https:\/\/www.europesays.com\/it\/wp-json\/wp\/v2\/comments?post=35661"}],"version-history":[{"count":0,"href":"https:\/\/www.europesays.com\/it\/wp-json\/wp\/v2\/posts\/35661\/revisions"}],"wp:featuredmedia":[{"embeddable":true,"href":"https:\/\/www.europesays.com\/it\/wp-json\/wp\/v2\/media\/35662"}],"wp:attachment":[{"href":"https:\/\/www.europesays.com\/it\/wp-json\/wp\/v2\/media?parent=35661"}],"wp:term":[{"taxonomy":"category","embeddable":true,"href":"https:\/\/www.europesays.com\/it\/wp-json\/wp\/v2\/categories?post=35661"},{"taxonomy":"post_tag","embeddable":true,"href":"https:\/\/www.europesays.com\/it\/wp-json\/wp\/v2\/tags?post=35661"}],"curies":[{"name":"wp","href":"https:\/\/api.w.org\/{rel}","templated":true}]}}