{"id":356706,"date":"2026-02-16T23:13:09","date_gmt":"2026-02-16T23:13:09","guid":{"rendered":"https:\/\/www.europesays.com\/it\/356706\/"},"modified":"2026-02-16T23:13:09","modified_gmt":"2026-02-16T23:13:09","slug":"le-auto-di-edoardo-leo-i-suv-dellospite-di-taratata","status":"publish","type":"post","link":"https:\/\/www.europesays.com\/it\/356706\/","title":{"rendered":"Le auto di Edoardo Leo, i SUV dell&#8217;ospite di Taratata"},"content":{"rendered":"<p>I volti passano, le campagne anche. Eppure, capitano eccezioni in cui l\u2019affinit\u00e0 tra un artista e un brand si consolida talmente da dare vita a un lungo sodalizio. Per quanto riguarda le auto, <strong>Edoardo Leo<\/strong>, ospite della seconda puntata di Taratata, ha un rapporto speciale con Lexus, fondato sullo stesso approccio ai temi che la societ\u00e0 contemporanea si trova oggi ad affrontare. In principio la collaborazione nasceva a sostegno del cinema nei momenti difficili, poi, per\u00f2, il discorso si \u00e8 ampliato fino ad abbracciare la filosofia del viaggio, a cui l\u2019attore romano presta il proprio volto al racconto del lusso sostenibile.\n<\/p>\n<p>Dai red carpet alla mobilit\u00e0 quotidiana<\/p>\n<p>Sui red carpet di eventi di eco internazionale, dalla Mostra di Venezia alla Festa del Cinema di Roma, Edoardo Leo \u00e8 spesso apparso accanto alle ammiraglia elettrificate. Il suo legame con Lexus, e pi\u00f9 in generale con il gruppo Toyota, \u00e8 cresciuto progressivamente, accanto ai pilastri della gamma <a href=\"https:\/\/www.virgilio.it\/motori\/dati-statistiche\/suv-piu-venduti-italia-gennaio-2026\/316635\/\" rel=\"nofollow noopener\" target=\"_blank\">SUV<\/a>, come la<strong>\u00a0NX<\/strong> e l\u2019imponente <strong>RX<\/strong>, vetture che sembrano cucite addosso alla sua immagine: sobria, elegante, ma tecnicamente ineccepibile. L\u2019elevato livello di preparazione tecnica, a tratti maniacale, richiesto a un regista e interprete trova un facile parallelo con l\u2019artigianalit\u00e0 dei maestri Takumi della Casa nipponica.<\/p>\n<p>Per continuare a brillare \u00e8 cruciale studiare i dettagli e non smettere di imparare, aperti ai feedback che il pubblico finale fornisce. Nella sinergia tra Leo e il programma <a href=\"https:\/\/www.virgilio.it\/motori\/auto\/auto-piu-affidabili-2025\/311251\/\" rel=\"nofollow noopener\" target=\"_blank\">Lexus<\/a> c\u2019\u00e8, quindi, molto altro del marketing opportunistico: si delinea una condivisione di valori basata sulla ricerca della silenziosit\u00e0, sul dettaglio e, soprattutto, sulla transizione verso viaggi meno impattanti sull\u2019ambiente.<\/p>\n<p>Lexus NX e RX: i SUV scelti dall\u2019attore ospite di Taratata<\/p>\n<p>Il legame si manifesta nella scelta dei modelli. La <strong>Lexus NX<\/strong>, con la sua tecnologia <strong>plug-in hybrid<\/strong>, \u00e8 la compagna ideale per le anime urbane, nella cui visione la citt\u00e0 assomiglia da vicino a un set a cielo aperto, permettendo chilometri in modalit\u00e0 puramente elettrica. Quando invece le distanze crescono e il prestigio deve incontrare il massimo comfort, entra in gioco la <strong>RX<\/strong>.<\/p>\n<blockquote class=\"instagram-media\" data-instgrm-captioned=\"\" data-instgrm-permalink=\"https:\/\/www.instagram.com\/p\/CQszm1UFtgV\/?utm_source=ig_embed&amp;utm_campaign=loading\" data-instgrm-version=\"14\" style=\" background:#FFF; border:0; border-radius:3px; box-shadow:0 0 1px 0 rgba(0,0,0,0.5),0 1px 10px 0 rgba(0,0,0,0.15); margin: 1px; max-width:100%; min-width:326px; padding:0; width:99.375%; width:-webkit-calc(100% - 2px); width:calc(100% - 2px);\"\/>\n<p>L\u2019ammiraglia a ruote alte \u00e8 stata spesso la protagonista degli scatti ritraenti Leo, ospite della seconda puntata di <a href=\"https:\/\/www.virgilio.it\/motori\/curiosita\/fotonotizia\/taratata-auto-bonolis-ligabue-giorgia-elisa\/315948\/\" data-doctype=\"\" rel=\"nofollow noopener\" target=\"_blank\">Taratata<\/a>: una vettura ruotante attorno al concetto di Omotenashi, l\u2019ospitalit\u00e0 giapponese, dove ogni comando e ogni materiale \u00e8 pensato per anticipare i bisogni di conducente e passeggeri a bordo. Se passi ore a scrivere sceneggiature o a spostarti tra un teatro e l\u2019altro, trasformare l\u2019abitacolo in un salotto silenzioso \u00e8 un po\u2019 come respirare profumo di casa.<\/p>\n<p>Un viaggio che continua<\/p>\n<p>Attraverso la valorizzazione del \u201csaper fare\u201d il percorso fianco a fianco di Leo e Lexus prosegue imperterrito. Un professionista della settima arte non smetter\u00e0 mai di sottolineare il contributo delle maestranze sulla riuscita di un lavoro, e nella discrezione il marchio nipponico porta avanti la sua attivit\u00e0, in cui le soluzioni tecnologiche restano quasi impercettibili, lasciando spazio all\u2019emozione della guida. Il garage \u201celettrificato\u201d di Edoardo Leo predilige l\u2019armonia dell\u2019ibrido, perch\u00e9 il prestigio non urla: sussurra tra i sampietrini romani o mentre accompagna nell\u2019ingresso trionfale a un grande festival del cinema.<\/p>\n<p>\t<script async src=\"\/\/www.instagram.com\/embed.js\"><\/script><\/p>\n","protected":false},"excerpt":{"rendered":"I volti passano, le campagne anche. Eppure, capitano eccezioni in cui l\u2019affinit\u00e0 tra un artista e un brand&hellip;\n","protected":false},"author":3,"featured_media":356707,"comment_status":"","ping_status":"","sticky":false,"template":"","format":"standard","meta":{"footnotes":"","_share_on_mastodon":"0"},"categories":[1451],"tags":[1621,1620,1679,203,204,1537,90,89,44019,11114],"class_list":["post-356706","post","type-post","status-publish","format-standard","has-post-thumbnail","category-celebrita","tag-celebrita","tag-celebrities","tag-curiosita","tag-entertainment","tag-intrattenimento","tag-it","tag-italia","tag-italy","tag-lexus","tag-suv"],"share_on_mastodon":{"url":"https:\/\/pubeurope.com\/@it\/116082848883508299","error":""},"_links":{"self":[{"href":"https:\/\/www.europesays.com\/it\/wp-json\/wp\/v2\/posts\/356706","targetHints":{"allow":["GET"]}}],"collection":[{"href":"https:\/\/www.europesays.com\/it\/wp-json\/wp\/v2\/posts"}],"about":[{"href":"https:\/\/www.europesays.com\/it\/wp-json\/wp\/v2\/types\/post"}],"author":[{"embeddable":true,"href":"https:\/\/www.europesays.com\/it\/wp-json\/wp\/v2\/users\/3"}],"replies":[{"embeddable":true,"href":"https:\/\/www.europesays.com\/it\/wp-json\/wp\/v2\/comments?post=356706"}],"version-history":[{"count":0,"href":"https:\/\/www.europesays.com\/it\/wp-json\/wp\/v2\/posts\/356706\/revisions"}],"wp:featuredmedia":[{"embeddable":true,"href":"https:\/\/www.europesays.com\/it\/wp-json\/wp\/v2\/media\/356707"}],"wp:attachment":[{"href":"https:\/\/www.europesays.com\/it\/wp-json\/wp\/v2\/media?parent=356706"}],"wp:term":[{"taxonomy":"category","embeddable":true,"href":"https:\/\/www.europesays.com\/it\/wp-json\/wp\/v2\/categories?post=356706"},{"taxonomy":"post_tag","embeddable":true,"href":"https:\/\/www.europesays.com\/it\/wp-json\/wp\/v2\/tags?post=356706"}],"curies":[{"name":"wp","href":"https:\/\/api.w.org\/{rel}","templated":true}]}}