{"id":357030,"date":"2026-02-17T04:37:12","date_gmt":"2026-02-17T04:37:12","guid":{"rendered":"https:\/\/www.europesays.com\/it\/357030\/"},"modified":"2026-02-17T04:37:12","modified_gmt":"2026-02-17T04:37:12","slug":"dopo-la-causa-da-160-milioni-corona-sfida-ancora-mediaset-e-annuncia-unaltra-puntata-di-falsissimo","status":"publish","type":"post","link":"https:\/\/www.europesays.com\/it\/357030\/","title":{"rendered":"Dopo la causa da 160 milioni Corona sfida ancora Mediaset e annuncia un&#8217;altra puntata di Falsissimo"},"content":{"rendered":"<p>Fabrizio Corona torna a farsi vedere in pubblico dopo il ricovero dei giorni scorsi e rilancia, ancora una volta, la sfida a Mediaset. \u00c8 lui stesso ad annunciarlo durante una recente ospitata in discoteca, davanti a centinaia di ragazzi. Nel mirino c\u2019\u00e8 di nuovo \u201cFalsissimo\u201d, il format digitale finito al centro di una battaglia legale e mediatica che va avanti da settimane.<\/p>\n<p>\u201cGli faccio un cu*lo cos\u00ec\u201d<\/p>\n<p>Nel suo intervento, Corona scandisce data e ora e alza il livello dello scontro, citando apertamente la causa e il blocco dei canali: \u201cAllora ragazzi, due cose. Uno: il 2 marzo alle ore 21 uscir\u00e0 una nuova puntata di Falsissimo, sar\u00e0 una puntata terrificante. Non \u00e8 che, adesso, con la <a href=\"https:\/\/www.milanotoday.it\/attualita\/fabrizio-corona-mediaset-risarcimento-160-milioni.html\" target=\"_blank\" rel=\"nofollow noopener\">causa<\/a> di 160 milioni e il canale bloccato abbiamo \u2018paurina\u2019. La puntata la facciamo su Signorini e Mediaset. A questo giro per\u00f2 rigiro le carte: gli faccio un cu*o cos\u00ec\u201d. Non \u00e8 chiaro dove esattamente Corona mander\u00e0 in onda la puntata, dal momento che tutti i suoi profili social al momento sono bloccali. L&#8217;unico account tuttora disponibile \u00e8 quello su X, quindi potrebbe appoggiarsi a quella piattaforma. Ma, lo ribadiamo, sono solo supposizioni su cui si attendono chiarimenti dall&#8217;ex re dei paparazzi.<\/p>\n<p>Il braccio di ferro tra Corona e Mediaset<\/p>\n<p>L\u2019episodio si inserisce in un braccio di ferro iniziato tra la fine del 2025 e l\u2019inizio del 2026, culminato a gennaio quando il gruppo MFE-Mediaset ha avviato una causa civile risarcitoria da 160 milioni di euro contro l\u2019ex agente fotografico. Parallelamente, un provvedimento d\u2019urgenza del Tribunale di Milano ha disposto l\u2019inibitoria dei suoi canali social, con la rimozione dei profili Instagram personali e della pagina di Falsissimo all\u2019inizio di febbraio 2026.<\/p>\n<p>Il ricovero in ospedale<\/p>\n<p>Come sappiamo, subito dopo Corona ha reagito denunciando l\u2019azienda per tentata estorsione e parlando di \u201ccensura\u201d, oltre che di un tentativo di impedirgli di lavorare. Nelle ultime ore la vicenda ha registrato anche un passaggio improvviso sul piano personale: il 14 febbraio 2026 Corona \u00e8 stato ricoverato d\u2019urgenza per picchi di pressione alta e problemi cardiaci, pubblicando su X messaggi in cui attribuisce il malore allo stress legato alle battaglie in corso. In questo quadro, l\u2019annuncio in discoteca suona come un ritorno in scena e un nuovo capitolo del confronto.<\/p>\n","protected":false},"excerpt":{"rendered":"Fabrizio Corona torna a farsi vedere in pubblico dopo il ricovero dei giorni scorsi e rilancia, ancora una&hellip;\n","protected":false},"author":3,"featured_media":346471,"comment_status":"","ping_status":"","sticky":false,"template":"","format":"standard","meta":{"footnotes":"","_share_on_mastodon":"0"},"categories":[1451],"tags":[1621,1620,203,12738,204,1537,90,89,9060],"class_list":["post-357030","post","type-post","status-publish","format-standard","has-post-thumbnail","category-celebrita","tag-celebrita","tag-celebrities","tag-entertainment","tag-falsissimo","tag-intrattenimento","tag-it","tag-italia","tag-italy","tag-mediaset"],"share_on_mastodon":{"url":"https:\/\/pubeurope.com\/@it\/116084122736777598","error":""},"_links":{"self":[{"href":"https:\/\/www.europesays.com\/it\/wp-json\/wp\/v2\/posts\/357030","targetHints":{"allow":["GET"]}}],"collection":[{"href":"https:\/\/www.europesays.com\/it\/wp-json\/wp\/v2\/posts"}],"about":[{"href":"https:\/\/www.europesays.com\/it\/wp-json\/wp\/v2\/types\/post"}],"author":[{"embeddable":true,"href":"https:\/\/www.europesays.com\/it\/wp-json\/wp\/v2\/users\/3"}],"replies":[{"embeddable":true,"href":"https:\/\/www.europesays.com\/it\/wp-json\/wp\/v2\/comments?post=357030"}],"version-history":[{"count":0,"href":"https:\/\/www.europesays.com\/it\/wp-json\/wp\/v2\/posts\/357030\/revisions"}],"wp:featuredmedia":[{"embeddable":true,"href":"https:\/\/www.europesays.com\/it\/wp-json\/wp\/v2\/media\/346471"}],"wp:attachment":[{"href":"https:\/\/www.europesays.com\/it\/wp-json\/wp\/v2\/media?parent=357030"}],"wp:term":[{"taxonomy":"category","embeddable":true,"href":"https:\/\/www.europesays.com\/it\/wp-json\/wp\/v2\/categories?post=357030"},{"taxonomy":"post_tag","embeddable":true,"href":"https:\/\/www.europesays.com\/it\/wp-json\/wp\/v2\/tags?post=357030"}],"curies":[{"name":"wp","href":"https:\/\/api.w.org\/{rel}","templated":true}]}}