{"id":357156,"date":"2026-02-17T07:18:13","date_gmt":"2026-02-17T07:18:13","guid":{"rendered":"https:\/\/www.europesays.com\/it\/357156\/"},"modified":"2026-02-17T07:18:13","modified_gmt":"2026-02-17T07:18:13","slug":"champions-league-andata-dei-playoff-per-atalanta-inter-e-juve","status":"publish","type":"post","link":"https:\/\/www.europesays.com\/it\/357156\/","title":{"rendered":"Champions League: andata dei playoff per Atalanta, Inter e Juve"},"content":{"rendered":"<p>                                Gare d&#8217;andata delicate per le italiane. Guirassy spauracchio Borussia, il Gala ha un attacco super ma soffre dietro, Chivu sul sintetico contro i ragazzi terribili del Bodo<\/p>\n<p>            <a class=\"image is-50x50\" href=\"https:\/\/www.gazzetta.it\/redazione\/luigi-garlando\/\" rel=\"nofollow noopener\" target=\"_blank\"><br \/>\n                <img decoding=\"async\" class=\"is-rounded\" src=\"https:\/\/www.europesays.com\/it\/wp-content\/uploads\/2025\/10\/luigi_garlando_avatar.png\" alt=\"Luigi Garlando\"\/><br \/>\n            <\/a><\/p>\n<p>Giornalista<\/p>\n<p>                    17 febbraio 2026 (modifica alle 01:41)  &#8211; MILANO<\/p>\n<p class=\"paragraph\" spellcheck=\"true\">Come l\u2019arbitro che divide i due pugili e li spedisce ai rispettivi angoli, nei punti pi\u00f9 distanti del ring: l\u2019Inter lass\u00f9 in Norvegia, la Juve gi\u00f9 in Turchia. La rampante Atalanta se ne sta in mezzo, serena e beata, in Germania. Apriamo le finestre del campionato, lasciamo uscire i veleni e respiriamo qualche boccata di buona Europa, dove in genere i giocatori stanno in piedi e gli arbitri fermano poco la palla. Delle nostre tre caravelle di Champions oggi salpano Juve e Atalanta, domani l\u2019Inter. Mare periglioso quello dei playoff che porta agli ottavi.\u00a0<\/p>\n<p>    Juve\u2014 \u00a0<\/p>\n<p class=\"paragraph\" spellcheck=\"true\">Dal suo angolo, Spalletti ha attaccato comunque Chivu, per difendere Kalulu. Ironia della sorte, stasera se la vedr\u00e0 con un altro (ex) interista, Okan Buruk, in nerazzurro dal 2001 al 2004. Okan non ha dimenticato il 5 maggio 2002, ma si trover\u00e0 davanti una Signora ferita e furiosa, pronta a scaricare in campo la sua rabbia nel proverbiale inferno dell\u2019Ali Sami Yen che la Juve conosce bene. Nel \u201998 pareggi\u00f2 durante la crisi Ocalan che arrovent\u00f2 lo stadio di spirito anti-italiano; nel 2013 fu beffata allo scadere da due altri ex interisti (Sneijder, Mancini) e da vigliacchi trattorini spalaneve che devastarono la met\u00e0 campo della Juve. In questa edizione, nell\u2019inferno di Istanbul ci ha lasciato le penne il Liverpool e l\u2019Atletico Madrid ha pareggiato. I diavoli sono Osimhen e Icardi, pi\u00f9 il primo (6 gol su 6 match di Champions) del secondo che pesa 8 chili di troppo. Ma Maurito ne ha segnati comunque 13 in campionato, 3 nell\u2019ultima partita: \u00e8 pronto per l\u2019ex amico Spalletti, anche se partir\u00e0 dalla panca. Dietro a Osi, un tridente affilatissimo: i nazionali Yilmaz (attento, Cambiaso\u2026) e Yunus, veloci e talentuosi, e l\u2019ex napoletano Lang. Nelle ultime 4 partite, il Gala ha vendemmiato 15 gol. In attacco i turchi inquietano, ma dietro allargano il cuore alla speranza. Mancano l\u2019ex juventino Lemina (squalificato) e Gundogan \u00e8 fuori condizione. Il leggero Gabriel Sara e il piccolo Torreira, ex viola, coprono poco e male la mediana (4-2-3-1), dove Locatelli e Thuram alzeranno la voce. E nel cuore della difesa sono piantati due corazzieri (Davinson Sanchez, Bardakci) che, presi in velocit\u00e0, soffrono sempre. Anche per questo Spalletti ha scelto McKennie centravanti e punter\u00e0 forte sulle ripartenze di Concei\u00e7ao e Yildiz, atteso dal magiaro Sallai, buon giocatore. Istanbul \u00e8 uno snodo chiave per la Juve, staccata dalla Roma. Una prestazione confortante con ipoteca sugli ottavi darebbe la spinta per i prossimi tre impegni delicati: Como, ancora Galatasaray, Roma che sembra quasi uno spareggio. Al contrario, aggiungere un\u2019altra delusione alla sconfitta con l\u2019Inter, ai punti persi con la Lazio e all\u2019eliminazione in Coppa Italia deprimerebbe pericolosamente l\u2019ambiente.\u00a0<\/p>\n<p>    Atalanta\u2014 \u00a0<\/p>\n<p class=\"paragraph\" spellcheck=\"true\">La Dea \u00e8 arrivata a Dortmund surfando gli 8 risultati utili in campionato e la prestigiosa eliminazione della Juve in Coppa Italia. Nove anni di Gasp l\u2019hanno resa immune dal timore del Muro Giallo. Otto anni fa l\u2019Atalanta gioc\u00f2 un partitone, una doppietta di Ilicic ribalt\u00f2 il vantaggio tedesco. Si arrese solo nel recupero (3-2). Palladino vuole vedere la stessa personalit\u00e0, con un risultato migliore. Dopo 8 anni, l\u2019anima \u00e8 ancora De Roon, il nuovo totem offensivo \u00e8 Scamacca che si giocher\u00e0 un derby speciale con Serhou Guirassy: 18 gol in Champions su 62 tiri dal 2020. Nessuno ha una percentuale pi\u00f9 alta. Scopo della Dea, tenere la palla lontana dal centravanti della Guinea e portarla dall\u2019altra parte dove c\u2019\u00e8 una difesa in emergenza nera. A Nico Kovac mancano eccellenze quali Schlotterbeck, Emre Can, S\u00fcle&#8230; L\u2019Atalanta deve osare.\u00a0<\/p>\n<p><a class=\"is-partner-link\" href=\"https:\/\/abbonamenti.gazzetta.it\/calciatori-panini-2025\/?pwcmp_promo_panini_cta&amp;forceBrowser=true\" rel=\"nofollow noopener\" target=\"_blank\">Gazzetta digital + Box Panini + Album a soli 80\u20ac, il modo pi\u00f9 veloce e conveniente per completare la collezione!<\/a><\/p>\n<p>    Inter\u2014 \u00a0<\/p>\n<p class=\"paragraph\" spellcheck=\"true\">Vediamo se oggi in conferenza Chivu risponder\u00e0 dal suo angolo. Parler\u00e0 anche Bastoni, dopo i giorni pi\u00f9 tormentati della sua carriera, tra accuse e minacce vergognose. Gli far\u00e0 bene esprimersi e ancora di pi\u00f9, domani, scaricare in campo tutte le tossine e magari esultare, ma per un gol. Giocheranno anche Calhanoglu e Barella, squalificati in campionato. Solo met\u00e0 della ThuLa, oggi sapremo di pi\u00f9. Ieri allenamento sul sintetico di Interello, oggi su quello di Bodo. Chivu teme giustamente le condizioni ambientali, trover\u00e0 una decina di gradi sotto zero e un\u2019euforia di popolo da finale di Champions. E, soprattutto, una buona squadra che ha battuto il City (3-1) nella sua tana, con splendido gol dell\u2019ex milanista Hauge, e l\u2019Atletico (2-1) a Madrid. La Juve a Bodo ha vinto solo al 91\u2019. Per saperne di pi\u00f9, su cosa pu\u00f2 rischiare un\u2019italiana a quelle latitudini, chiedere referenze a Roma (1-6) e Lazio (0-2). Il Bodo Glimt salter\u00e0 addosso all\u2019Inter e non smetter\u00e0 mai di correre, con l\u2019entusiasmo della matricola invitata al grande ballo. Non baster\u00e0 l\u2019esperienza e la gestione. Contro la Juve, i nerazzurri hanno dimostrato di non essere in condizione brillante, come ha riconosciuto Chivu. Ha sofferto anche con l\u2019uomo in pi\u00f9. Domani, il freddo, il tifo indemoniato, il terreno ostile, un avversario atleticamente prepotente imporranno una risposta prima di tutto etica: saper soffrire e lottare. Ripartire male da Bodo, con il Milan magari a -5, guasterebbe l\u2019orizzonte.<\/p>\n<p class=\"is-copyright\">\u00a9 RIPRODUZIONE RISERVATA<\/p>\n","protected":false},"excerpt":{"rendered":"Gare d&#8217;andata delicate per le italiane. Guirassy spauracchio Borussia, il Gala ha un attacco super ma soffre dietro,&hellip;\n","protected":false},"author":3,"featured_media":357157,"comment_status":"","ping_status":"","sticky":false,"template":"","format":"standard","meta":{"footnotes":"","_share_on_mastodon":"0"},"categories":[1452],"tags":[509,207194,207195,3476,207196,207197,207198,207199,207200,30943,207201,207202,9558,207203,207204,117046,207205,2537,3186,569,5358,5022,765,56029,6090,721,1856,921,12837,1969,2839,2490,4297,5006,6036,16372,767,1690,16010,1740,19624,1976,78064,12312,350,2632,1537,90,89,565,87269,103102,5188,5382,57,3334,207192,34979,3171,1292,987,163741,207193,136463,1739,24806,245,244,110917,93909],"class_list":["post-357156","post","type-post","status-publish","format-standard","has-post-thumbnail","category-calcio","tag-accuse","tag-accuse-minacce","tag-accuse-minacce-vergognose","tag-addosso","tag-addosso-inter","tag-addosso-inter-smettera","tag-affilatissimo","tag-affilatissimo-nazionali","tag-affilatissimo-nazionali-yilmaz","tag-aggiungere","tag-aggiungere-altra","tag-aggiungere-altra-delusione","tag-ali","tag-ali-sami","tag-ali-sami-yen","tag-allargano","tag-allargano-cuore","tag-altra","tag-angolo","tag-atalanta","tag-atletico","tag-atletico-madrid","tag-attacco","tag-bodo","tag-buona","tag-calcio","tag-campionato","tag-campo","tag-centravanti","tag-champions","tag-chivu","tag-condizione","tag-coppa","tag-coppa-italia","tag-cuore","tag-dea","tag-difesa","tag-domani","tag-eliminazione","tag-football","tag-gala","tag-gol","tag-guirassy","tag-inferno","tag-inter","tag-istanbul","tag-it","tag-italia","tag-italy","tag-juve","tag-juve-atalanta","tag-lasciamo","tag-lazio","tag-madrid","tag-mancano","tag-meta","tag-okan","tag-ottavi","tag-palla","tag-punti","tag-roma","tag-scaricare","tag-scaricare-campo","tag-sintetico","tag-soccer","tag-spalletti","tag-sport","tag-sports","tag-trovera","tag-veleni"],"share_on_mastodon":{"url":"","error":"Validation failed: Text character limit of 500 exceeded"},"_links":{"self":[{"href":"https:\/\/www.europesays.com\/it\/wp-json\/wp\/v2\/posts\/357156","targetHints":{"allow":["GET"]}}],"collection":[{"href":"https:\/\/www.europesays.com\/it\/wp-json\/wp\/v2\/posts"}],"about":[{"href":"https:\/\/www.europesays.com\/it\/wp-json\/wp\/v2\/types\/post"}],"author":[{"embeddable":true,"href":"https:\/\/www.europesays.com\/it\/wp-json\/wp\/v2\/users\/3"}],"replies":[{"embeddable":true,"href":"https:\/\/www.europesays.com\/it\/wp-json\/wp\/v2\/comments?post=357156"}],"version-history":[{"count":0,"href":"https:\/\/www.europesays.com\/it\/wp-json\/wp\/v2\/posts\/357156\/revisions"}],"wp:featuredmedia":[{"embeddable":true,"href":"https:\/\/www.europesays.com\/it\/wp-json\/wp\/v2\/media\/357157"}],"wp:attachment":[{"href":"https:\/\/www.europesays.com\/it\/wp-json\/wp\/v2\/media?parent=357156"}],"wp:term":[{"taxonomy":"category","embeddable":true,"href":"https:\/\/www.europesays.com\/it\/wp-json\/wp\/v2\/categories?post=357156"},{"taxonomy":"post_tag","embeddable":true,"href":"https:\/\/www.europesays.com\/it\/wp-json\/wp\/v2\/tags?post=357156"}],"curies":[{"name":"wp","href":"https:\/\/api.w.org\/{rel}","templated":true}]}}