{"id":357315,"date":"2026-02-17T09:56:11","date_gmt":"2026-02-17T09:56:11","guid":{"rendered":"https:\/\/www.europesays.com\/it\/357315\/"},"modified":"2026-02-17T09:56:11","modified_gmt":"2026-02-17T09:56:11","slug":"la-visma-lease-a-bike-e-alla-ricerca-di-un-nuovo-sponsor-principale","status":"publish","type":"post","link":"https:\/\/www.europesays.com\/it\/357315\/","title":{"rendered":"LA VISMA LEASE A BIKE E&#8217; ALLA RICERCA DI UN NUOVO SPONSOR PRINCIPALE"},"content":{"rendered":"<p>            <a class=\"category\" href=\"https:\/\/www.tuttobiciweb.it\/articles\/category\/PROFESSIONISTI\" itemprop=\"about\" rel=\"nofollow noopener\" target=\"_blank\">PROFESSIONISTI<\/a> | 17\/02\/2026 | 09:03<br \/>\n            <a class=\"author\" href=\"https:\/\/www.tuttobiciweb.it\/articles\/author\/Benjamin%20Le%20Goff\" rel=\"nofollow noopener\" target=\"_blank\">di Benjamin Le Goff<\/a><\/p>\n<p>La stagione \u00e8 appena cominciata ma <strong>in casa Visma Lease a Bike si sta attivamente lavorando per costruire il futuro del team.<\/strong> Il sito olandese\u00a0WielerFlits, infatti, anticipa che la formazione di Vingegaard e Van Aert \u00e8 alla ricerca di un nuovo primo sponsor per la prossima stagione.\n            <\/p>\n<p><strong>Visma, a<\/strong><strong>zienda di software norvegese, far\u00e0 un passo indietro dal team:<\/strong> rester\u00e0 nel pool di sponsor ma non pi\u00f9 come primo nome, anche perch\u00e9 indirizzer\u00e0 le proprie scelte verso nuove strategie societarie e di marketing. Ed il team si trova a dover fronteggiare una nuova realt\u00e0, vale a dire quella di sponsor che diventano proprietari delle squadre come nel caso di\u00a0UAE Emirates XRG, Lidl-Trek, Red Bull BORA-hansgrohe e Decathlon CMA CGM.\n            <\/p>\n<p>Intendiamoci, il futuro del team non \u00e8 a rischio potendo contare su colossi come\u00a0Visma, PON e Rabobank, ma il general manager Richard Plugge \u00e8 impegnato a trovare uno sponsor che sia disposto ad investire una somma ingente che permetta alla formazione olandese di restare ai vertici del panorama ciclistico mondiale.<\/p>\n<p>\n    <a href=\"https:\/\/www.tuttobiciweb.it\/article\/2026\/02\/17\/1771316033\/cycling-visma-lease-a-bike-sponsor-richard-plugge-professional-team?lang=en\" rel=\"nofollow noopener\" target=\"_blank\"><img decoding=\"async\" src=\"https:\/\/www.europesays.com\/it\/wp-content\/uploads\/2025\/12\/enver.png\"\/><\/a><\/p>\n<p>Copyright &amp;copy TBW<\/p>\n","protected":false},"excerpt":{"rendered":"PROFESSIONISTI | 17\/02\/2026 | 09:03 di Benjamin Le Goff La stagione \u00e8 appena cominciata ma in casa Visma&hellip;\n","protected":false},"author":3,"featured_media":357316,"comment_status":"","ping_status":"","sticky":false,"template":"","format":"standard","meta":{"footnotes":"","_share_on_mastodon":"0"},"categories":[1456],"tags":[1824,1825,1537,90,89,20872,9436,245,244,46476,9209],"class_list":["post-357315","post","type-post","status-publish","format-standard","has-post-thumbnail","category-ciclismo","tag-ciclismo","tag-cycling","tag-it","tag-italia","tag-italy","tag-richard-plugge","tag-sponsor","tag-sport","tag-sports","tag-team-professionistico","tag-visma-lease-a-bike"],"share_on_mastodon":{"url":"https:\/\/pubeurope.com\/@it\/116085377275269955","error":""},"_links":{"self":[{"href":"https:\/\/www.europesays.com\/it\/wp-json\/wp\/v2\/posts\/357315","targetHints":{"allow":["GET"]}}],"collection":[{"href":"https:\/\/www.europesays.com\/it\/wp-json\/wp\/v2\/posts"}],"about":[{"href":"https:\/\/www.europesays.com\/it\/wp-json\/wp\/v2\/types\/post"}],"author":[{"embeddable":true,"href":"https:\/\/www.europesays.com\/it\/wp-json\/wp\/v2\/users\/3"}],"replies":[{"embeddable":true,"href":"https:\/\/www.europesays.com\/it\/wp-json\/wp\/v2\/comments?post=357315"}],"version-history":[{"count":0,"href":"https:\/\/www.europesays.com\/it\/wp-json\/wp\/v2\/posts\/357315\/revisions"}],"wp:featuredmedia":[{"embeddable":true,"href":"https:\/\/www.europesays.com\/it\/wp-json\/wp\/v2\/media\/357316"}],"wp:attachment":[{"href":"https:\/\/www.europesays.com\/it\/wp-json\/wp\/v2\/media?parent=357315"}],"wp:term":[{"taxonomy":"category","embeddable":true,"href":"https:\/\/www.europesays.com\/it\/wp-json\/wp\/v2\/categories?post=357315"},{"taxonomy":"post_tag","embeddable":true,"href":"https:\/\/www.europesays.com\/it\/wp-json\/wp\/v2\/tags?post=357315"}],"curies":[{"name":"wp","href":"https:\/\/api.w.org\/{rel}","templated":true}]}}