{"id":358000,"date":"2026-02-17T19:36:15","date_gmt":"2026-02-17T19:36:15","guid":{"rendered":"https:\/\/www.europesays.com\/it\/358000\/"},"modified":"2026-02-17T19:36:15","modified_gmt":"2026-02-17T19:36:15","slug":"con-lui-lo-studio-era-divertimento","status":"publish","type":"post","link":"https:\/\/www.europesays.com\/it\/358000\/","title":{"rendered":"\u201cCon lui lo studio era divertimento\u201d"},"content":{"rendered":"<p>Bologna, 17 febbraio 2026 \u2013\u00a0A dieci anni<strong> <\/strong>dalla sua scomparsa, avvenuta a Milano il 19 febbraio 2016, <strong>Umberto Eco<\/strong> \u00e8 il protagonista di una maratona dedicata a lui e al suo lavoro, alla quale hanno aderito importanti personalit\u00e0 della cultura. Come <strong>Elisabetta Sgarbi<\/strong> che lo volle al suo fianco quando, uscita da Bompiani, fond\u00f2 la casa editrice La nave di Teseo. La <strong><a rel=\"follow nofollow noopener\" href=\"https:\/\/www.ilrestodelcarlino.it\/bologna\/cultura\/maratona-web-umberto-eco-quando-come-partecipare-eyzgw43w\" target=\"_blank\">maratona<\/a><\/strong> Eco Eco Eco \u2013 A World-Wide Talk for Umberto sar\u00e0 dalle 12 di mercoled\u00ec 18 febbraio alle 12 di gioved\u00ec in diretta streaming sui canali YouTube della Fondazione Umberto Eco e della Fondazione Bottega Finzioni. <\/p>\n<p>Approfondisci:<\/p>\n<p><a href=\"https:\/\/www.ilrestodelcarlino.it\/bologna\/cronaca\/bologna-negli-epstein-files-compare-c8a7d491\" class=\"ArticleEmbed_article__embed__content__Jzqnz\" rel=\"nofollow noopener\" target=\"_blank\">Bologna negli Epstein files compare 171 volte: dalla cena misteriosa alle \u2018sue\u2019 ragazze in tour<img alt=\"Bologna negli Epstein files compare 171 volte: dalla cena misteriosa alle \u2018sue\u2019 ragazze in tour\" loading=\"lazy\" width=\"140\" height=\"78\" decoding=\"async\" data-nimg=\"1\" style=\"color:transparent\"  src=\"https:\/\/www.europesays.com\/it\/wp-content\/uploads\/2026\/02\/1771356975_624_image.webp.webp\"\/><\/a> <\/p>\n<p><strong>Signora Sgarbi, Umberto Eco \u00e8 stato il \u201cfaro\u201c della Nave di Teseo. Su quali presupposti editoriali decideste di avviare la casa editrice?<\/strong><\/p>\n<p>\u00abLo \u00e8 stato anche di fatto, perch\u00e9, nostro malgrado, il primo libro della Nave di Teseo \u00e8 stato il suo Pape Satan Aleppe, nella collana dei Fari, all\u2019indomani della sua morte. E per noi continua a essere un punto di riferimento. Abbiamo portato alla Nave tutto il suo catalogo, o quasi, in questi dieci anni, come gli avevamo promesso e come lui voleva. 54 titoli, oltre ai libri su di lui, oltre allo straordinario Nome della rosa di Milo Manara. Un corpus di oltre 60 opere pubblicate in dieci anni, per testimoniare la sua vitalit\u00e0 editoriale e dirgli anche \u201cgrazie&#8221;\u00bb.<\/p>\n<p>Approfondisci:<\/p>\n<p><a href=\"https:\/\/www.ilrestodelcarlino.it\/reggio-emilia\/cronaca\/dipinto-del-600-rubato-14118831\" class=\"ArticleEmbed_article__embed__content__Jzqnz\" rel=\"nofollow noopener\" target=\"_blank\">Sgarbi, il quadro sparito dal Castello e la copia in mostra: la storia della \u2018Cattura di San Pietro\u2019 dall\u2019accusa di riciclaggio all\u2019assoluzione<img alt=\"Sgarbi, il quadro sparito dal Castello e la copia in mostra: la storia della \u2018Cattura di San Pietro\u2019 dall\u2019accusa di riciclaggio all\u2019assoluzione\" loading=\"lazy\" width=\"140\" height=\"78\" decoding=\"async\" data-nimg=\"1\" style=\"color:transparent\"  src=\"https:\/\/www.europesays.com\/it\/wp-content\/uploads\/2026\/02\/il-critico-darte-vittorio-sgarbi.webp.webp\"\/><\/a><img alt=\"A dieci anni dalla scomparsa di Umberto Eco, la famiglia, la Fondazione Eco e la Fondazione Bottega Finzioni presentano la maratona &quot;Eco Eco Eco - A World-Wide Talk for Umberto&quot;\" loading=\"lazy\" width=\"4000\" height=\"2658\" decoding=\"async\" data-nimg=\"1\" style=\"color:transparent;max-width:100%;height:auto\"   src=\"https:\/\/www.europesays.com\/it\/wp-content\/uploads\/2026\/02\/a-dieci-anni-dalla-scomparsa-di-umberto-eco-la-famiglia-la-fondazione-eco-e-la-fondazione-bottega-fi.webp\"\/><\/p>\n<p>A dieci anni dalla scomparsa di Umberto Eco, la famiglia, la Fondazione Eco e la Fondazione Bottega Finzioni presentano la maratona &#8220;Eco Eco Eco &#8211; A World-Wide Talk for Umberto&#8221;<\/p>\n<p><strong>Quale \u00e8 stato l\u2019insegnamento pi\u00f9 importante che le ha trasmesso? <\/strong><\/p>\n<p>\u00abChe la seriet\u00e0 dello studio, la fatica del lavoro quotidiano non \u00e8 dissociato dalla passione, persino dal divertimento. Che la lettura non \u00e8 un lusso, ma la risposta al desiderio di ciascuno di noi di avere pi\u00f9 vita, pi\u00f9 strade oltre a quelle che la realt\u00e0 ci offre\u00bb.<\/p>\n<p><strong>Tra la vastissima produzione di Eco c\u2019\u00e8 un libro che lei ritiene particolarmente significativo e che andrebbe riletto?<\/strong><\/p>\n<p>\u00abSono molto affezionata a Sulle spalle dei giganti, libro postumo, che raccoglie tutti i suoi interventi alla Milanesiana, il festival che dirigo da ventisette anni, lezioni vere e proprie su vasti temi, che lui proponeva al pubblico, illustrandole. Lezioni che ha fatto un po\u2019 anche per me, in qualit\u00e0 di direttore artistico di un festival che lui amava. Il bello, il brutto, l\u2019assoluto, la paura&#8230; un libro bello, che abbiamo venduto in tutto il mondo. E poi Riflessioni sul dolore, un libro di grande profondit\u00e0 nella sua concisione, che nasce per uno scopo benefico, per Isabella Seragnoli\u00bb.<\/p>\n<p>Approfondisci:<\/p>\n<p><a href=\"https:\/\/www.ilrestodelcarlino.it\/reggio-emilia\/cronaca\/dipinto-del-600-rubato-14118831\" class=\"ArticleEmbed_article__embed__content__Jzqnz\" rel=\"nofollow noopener\" target=\"_blank\">Sgarbi, il quadro sparito dal Castello e la copia in mostra: la storia della \u2018Cattura di San Pietro\u2019 dall\u2019accusa di riciclaggio all\u2019assoluzione<img alt=\"Sgarbi, il quadro sparito dal Castello e la copia in mostra: la storia della \u2018Cattura di San Pietro\u2019 dall\u2019accusa di riciclaggio all\u2019assoluzione\" loading=\"lazy\" width=\"140\" height=\"78\" decoding=\"async\" data-nimg=\"1\" style=\"color:transparent\"  src=\"https:\/\/www.europesays.com\/it\/wp-content\/uploads\/2026\/02\/il-critico-darte-vittorio-sgarbi.webp.webp\"\/><\/a> <\/p>\n<p><strong>Ricorda il vostro primo incontro? <\/strong><\/p>\n<p>\u00abQuando Mario Andreose mi chiam\u00f2 all\u2019ufficio stampa Bompiani, tra i primi libri di cui mi occupai, c\u2019era Sugli specchi. Eco era gi\u00e0 l\u2019autore venduto in tutto il mondo del Nome della rosa, oltre che il grande saggista e filosofo ovunque apprezzato. Eco volle incontrarmi, sapendo che ero appena arrivata, e mi fece una vera e propria lezione. Mi insegn\u00f2 cosa fa un ufficio stampa. Dico sempre che forse ai non addetti ai lavori sembrer\u00e0 poco, ma gli editori sanno quanto \u00e8 importante. Eco, Calasso erano straordinari uffici stampa di se stessi, perch\u00e9 erano grandi editori\u00bb.<\/p>\n<p>Ascoltava i pi\u00f9 giovani, leggeva e si informava sulle novit\u00e0 in libreria<\/p>\n<p><strong>Lei ha coinvolto Eco anche nel progetto cinematografico <\/strong><strong>Se hai una montagna di neve tienila all\u2019ombra.<\/strong><strong> Come nacque quel lavoro? <\/strong><\/p>\n<p>\u00abNacque da una commissione di Franco Scaglia, allora presidente di RaiCinema. Mi chiese un Comizi d\u2019amore sulla cultura. E io chiesi a Eco se voleva partecipare con una lunga intervista che avrebbe fatto da filo rosso nel film. Lo intervist\u00f2 Edoardo Nesi. La stessa cosa feci, tempo dopo, con un lavoro analogo sull\u2019avanguardia. In quel caso lo intervist\u00f2 Eugenio Lio. Perch\u00e9 Eco, ricordiamolo, \u00e8 stato un grande sperimentatore, tra i fondatori del Gruppo 64, l\u2019ultima avanguardia letteraria in Italia\u00bb.<\/p>\n<p><strong>Eco \u00e8 stato uno dei protagonisti della sua Milanesiana. Di cosa si sono occupati i suoi interventi?<\/strong><\/p>\n<p>\u00abEco ha per molti anni suggerito il tema della Milanesiana. Ed era un tema su cui avrebbe avuto piacere a tenere una lezione. Eco era di una seriet\u00e0 assoluta. Si preparava, dialogava con Anna Maria Lorusso per la scelta delle immagini da proiettare. Erano eventi che adunavano oltre mille persone che per un\u2019ora lo ascoltavano parlare, divertite e incantate. E poi uscivano arricchite\u00bb.<\/p>\n<p><strong>Lei ha detto che Eco le ha insegnato a trasformare la fatica dello studio in divertimento infinito. <\/strong><\/p>\n<p>\u00abEco lavorava e studiava moltissimo. Ha lavorato fino alla fine. Aveva una curiosit\u00e0 senza limiti. Ascoltava i pi\u00f9 giovani, leggeva e si informava sulle novit\u00e0 in libreria. C\u2019\u00e8 una parola che indica tutto questo, \u201cmeraviglia\u201c. Essere aperti alla meraviglia, qualcosa che non \u00e8 detto che la si trovi quando la si cerca, ma che non si pu\u00f2 trovare senza cercarla\u00bb.<\/p>\n","protected":false},"excerpt":{"rendered":"Bologna, 17 febbraio 2026 \u2013\u00a0A dieci anni dalla sua scomparsa, avvenuta a Milano il 19 febbraio 2016, Umberto&hellip;\n","protected":false},"author":3,"featured_media":358001,"comment_status":"","ping_status":"","sticky":false,"template":"","format":"standard","meta":{"footnotes":"","_share_on_mastodon":"0"},"categories":[174],"tags":[2213,81743,12062,203,10899,204,1537,90,89,48351,2128],"class_list":["post-358000","post","type-post","status-publish","format-standard","has-post-thumbnail","category-intrattenimento","tag-divertimento","tag-eco","tag-elisabetta","tag-entertainment","tag-eredita","tag-intrattenimento","tag-it","tag-italia","tag-italy","tag-sgarbi","tag-studio"],"share_on_mastodon":{"url":"https:\/\/pubeurope.com\/@it\/116087658118867863","error":""},"_links":{"self":[{"href":"https:\/\/www.europesays.com\/it\/wp-json\/wp\/v2\/posts\/358000","targetHints":{"allow":["GET"]}}],"collection":[{"href":"https:\/\/www.europesays.com\/it\/wp-json\/wp\/v2\/posts"}],"about":[{"href":"https:\/\/www.europesays.com\/it\/wp-json\/wp\/v2\/types\/post"}],"author":[{"embeddable":true,"href":"https:\/\/www.europesays.com\/it\/wp-json\/wp\/v2\/users\/3"}],"replies":[{"embeddable":true,"href":"https:\/\/www.europesays.com\/it\/wp-json\/wp\/v2\/comments?post=358000"}],"version-history":[{"count":0,"href":"https:\/\/www.europesays.com\/it\/wp-json\/wp\/v2\/posts\/358000\/revisions"}],"wp:featuredmedia":[{"embeddable":true,"href":"https:\/\/www.europesays.com\/it\/wp-json\/wp\/v2\/media\/358001"}],"wp:attachment":[{"href":"https:\/\/www.europesays.com\/it\/wp-json\/wp\/v2\/media?parent=358000"}],"wp:term":[{"taxonomy":"category","embeddable":true,"href":"https:\/\/www.europesays.com\/it\/wp-json\/wp\/v2\/categories?post=358000"},{"taxonomy":"post_tag","embeddable":true,"href":"https:\/\/www.europesays.com\/it\/wp-json\/wp\/v2\/tags?post=358000"}],"curies":[{"name":"wp","href":"https:\/\/api.w.org\/{rel}","templated":true}]}}