{"id":358376,"date":"2026-02-18T02:19:17","date_gmt":"2026-02-18T02:19:17","guid":{"rendered":"https:\/\/www.europesays.com\/it\/358376\/"},"modified":"2026-02-18T02:19:17","modified_gmt":"2026-02-18T02:19:17","slug":"una-mini-casa-di-35mq-rossa","status":"publish","type":"post","link":"https:\/\/www.europesays.com\/it\/358376\/","title":{"rendered":"Una mini casa di 35mq rossa"},"content":{"rendered":"<p data-journey-content=\"true\" data-node-id=\"3\" class=\"css-6wxqfj emevuu60\">Nel verde silenzioso degli allotment gardens (giardini familiari urbani) di Varsavia, tra il tessuto del centro e l\u2019atmosfera residenziale del quartiere \u017boliborz, prende forma la House of Color, il mini rifugio creativo firmato NOKE Architects. \u00c8 una costruzione di soli 35 metri quadrati che dimostra come uno spazio ridotto possa diventare palinsesto di intensit\u00e0 espressiva, trasformando un lotto stretto e trapezoidale nel cuore di un microcosmo vibrante, immerso nella natura.<\/p>\n<p><img draggable=\"true\" alt=\"modern outdoor living space with red elements\" title=\"modern outdoor living space with red elements\" loading=\"lazy\" width=\"1131\" height=\"1701\" decoding=\"async\" data-nimg=\"1\" style=\"color:transparent;width:100%;height:auto;\"   src=\"https:\/\/www.europesays.com\/it\/wp-content\/uploads\/2026\/02\/foto-02-noke-rod-01-nz61085-photo-piotr-maciaszek-699231dff243f.jpg\" class=\"css-0 e1g79fud0\"\/><a target=\"_blank\" rel=\"noopener nofollow\" data-theme-key=\"base-link\" href=\"https:\/\/pinterest.com\/pin\/create\/button\/?url=https:\/\/www.elledecor.com\/it\/case\/a70369162\/mini-casa-di-35mq-rossa\/&amp;description=elledecoritalia&amp;media=https:\/\/hips.hearstapps.com\/hmg-prod\/images\/foto-02-noke-rod-01-nz61085-photo-piotr-maciaszek-699231dff243f.jpg?resize=1600:*\" class=\"pinterest css-on9hn5 e1c1bym14\"><img decoding=\"async\" data-dynamic-svg=\"true\" src=\"https:\/\/www.elledecor.com\/_assets\/design-tokens\/fre\/static\/icons\/social\/pinterest.e8cf655.svg?primary=%2523ffffff\" loading=\"lazy\" data-testid=\"dynamic-svg-base\" height=\"auto\" width=\"auto\" alt=\"pinterest\" class=\"css-4lml0h e1mlxuuw1\"\/><\/a><\/p>\n<p>PIOTR MACIASZEK<\/p>\n<p><img draggable=\"true\" alt=\"..\" title=\"..\" loading=\"lazy\" width=\"1134\" height=\"1587\" decoding=\"async\" data-nimg=\"1\" style=\"color:transparent;width:100%;height:auto;\"   src=\"https:\/\/www.europesays.com\/it\/wp-content\/uploads\/2026\/02\/foto-03-noke-rod-02-nz60965-photo-piotr-maciaszek-69923206cd5d9.jpg\" class=\"css-0 e1g79fud0\"\/><a target=\"_blank\" rel=\"noopener nofollow\" data-theme-key=\"base-link\" href=\"https:\/\/pinterest.com\/pin\/create\/button\/?url=https:\/\/www.elledecor.com\/it\/case\/a70369162\/mini-casa-di-35mq-rossa\/&amp;description=elledecoritalia&amp;media=https:\/\/hips.hearstapps.com\/hmg-prod\/images\/foto-03-noke-rod-02-nz60965-photo-piotr-maciaszek-69923206cd5d9.jpg?resize=1600:*\" class=\"pinterest css-on9hn5 e1c1bym14\"><img decoding=\"async\" data-dynamic-svg=\"true\" src=\"https:\/\/www.elledecor.com\/_assets\/design-tokens\/fre\/static\/icons\/social\/pinterest.e8cf655.svg?primary=%2523ffffff\" loading=\"lazy\" data-testid=\"dynamic-svg-base\" height=\"auto\" width=\"auto\" alt=\"pinterest\" class=\"css-4lml0h e1mlxuuw1\"\/><\/a><\/p>\n<p>PIOTR MACIASZEK<\/p>\n<p data-journey-content=\"true\" data-node-id=\"11\" class=\"css-6wxqfj emevuu60\">Pensata per l\u2019artista Magda Grabowska-Wac\u0142awek, nota come Bovska, e per il produttore di animazione Grzegorz Wac\u0142awek, la mini casa nasce come luogo di pausa e relax. A soli due passi dalla citt\u00e0 ma sufficientemente lontano dal suo ritmo. Gi\u00e0 dall\u2019ingresso, il progetto dichiara una decisa personalit\u00e0: un cancello rosso ciliegia disegnato dalla stessa Magda introduce a un sentiero di pietre rosse che, attraversando il giardino, delinea la traiettoria verso l\u2019abitazione, placidamente al riparo tra alberi e arbusti. \u00c8 da l\u00ec sotto che l\u2019energia del color power lancia la propria sfida all\u2019egemonia del verde. Toni lampone e rosso intenso si impossessano di esterni e interni, affiorando dal fitto della vegetazione. <\/p>\n<p><img draggable=\"true\" alt=\"red gate with artistic design surrounded by greenery\" title=\"red gate with artistic design surrounded by greenery\" loading=\"lazy\" width=\"1134\" height=\"1587\" decoding=\"async\" data-nimg=\"1\" style=\"color:transparent;width:100%;height:auto;\"   src=\"https:\/\/www.europesays.com\/it\/wp-content\/uploads\/2026\/02\/foto-08-noke-rod-25-nz62483-photo-piotr-maciaszek-699232d54712c.jpg\" class=\"css-0 e1g79fud0\"\/><a target=\"_blank\" rel=\"noopener nofollow\" data-theme-key=\"base-link\" href=\"https:\/\/pinterest.com\/pin\/create\/button\/?url=https:\/\/www.elledecor.com\/it\/case\/a70369162\/mini-casa-di-35mq-rossa\/&amp;description=elledecoritalia&amp;media=https:\/\/hips.hearstapps.com\/hmg-prod\/images\/foto-08-noke-rod-25-nz62483-photo-piotr-maciaszek-699232d54712c.jpg?resize=1600:*\" class=\"pinterest css-on9hn5 e1c1bym14\"><img decoding=\"async\" data-dynamic-svg=\"true\" src=\"https:\/\/www.elledecor.com\/_assets\/design-tokens\/fre\/static\/icons\/social\/pinterest.e8cf655.svg?primary=%2523ffffff\" loading=\"lazy\" data-testid=\"dynamic-svg-base\" height=\"auto\" width=\"auto\" alt=\"pinterest\" class=\"css-4lml0h e1mlxuuw1\"\/><\/a><\/p>\n<p>PIOTR MACIASZEK<\/p>\n<p><img draggable=\"true\" alt=\"a vibrant bedroom interior with a doorway to a bluetiled bathroom\" title=\"a vibrant bedroom interior with a doorway to a bluetiled bathroom\" loading=\"lazy\" width=\"1704\" height=\"1134\" decoding=\"async\" data-nimg=\"1\" style=\"color:transparent;width:100%;height:auto;\"   src=\"https:\/\/www.europesays.com\/it\/wp-content\/uploads\/2026\/02\/foto-05-noke-rod-06-nz61132-photo-piotr-maciaszek-6992325daa90a.jpg\" class=\"css-0 e1g79fud0\"\/><a target=\"_blank\" rel=\"noopener nofollow\" data-theme-key=\"base-link\" href=\"https:\/\/pinterest.com\/pin\/create\/button\/?url=https:\/\/www.elledecor.com\/it\/case\/a70369162\/mini-casa-di-35mq-rossa\/&amp;description=elledecoritalia&amp;media=https:\/\/hips.hearstapps.com\/hmg-prod\/images\/foto-05-noke-rod-06-nz61132-photo-piotr-maciaszek-6992325daa90a.jpg?resize=1600:*\" class=\"pinterest css-on9hn5 e1c1bym14\"><img decoding=\"async\" data-dynamic-svg=\"true\" src=\"https:\/\/www.elledecor.com\/_assets\/design-tokens\/fre\/static\/icons\/social\/pinterest.e8cf655.svg?primary=%2523ffffff\" loading=\"lazy\" data-testid=\"dynamic-svg-base\" height=\"auto\" width=\"auto\" alt=\"pinterest\" class=\"css-4lml0h e1mlxuuw1\"\/><\/a><\/p>\n<p>PIOTR MACIASZEK<\/p>\n<p data-journey-content=\"true\" data-node-id=\"17\" class=\"css-6wxqfj emevuu60\">Per NOKE Architects il cromatismo non \u00e8 decorazione, ma linguaggio: dispositivo capace di amplificare la percezione dello spazio e riflettere la personalit\u00e0 dei committenti. La compatta struttura della casa si apre sul paesaggio attraverso ampie vetrate affacciate su una terrazza pergolata, \u201cabitata\u201d da una vite quasi centenaria, preservata e integrata nel progetto come elemento identitario. All\u2019interno, compensato naturale e finiture ecologiche bilanciano la vocazione \u201ceversiva \u201cdei rossi. Ogni dettaglio \u00e8 accuratamente studiato e ben calibrato. Ma lo spirito ludico del cromatismo vince su tutto. Come la latente voglia di \u201csregolatezza\u201d e di imprevisto. Una finestra semicircolare incornicia il giardino come un quadro mutevole, mentre una volumetrica scatola rossa cela lo spazio absidato del bagno, sfacciatamente blu cobalto. <\/p>\n<p><img draggable=\"true\" alt=\"black wooden structure surrounded by greenery\" title=\"black wooden structure surrounded by greenery\" loading=\"lazy\" width=\"1134\" height=\"1587\" decoding=\"async\" data-nimg=\"1\" style=\"color:transparent;width:100%;height:auto;\"   src=\"https:\/\/www.europesays.com\/it\/wp-content\/uploads\/2026\/02\/foto-06-noke-rod-04-nz62297-photo-piotr-maciaszek-6992328bb72e9.jpg\" class=\"css-0 e1g79fud0\"\/><a target=\"_blank\" rel=\"noopener nofollow\" data-theme-key=\"base-link\" href=\"https:\/\/pinterest.com\/pin\/create\/button\/?url=https:\/\/www.elledecor.com\/it\/case\/a70369162\/mini-casa-di-35mq-rossa\/&amp;description=elledecoritalia&amp;media=https:\/\/hips.hearstapps.com\/hmg-prod\/images\/foto-06-noke-rod-04-nz62297-photo-piotr-maciaszek-6992328bb72e9.jpg?resize=1600:*\" class=\"pinterest css-on9hn5 e1c1bym14\"><img decoding=\"async\" data-dynamic-svg=\"true\" src=\"https:\/\/www.elledecor.com\/_assets\/design-tokens\/fre\/static\/icons\/social\/pinterest.e8cf655.svg?primary=%2523ffffff\" loading=\"lazy\" data-testid=\"dynamic-svg-base\" height=\"auto\" width=\"auto\" alt=\"pinterest\" class=\"css-4lml0h e1mlxuuw1\"\/><\/a><\/p>\n<p>PIOTR MACIASZEK<\/p>\n<p><img draggable=\"true\" alt=\"..\" title=\"..\" loading=\"lazy\" width=\"1134\" height=\"1704\" decoding=\"async\" data-nimg=\"1\" style=\"color:transparent;width:100%;height:auto;\"   src=\"https:\/\/www.europesays.com\/it\/wp-content\/uploads\/2026\/02\/foto-07-noke-rod-11-nz60963-photo-piotr-maciaszek-699232a553f93.jpg\" class=\"css-0 e1g79fud0\"\/><a target=\"_blank\" rel=\"noopener nofollow\" data-theme-key=\"base-link\" href=\"https:\/\/pinterest.com\/pin\/create\/button\/?url=https:\/\/www.elledecor.com\/it\/case\/a70369162\/mini-casa-di-35mq-rossa\/&amp;description=elledecoritalia&amp;media=https:\/\/hips.hearstapps.com\/hmg-prod\/images\/foto-07-noke-rod-11-nz60963-photo-piotr-maciaszek-699232a553f93.jpg?resize=1600:*\" class=\"pinterest css-on9hn5 e1c1bym14\"><img decoding=\"async\" data-dynamic-svg=\"true\" src=\"https:\/\/www.elledecor.com\/_assets\/design-tokens\/fre\/static\/icons\/social\/pinterest.e8cf655.svg?primary=%2523ffffff\" loading=\"lazy\" data-testid=\"dynamic-svg-base\" height=\"auto\" width=\"auto\" alt=\"pinterest\" class=\"css-4lml0h e1mlxuuw1\"\/><\/a><\/p>\n<p>PIOTR MACIASZEK<\/p>\n<p data-journey-content=\"true\" data-node-id=\"24\" class=\"css-6wxqfj emevuu60\">La sorpresa diventa esperienza da vivere. House of Color sintetizza l\u2019approccio dello studio fondato da Karol Pasternak e Piotr Maciaszek: attenzione al contesto, dialogo serrato con i clienti e capacit\u00e0 di tradurre esigenze intime in forme architettoniche distintive. Pi\u00f9 che una tiny house, \u00e8 una dichiarazione poetica sull\u2019abitare contemporaneo: un\u2019architettura che celebra individualit\u00e0, natura e libert\u00e0 espressiva. Perch\u00e9 la (vera) ampiezza di uno spazio si pu\u00f2 misurare (anche) nella qualit\u00e0 delle emozioni che riesce a generare.<\/p>\n<p><img draggable=\"true\" alt=\"open shower area featuring blue tiles and natural light\" title=\"open shower area featuring blue tiles and natural light\" loading=\"lazy\" width=\"1134\" height=\"1588\" decoding=\"async\" data-nimg=\"1\" style=\"color:transparent;width:100%;height:auto;\"   src=\"https:\/\/www.europesays.com\/it\/wp-content\/uploads\/2026\/02\/foto-04-noke-rod-03-nz61988-photo-piotr-maciaszek-6992324353010.jpg\" class=\"css-0 e1g79fud0\"\/><a target=\"_blank\" rel=\"noopener nofollow\" data-theme-key=\"base-link\" href=\"https:\/\/pinterest.com\/pin\/create\/button\/?url=https:\/\/www.elledecor.com\/it\/case\/a70369162\/mini-casa-di-35mq-rossa\/&amp;description=elledecoritalia&amp;media=https:\/\/hips.hearstapps.com\/hmg-prod\/images\/foto-04-noke-rod-03-nz61988-photo-piotr-maciaszek-6992324353010.jpg?resize=1600:*\" class=\"pinterest css-on9hn5 e1c1bym14\"><img decoding=\"async\" data-dynamic-svg=\"true\" src=\"https:\/\/www.elledecor.com\/_assets\/design-tokens\/fre\/static\/icons\/social\/pinterest.e8cf655.svg?primary=%2523ffffff\" loading=\"lazy\" data-testid=\"dynamic-svg-base\" height=\"auto\" width=\"auto\" alt=\"pinterest\" class=\"css-4lml0h e1mlxuuw1\"\/><\/a><\/p>\n<p>PIOTR MACIASZEK<\/p>\n<p><img draggable=\"true\" alt=\"colorful workspace with modern furniture and plants\" title=\"colorful workspace with modern furniture and plants\" loading=\"lazy\" width=\"1134\" height=\"1700\" decoding=\"async\" data-nimg=\"1\" style=\"color:transparent;width:100%;height:auto;\"   src=\"https:\/\/www.europesays.com\/it\/wp-content\/uploads\/2026\/02\/foto-09-noke-rod-26-73b1191-photo-piotr-maciaszek-699232f257ab1.jpg\" class=\"css-0 e1g79fud0\"\/><a target=\"_blank\" rel=\"noopener nofollow\" data-theme-key=\"base-link\" href=\"https:\/\/pinterest.com\/pin\/create\/button\/?url=https:\/\/www.elledecor.com\/it\/case\/a70369162\/mini-casa-di-35mq-rossa\/&amp;description=elledecoritalia&amp;media=https:\/\/hips.hearstapps.com\/hmg-prod\/images\/foto-09-noke-rod-26-73b1191-photo-piotr-maciaszek-699232f257ab1.jpg?resize=1600:*\" class=\"pinterest css-on9hn5 e1c1bym14\"><img decoding=\"async\" data-dynamic-svg=\"true\" src=\"https:\/\/www.elledecor.com\/_assets\/design-tokens\/fre\/static\/icons\/social\/pinterest.e8cf655.svg?primary=%2523ffffff\" loading=\"lazy\" data-testid=\"dynamic-svg-base\" height=\"auto\" width=\"auto\" alt=\"pinterest\" class=\"css-4lml0h e1mlxuuw1\"\/><\/a><\/p>\n<p>PIOTR MACIASZEK<\/p>\n<p data-journey-content=\"true\" data-node-id=\"30\" class=\"css-6wxqfj emevuu60\">www.nokearchitects.com<\/p>\n<p><img src=\"https:\/\/www.europesays.com\/it\/wp-content\/uploads\/2026\/02\/64078a25-d8f1-4bb1-ba75-d5035f59b84c_1639751236.file.png\" alt=\"Headshot of Marco Valenti\" title=\"Headshot of Marco Valenti\" width=\"100%\" height=\"100%\" decoding=\"async\" loading=\"lazy\" class=\"css-o0wq4v ev8dhu53\"\/><\/p>\n<p>Architetto romano animato da una innata vocazione cosmopolita e da una sfrenata curiosit\u00e0, considera il design la sua personale lente di ingrandimento per interpretare il flusso di cambiamenti sociali e culturali che attraversa il nuovo millennio. Alterna l\u2019amore per la progettazione alla passione per il racconto, nella convinzione che la parola possa contribuire a sciogliere le intricate dinamiche del processo creativo. Interessato da sempre all\u2019interior design e alle connessioni tra comunicazione e architettura, si occupa delle relazioni tra spazio e immagine, lavorando sull\u2019intersezione tra moda, food, arte e interni. \u00a0<\/p>\n","protected":false},"excerpt":{"rendered":"Nel verde silenzioso degli allotment gardens (giardini familiari urbani) di Varsavia, tra il tessuto del centro e l\u2019atmosfera&hellip;\n","protected":false},"author":3,"featured_media":358377,"comment_status":"","ping_status":"","sticky":false,"template":"","format":"standard","meta":{"footnotes":"","_share_on_mastodon":"0"},"categories":[1446],"tags":[1615,1613,1614,1611,1610,5134,1612,203,23910,204,1537,90,89,15327,11835],"class_list":["post-358376","post","type-post","status-publish","format-standard","has-post-thumbnail","category-arte-e-design","tag-arte","tag-arte-e-design","tag-arteedesign","tag-arts","tag-arts-and-design","tag-casa","tag-design","tag-entertainment","tag-interior-design","tag-intrattenimento","tag-it","tag-italia","tag-italy","tag-mini-casa","tag-rosso"],"share_on_mastodon":{"url":"https:\/\/pubeurope.com\/@it\/116089242918075265","error":""},"_links":{"self":[{"href":"https:\/\/www.europesays.com\/it\/wp-json\/wp\/v2\/posts\/358376","targetHints":{"allow":["GET"]}}],"collection":[{"href":"https:\/\/www.europesays.com\/it\/wp-json\/wp\/v2\/posts"}],"about":[{"href":"https:\/\/www.europesays.com\/it\/wp-json\/wp\/v2\/types\/post"}],"author":[{"embeddable":true,"href":"https:\/\/www.europesays.com\/it\/wp-json\/wp\/v2\/users\/3"}],"replies":[{"embeddable":true,"href":"https:\/\/www.europesays.com\/it\/wp-json\/wp\/v2\/comments?post=358376"}],"version-history":[{"count":0,"href":"https:\/\/www.europesays.com\/it\/wp-json\/wp\/v2\/posts\/358376\/revisions"}],"wp:featuredmedia":[{"embeddable":true,"href":"https:\/\/www.europesays.com\/it\/wp-json\/wp\/v2\/media\/358377"}],"wp:attachment":[{"href":"https:\/\/www.europesays.com\/it\/wp-json\/wp\/v2\/media?parent=358376"}],"wp:term":[{"taxonomy":"category","embeddable":true,"href":"https:\/\/www.europesays.com\/it\/wp-json\/wp\/v2\/categories?post=358376"},{"taxonomy":"post_tag","embeddable":true,"href":"https:\/\/www.europesays.com\/it\/wp-json\/wp\/v2\/tags?post=358376"}],"curies":[{"name":"wp","href":"https:\/\/api.w.org\/{rel}","templated":true}]}}