{"id":358448,"date":"2026-02-18T03:20:14","date_gmt":"2026-02-18T03:20:14","guid":{"rendered":"https:\/\/www.europesays.com\/it\/358448\/"},"modified":"2026-02-18T03:20:14","modified_gmt":"2026-02-18T03:20:14","slug":"james-van-der-beek-e-la-moglie-si-sono-risposati-poche-ore-prima-della-morte-dellattore-nozze-intime-e-semplici","status":"publish","type":"post","link":"https:\/\/www.europesays.com\/it\/358448\/","title":{"rendered":"James Van Der Beek e la moglie si sono (ri)sposati poche ore prima della morte dell&#8217;attore. \u00abNozze intime e semplici\u00bb"},"content":{"rendered":"<p>&#13;<br \/>\n                               &#13;<br \/>\n                                                &#13;<br \/>\n                &#13;<\/p>\n<p><strong><a href=\"https:\/\/www.leggo.it\/t\/james-van-der-beek\" rel=\"nofollow noopener\" target=\"_blank\">James Van Der Beek<\/a><\/strong> ha rinnovato le sue <strong>promesse nuziali<\/strong> con la <strong>moglie Kimberly Van Der Beek<\/strong> pochi giorni prima della sua <a href=\"https:\/\/www.leggo.it\/t\/morte\" rel=\"nofollow noopener\" target=\"_blank\">morte<\/a>, avvenuta all&#8217;et\u00e0 di 48 anni l&#8217;11 febbraio. Il nuovo <a href=\"https:\/\/www.leggo.it\/t\/matrimonio\" rel=\"nofollow noopener\" target=\"_blank\">matrimonio<\/a> della coppia \u00e8 avvenuto rapidamente, grazie all&#8217;aiuto dei loro cari. \u00abAbbiamo deciso due giorni prima e i nostri amici ci hanno comprato delle fedi nuove, hanno riempito la nostra camera da letto di fiori e candele e abbiamo rinnovato le nostre promesse nuziali dal letto\u00bb, racconta Kimberly a People, aggiungendo che la cerimonia \u00e8 stata \u00absemplice, bella e commovente\u00bb. <\/p>\n<p>&#13;<br \/>\n&#13;<br \/>\n&#13;<br \/>\n&#13;<br \/>\n&#13;<br \/>\n&#13;<br \/>\n&#13;<br \/>\n&#13;<\/p>\n<p>Avevano la famiglia e alcuni amici intimi presenti. Un amico, il musicista Porangu\u00ed, ha suonato la &#8220;musica pi\u00f9 bella&#8221; e ha concluso la cerimonia con &#8220;Somewhere Over the Rainbow&#8221;, mentre altri amici guardavano le nozze su Zoom. <\/p>\n<p>&#13;<br \/>\n&#13;<br \/>\n&#13;<br \/>\n&#13;<br \/>\nLa morte &#13;<br \/>\n&#13;<\/p>\n<p>L&#8217;ex star di Dawson&#8217;s Creek e Kimberly si sono sposati il \u200b\u200b1\u00b0 agosto 2010 a Tel Aviv, Israele. Kimberly, 43 anni, ha annunciato la morte del marito su Instagram mercoled\u00ec 11 febbraio, pi\u00f9 di un anno dopo che James aveva annunciato di aver ricevuto una diagnosi di cancro al colon-retto. \u00abIl nostro amato James David Van Der Beek se n&#8217;\u00e8 andato serenamente questa mattina. Ha affrontato i suoi ultimi giorni con coraggio, fede e grazia. C&#8217;\u00e8 molto da condividere riguardo ai suoi desideri, al suo amore per l&#8217;umanit\u00e0 e alla sacralit\u00e0 del tempo. Quei giorni arriveranno. Per ora chiediamo un po&#8217; di serena privacy mentre piangiamo il nostro amato marito, padre, figlio, fratello e amico\u00bb. James e Kimberly si sono incontrati per la prima volta durante un viaggio in Israele nel 2009. Un anno dopo, sono tornati in Medio Oriente per dirsi &#8220;S\u00ec, lo voglio&#8221;. James ha riflettuto sul loro grande giorno, il tredicesimo anniversario di matrimonio, su Instagram, scrivendo all&#8217;epoca che Kimberly sognava un uomo che celebrasse le loro nozze in una data specifica. Per pura coincidenza, quella sera lui era disponibile per sposarli &#8220;nel seminterrato del Kabbalah Centre di Tel Aviv&#8221;. \u00abCi siamo affrettati a prepararci, un sacco di persone che non conoscevamo (e alcune che conoscevamo) ballavano intorno a noi, siamo stati aggrediti dai paparazzi israeliani in seguito, poi abbiamo mangiato in un locale libanese all&#8217;aperto con tovaglie e sedie di plastica e cibo fantastico&#8230; e siamo partiti\u00bb, ha detto James. Ha continuato: \u00abAbbiamo attraversato successi, tragedie, gioie, stress, trionfi, incertezze e, nonostante tutto questo&#8230; questi sono stati gli anni migliori della mia vita. Ogni momento. Perch\u00e9 ho il MIGLIOR compagno di avventure. La nostra vita \u00e8 PAZZA in questo momento. Potremmo essere ancora pi\u00f9 pazzi. E non la cambierei per niente al mondo\u00bb.<\/p>\n<p>                                &#13;<br \/>\n                &#13;<br \/>\n&#13;<br \/>\n                Ultimo aggiornamento: marted\u00ec 17 febbraio 2026, 21:19&#13;<br \/>\n                <br \/>&#13;<br \/>\n                &#13;<br \/>\n                  &#13;<br \/>\n                    &#13;<br \/>\n                        \u00a9 RIPRODUZIONE RISERVATA&#13;<\/p>\n<p>&#13;<\/p>\n<p>                    &#13;<\/p>\n","protected":false},"excerpt":{"rendered":"&#13; &#13; &#13; &#13; James Van Der Beek ha rinnovato le sue promesse nuziali con la moglie Kimberly&hellip;\n","protected":false},"author":3,"featured_media":358449,"comment_status":"","ping_status":"","sticky":false,"template":"","format":"standard","meta":{"footnotes":"","_share_on_mastodon":"0"},"categories":[174],"tags":[1643,203,204,1537,90,89],"class_list":["post-358448","post","type-post","status-publish","format-standard","has-post-thumbnail","category-intrattenimento","tag-dawson","tag-entertainment","tag-intrattenimento","tag-it","tag-italia","tag-italy"],"share_on_mastodon":{"url":"https:\/\/pubeurope.com\/@it\/116089482408248611","error":""},"_links":{"self":[{"href":"https:\/\/www.europesays.com\/it\/wp-json\/wp\/v2\/posts\/358448","targetHints":{"allow":["GET"]}}],"collection":[{"href":"https:\/\/www.europesays.com\/it\/wp-json\/wp\/v2\/posts"}],"about":[{"href":"https:\/\/www.europesays.com\/it\/wp-json\/wp\/v2\/types\/post"}],"author":[{"embeddable":true,"href":"https:\/\/www.europesays.com\/it\/wp-json\/wp\/v2\/users\/3"}],"replies":[{"embeddable":true,"href":"https:\/\/www.europesays.com\/it\/wp-json\/wp\/v2\/comments?post=358448"}],"version-history":[{"count":0,"href":"https:\/\/www.europesays.com\/it\/wp-json\/wp\/v2\/posts\/358448\/revisions"}],"wp:featuredmedia":[{"embeddable":true,"href":"https:\/\/www.europesays.com\/it\/wp-json\/wp\/v2\/media\/358449"}],"wp:attachment":[{"href":"https:\/\/www.europesays.com\/it\/wp-json\/wp\/v2\/media?parent=358448"}],"wp:term":[{"taxonomy":"category","embeddable":true,"href":"https:\/\/www.europesays.com\/it\/wp-json\/wp\/v2\/categories?post=358448"},{"taxonomy":"post_tag","embeddable":true,"href":"https:\/\/www.europesays.com\/it\/wp-json\/wp\/v2\/tags?post=358448"}],"curies":[{"name":"wp","href":"https:\/\/api.w.org\/{rel}","templated":true}]}}