{"id":358569,"date":"2026-02-18T05:13:11","date_gmt":"2026-02-18T05:13:11","guid":{"rendered":"https:\/\/www.europesays.com\/it\/358569\/"},"modified":"2026-02-18T05:13:11","modified_gmt":"2026-02-18T05:13:11","slug":"lesodo-dei-giovani-che-lasciano-il-sud-genitori-e-nonni-li-seguono-al-nord-allestero-guadagnano-650-euro-netti-in-piu","status":"publish","type":"post","link":"https:\/\/www.europesays.com\/it\/358569\/","title":{"rendered":"L&#8217;esodo dei giovani che lasciano il Sud, genitori e nonni li seguono al Nord. \u00abAll&#8217;estero guadagnano 650 euro netti in pi\u00f9\u00bb"},"content":{"rendered":"<p>Una realt\u00e0 che si conosce bene, un Paese completamente spaccato in due da decenni, tra il ricco Centro-Nord e un Sud in difficolt\u00e0. Con una novit\u00e0 rilevante: gli anziani che lasciano il Sud per raggiungere figli e nipoti. Il report della <strong>Svimez <\/strong>\u00abUn Paese, due emigrazioni\u00bb, presentato in collaborazione con Save the children, mette a nudo tutte le criticit\u00e0 e i paradossi dell&#8217;Italia. <\/p>\n<p><a class=\"link_item\" data-linked_from=\"null\" href=\"https:\/\/www.leggo.it\/schede\/17_febbraio_2026_stipendi_aumenti_febbraio_marzo_cedolino_prof_ata-9364999.html\" rel=\"nofollow noopener\" target=\"_blank\"> Stipendi docenti febbraio, una tantum e arretrati nel cedolino: come cambiano gli importi<\/a><\/p>\n<p> <strong>Il rapporto Svimez<\/strong> <\/p>\n<p>Il Mezzogiorno che continua a perdere giovani competenze qualificate, con una mobilit\u00e0 sempre pi\u00f9 anticipata gi\u00e0 al momento dell&#8217;iscrizione all&#8217;universit\u00e0, che riduce strutturalmente le possibilit\u00e0 di rientro. Accanto a questa dinamica, come detto, si afferma un fenomeno in rapida crescita: la mobilit\u00e0 \u00absommersa\u00bb degli anziani, i \u00abnonni con la valigia\u00bb, che conservano la residenza al Sud ma raggiungono figli e nipoti al Centro-Nord.<\/p>\n","protected":false},"excerpt":{"rendered":"Una realt\u00e0 che si conosce bene, un Paese completamente spaccato in due da decenni, tra il ricco Centro-Nord&hellip;\n","protected":false},"author":3,"featured_media":358570,"comment_status":"","ping_status":"","sticky":false,"template":"","format":"standard","meta":{"footnotes":"","_share_on_mastodon":"0"},"categories":[79],"tags":[14,93,94,5427,1537,90,89,30485,7,15,105,207979,11,84,91,12,85,92],"class_list":["post-358569","post","type-post","status-publish","format-standard","has-post-thumbnail","category-italia","tag-cronaca","tag-cronaca-italiana","tag-cronacaitaliana","tag-estero","tag-it","tag-italia","tag-italy","tag-laureati","tag-news","tag-notizie","tag-sud","tag-svimez","tag-ultime-notizie","tag-ultime-notizie-e-news-di-oggi","tag-ultime-notizie-italia","tag-ultimenotizie","tag-ultimenotizieenewsdioggi","tag-ultimenotizieitalia"],"share_on_mastodon":{"url":"https:\/\/pubeurope.com\/@it\/116089926806545778","error":""},"_links":{"self":[{"href":"https:\/\/www.europesays.com\/it\/wp-json\/wp\/v2\/posts\/358569","targetHints":{"allow":["GET"]}}],"collection":[{"href":"https:\/\/www.europesays.com\/it\/wp-json\/wp\/v2\/posts"}],"about":[{"href":"https:\/\/www.europesays.com\/it\/wp-json\/wp\/v2\/types\/post"}],"author":[{"embeddable":true,"href":"https:\/\/www.europesays.com\/it\/wp-json\/wp\/v2\/users\/3"}],"replies":[{"embeddable":true,"href":"https:\/\/www.europesays.com\/it\/wp-json\/wp\/v2\/comments?post=358569"}],"version-history":[{"count":0,"href":"https:\/\/www.europesays.com\/it\/wp-json\/wp\/v2\/posts\/358569\/revisions"}],"wp:featuredmedia":[{"embeddable":true,"href":"https:\/\/www.europesays.com\/it\/wp-json\/wp\/v2\/media\/358570"}],"wp:attachment":[{"href":"https:\/\/www.europesays.com\/it\/wp-json\/wp\/v2\/media?parent=358569"}],"wp:term":[{"taxonomy":"category","embeddable":true,"href":"https:\/\/www.europesays.com\/it\/wp-json\/wp\/v2\/categories?post=358569"},{"taxonomy":"post_tag","embeddable":true,"href":"https:\/\/www.europesays.com\/it\/wp-json\/wp\/v2\/tags?post=358569"}],"curies":[{"name":"wp","href":"https:\/\/api.w.org\/{rel}","templated":true}]}}