{"id":358756,"date":"2026-02-18T08:36:12","date_gmt":"2026-02-18T08:36:12","guid":{"rendered":"https:\/\/www.europesays.com\/it\/358756\/"},"modified":"2026-02-18T08:36:12","modified_gmt":"2026-02-18T08:36:12","slug":"bremer-infortunio-le-condizioni-del-difensore-della-juventus","status":"publish","type":"post","link":"https:\/\/www.europesays.com\/it\/358756\/","title":{"rendered":"Bremer, infortunio: le condizioni del difensore della Juventus"},"content":{"rendered":"<p>                                Dolore alla coscia per il difensore, che ha provato a resistere prima di dare forfait. Al suo posto \u00e8 entrato Gatti<\/p>\n<p class=\"paragraph\" spellcheck=\"true\">Brutte notizie per Luciano Spalletti. L&#8217;allenatore della <b>Juventus<\/b> \u00e8 stato infatti costretto a sostituire Gleison <b>Bremer<\/b> nel primo tempo della sfida contro il\u00a0Galatasaray, valida per i playoff di Champions League. <b>Problema muscolare<\/b> per il brasiliano, che ha provato a resistere qualche minuto per poi dare forfait al 34&#8242;. Prima di uscire, il difensore si \u00e8 toccato pi\u00f9 volte la coscia. Al suo posto \u00e8 entrato in campo Federico Gatti.\u00a0<\/p>\n","protected":false},"excerpt":{"rendered":"Dolore alla coscia per il difensore, che ha provato a resistere prima di dare forfait. Al suo posto&hellip;\n","protected":false},"author":3,"featured_media":358757,"comment_status":"","ping_status":"","sticky":false,"template":"","format":"standard","meta":{"footnotes":"","_share_on_mastodon":"0"},"categories":[1452],"tags":[27704,721,26152,2276,208081,4053,7091,1740,1537,90,89,1739,245,244],"class_list":["post-358756","post","type-post","status-publish","format-standard","has-post-thumbnail","category-calcio","tag-bremer","tag-calcio","tag-coscia","tag-dare","tag-dare-forfait","tag-difensore","tag-entrato","tag-football","tag-it","tag-italia","tag-italy","tag-soccer","tag-sport","tag-sports"],"share_on_mastodon":{"url":"https:\/\/pubeurope.com\/@it\/116090725137254310","error":""},"_links":{"self":[{"href":"https:\/\/www.europesays.com\/it\/wp-json\/wp\/v2\/posts\/358756","targetHints":{"allow":["GET"]}}],"collection":[{"href":"https:\/\/www.europesays.com\/it\/wp-json\/wp\/v2\/posts"}],"about":[{"href":"https:\/\/www.europesays.com\/it\/wp-json\/wp\/v2\/types\/post"}],"author":[{"embeddable":true,"href":"https:\/\/www.europesays.com\/it\/wp-json\/wp\/v2\/users\/3"}],"replies":[{"embeddable":true,"href":"https:\/\/www.europesays.com\/it\/wp-json\/wp\/v2\/comments?post=358756"}],"version-history":[{"count":0,"href":"https:\/\/www.europesays.com\/it\/wp-json\/wp\/v2\/posts\/358756\/revisions"}],"wp:featuredmedia":[{"embeddable":true,"href":"https:\/\/www.europesays.com\/it\/wp-json\/wp\/v2\/media\/358757"}],"wp:attachment":[{"href":"https:\/\/www.europesays.com\/it\/wp-json\/wp\/v2\/media?parent=358756"}],"wp:term":[{"taxonomy":"category","embeddable":true,"href":"https:\/\/www.europesays.com\/it\/wp-json\/wp\/v2\/categories?post=358756"},{"taxonomy":"post_tag","embeddable":true,"href":"https:\/\/www.europesays.com\/it\/wp-json\/wp\/v2\/tags?post=358756"}],"curies":[{"name":"wp","href":"https:\/\/api.w.org\/{rel}","templated":true}]}}