{"id":358925,"date":"2026-02-18T10:53:22","date_gmt":"2026-02-18T10:53:22","guid":{"rendered":"https:\/\/www.europesays.com\/it\/358925\/"},"modified":"2026-02-18T10:53:22","modified_gmt":"2026-02-18T10:53:22","slug":"una-casa-di-92mq-e-una-ex-officina-rinata","status":"publish","type":"post","link":"https:\/\/www.europesays.com\/it\/358925\/","title":{"rendered":"Una casa di 92mq \u00e8 una ex officina rinata"},"content":{"rendered":"<p data-journey-content=\"true\" data-node-id=\"3\" class=\"css-6wxqfj emevuu60\">Si chiama Palma Hideaway, ed \u00e8 il risultato di un lavoro di <strong data-node-id=\"3.3\">ristrutturazione<\/strong> di una <strong data-node-id=\"3.5\">ex officina<\/strong>. Oggi <strong data-node-id=\"3.7\">casa<\/strong>. S\u00ec, lo studio di architettura Mariana de Del\u00e1s ha trasformato il cuore di uno spazio industriale in un&#8217;abitazione pronta a contenere quotidianit\u00e0 e vita, liberando il capannone di <strong data-node-id=\"3.9\">92 metri quadrati<\/strong> dalle motociclette in disuso. Et voil\u00e0: la dimora \u00e8 servita. Cos\u00ec come la luce. A questo proposito, l&#8217;architetto ha raccontato che: &#8220;era essenziale integrare un&#8217;area giardino intermedia di separazione&#8221; con l&#8217;ingresso (ndr). \u00c8 nato, cos\u00ec, un cortile dalla doppia funzione: sia barriera acustica sia passaggio outdoor che accompagna i raggi del sole da fuori a dentro. <\/p>\n<p><img draggable=\"true\" alt=\"mini casa bellissima con cemento a vista\" title=\"Mini-casa bellissima con cemento a vista\" loading=\"lazy\" width=\"2172\" height=\"1449\" decoding=\"async\" data-nimg=\"1\" style=\"color:transparent;width:100%;height:auto;\"   src=\"https:\/\/www.europesays.com\/it\/wp-content\/uploads\/2026\/02\/palma-hideaway-mariana-de-delas-31-69944ff50fd41.jpg\" class=\"css-0 e1g79fud0\"\/><a target=\"_blank\" rel=\"noopener nofollow\" data-theme-key=\"base-link\" href=\"https:\/\/pinterest.com\/pin\/create\/button\/?url=https:\/\/www.elledecor.com\/it\/case\/a70389555\/casa-92mq-ex-officina\/&amp;description=elledecoritalia&amp;media=https:\/\/hips.hearstapps.com\/hmg-prod\/images\/palma-hideaway-mariana-de-delas-31-69944ff50fd41.jpg?resize=1600:*\" class=\"pinterest css-on9hn5 e1c1bym14\"><img decoding=\"async\" data-dynamic-svg=\"true\" src=\"https:\/\/www.elledecor.com\/_assets\/design-tokens\/fre\/static\/icons\/social\/pinterest.e8cf655.svg?primary=%2523ffffff\" loading=\"lazy\" data-testid=\"dynamic-svg-base\" height=\"auto\" width=\"auto\" alt=\"pinterest\" class=\"css-4lml0h e1mlxuuw1\"\/><\/a><\/p>\n<p>jose hevia<\/p>\n<p><img draggable=\"true\" alt=\"mini casa bellissima con cemento a vista\" title=\"Mini-casa bellissima con cemento a vista\" loading=\"lazy\" width=\"2172\" height=\"1523\" decoding=\"async\" data-nimg=\"1\" style=\"color:transparent;width:100%;height:auto;\"   src=\"https:\/\/www.europesays.com\/it\/wp-content\/uploads\/2026\/02\/palma-hideaway-mariana-de-delas-01-69944e234f98e.jpg\" class=\"css-0 e1g79fud0\"\/><a target=\"_blank\" rel=\"noopener nofollow\" data-theme-key=\"base-link\" href=\"https:\/\/pinterest.com\/pin\/create\/button\/?url=https:\/\/www.elledecor.com\/it\/case\/a70389555\/casa-92mq-ex-officina\/&amp;description=elledecoritalia&amp;media=https:\/\/hips.hearstapps.com\/hmg-prod\/images\/palma-hideaway-mariana-de-delas-01-69944e234f98e.jpg?resize=1600:*\" class=\"pinterest css-on9hn5 e1c1bym14\"><img decoding=\"async\" data-dynamic-svg=\"true\" src=\"https:\/\/www.elledecor.com\/_assets\/design-tokens\/fre\/static\/icons\/social\/pinterest.e8cf655.svg?primary=%2523ffffff\" loading=\"lazy\" data-testid=\"dynamic-svg-base\" height=\"auto\" width=\"auto\" alt=\"pinterest\" class=\"css-4lml0h e1mlxuuw1\"\/><\/a><\/p>\n<p>jose hevia<\/p>\n<p data-journey-content=\"true\" data-node-id=\"13\" class=\"css-6wxqfj emevuu60\">Il primo passo oltre la soglia supera una <strong data-node-id=\"13.1\">porta pieghevole esterna in lamiera<\/strong>, che, da chiusa, filtra la luce e protegge la privacy; da aperta, invece, rivela gli interni della casa. In aggiunta, una struttura di finestre con telaio in vetro e in legno blocca il rumore proveniente dalla strada, assicurando all&#8217;appartamento una buona dose di silenzio. Dentro, una parete divisoria diagonale separa l&#8217;abitare da una zona all&#8217;altra e sostiene le attivit\u00e0 principali dell&#8217;abitazione. Il lato sinistro della parete custodisce la <strong data-node-id=\"13.5\"><a href=\"https:\/\/www.elledecor.com\/it\/case\/a70126114\/tendenze-camera-letto-2026\/\" target=\"_blank\" data-vars-ga-outbound-link=\"https:\/\/www.elledecor.com\/it\/case\/a70126114\/tendenze-camera-letto-2026\/\" data-vars-ga-ux-element=\"Hyperlink\" data-vars-ga-call-to-action=\"camera da letto\" data-node-id=\"13.5.0\" class=\"body-link css-g36lkp emevuu60\" rel=\"nofollow noopener\">camera da letto<\/a><\/strong> e la zona armadio. Rialzata di alcuni gradini, questa stanza sintetizza un codice abitativo privato, personale e intimo. &#8220;Le zone rialzate sono quelle pi\u00f9 domestiche, come lo studio, la camera da letto, gli armadi e il bagno. Nel bagno, l&#8217;altezza rialzata \u00e8 utilizzata per scendere alcuni gradini e creare una doccia\/vasca da bagno incassata per una vita edonistica&#8221;, ha aggiunto lo studio.<\/p>\n<p><img draggable=\"true\" alt=\"mini casa bellissima con cemento a vista\" title=\"Mini-casa bellissima con cemento a vista\" loading=\"lazy\" width=\"2172\" height=\"1925\" decoding=\"async\" data-nimg=\"1\" style=\"color:transparent;width:100%;height:auto;\"   src=\"https:\/\/www.europesays.com\/it\/wp-content\/uploads\/2026\/02\/palma-hideaway-mariana-de-delas-07-69944e7947b11.jpg\" class=\"css-0 e1g79fud0\"\/><a target=\"_blank\" rel=\"noopener nofollow\" data-theme-key=\"base-link\" href=\"https:\/\/pinterest.com\/pin\/create\/button\/?url=https:\/\/www.elledecor.com\/it\/case\/a70389555\/casa-92mq-ex-officina\/&amp;description=elledecoritalia&amp;media=https:\/\/hips.hearstapps.com\/hmg-prod\/images\/palma-hideaway-mariana-de-delas-07-69944e7947b11.jpg?resize=1600:*\" class=\"pinterest css-on9hn5 e1c1bym14\"><img decoding=\"async\" data-dynamic-svg=\"true\" src=\"https:\/\/www.elledecor.com\/_assets\/design-tokens\/fre\/static\/icons\/social\/pinterest.e8cf655.svg?primary=%2523ffffff\" loading=\"lazy\" data-testid=\"dynamic-svg-base\" height=\"auto\" width=\"auto\" alt=\"pinterest\" class=\"css-4lml0h e1mlxuuw1\"\/><\/a><\/p>\n<p>jose hevia<\/p>\n<p><img draggable=\"true\" alt=\"mini casa bellissima con cemento a vista\" title=\"Mini-casa bellissima con cemento a vista\" loading=\"lazy\" width=\"2172\" height=\"1449\" decoding=\"async\" data-nimg=\"1\" style=\"color:transparent;width:100%;height:auto;\"   src=\"https:\/\/www.europesays.com\/it\/wp-content\/uploads\/2026\/02\/palma-hideaway-mariana-de-delas-09-69944e9b83c56.jpg\" class=\"css-0 e1g79fud0\"\/><a target=\"_blank\" rel=\"noopener nofollow\" data-theme-key=\"base-link\" href=\"https:\/\/pinterest.com\/pin\/create\/button\/?url=https:\/\/www.elledecor.com\/it\/case\/a70389555\/casa-92mq-ex-officina\/&amp;description=elledecoritalia&amp;media=https:\/\/hips.hearstapps.com\/hmg-prod\/images\/palma-hideaway-mariana-de-delas-09-69944e9b83c56.jpg?resize=1600:*\" class=\"pinterest css-on9hn5 e1c1bym14\"><img decoding=\"async\" data-dynamic-svg=\"true\" src=\"https:\/\/www.elledecor.com\/_assets\/design-tokens\/fre\/static\/icons\/social\/pinterest.e8cf655.svg?primary=%2523ffffff\" loading=\"lazy\" data-testid=\"dynamic-svg-base\" height=\"auto\" width=\"auto\" alt=\"pinterest\" class=\"css-4lml0h e1mlxuuw1\"\/><\/a><\/p>\n<p>jose hevia<\/p>\n<p data-journey-content=\"true\" data-node-id=\"22\" class=\"css-6wxqfj emevuu60\">Il lato destro della parete divisoria si affaccia sulle aree comuni. Qui, il pavimento in cemento lucidato attraversa la zona con intenzione al fine di realizzare una passeggiata no-stop, che materializza un buon senso di ampiezza. Ma il concetto di convivialit\u00e0 trova il suo luogo in un <strong data-node-id=\"22.1\">tavolo co-progettato da artigiani e designer<\/strong> autoctoni di <a href=\"https:\/\/www.elledecor.com\/it\/viaggi\/a40263653\/guida-di-viaggio-a-palma-di-maiorca\/\" target=\"_blank\" data-vars-ga-outbound-link=\"https:\/\/www.elledecor.com\/it\/viaggi\/a40263653\/guida-di-viaggio-a-palma-di-maiorca\/\" data-vars-ga-ux-element=\"Hyperlink\" data-vars-ga-call-to-action=\"Maiorca\" data-node-id=\"22.3\" class=\"body-link css-g36lkp emevuu60\" rel=\"nofollow noopener\">Maiorca<\/a> e trasferisce un po&#8217; di colore all&#8217;interno del progetto &#8211; un lavoro da &#8220;less is more&#8221;, cio\u00e8 <a href=\"https:\/\/www.elledecor.com\/it\/case\/a70213456\/casa-di-85-mq-minimalista-con-oggetti-design-scandinavo\/\" target=\"_blank\" data-vars-ga-outbound-link=\"https:\/\/www.elledecor.com\/it\/case\/a70213456\/casa-di-85-mq-minimalista-con-oggetti-design-scandinavo\/\" data-vars-ga-ux-element=\"Hyperlink\" data-vars-ga-call-to-action=\"minimalista\" data-node-id=\"22.5\" class=\"body-link css-g36lkp emevuu60\" rel=\"nofollow noopener\">minimalista<\/a> ed essenziale. Il soggiorno e l&#8217;area dedicata al pranzo sono posizionati vicino al giardino, sul retro. La casa vanta anche una <strong data-node-id=\"22.7\">piccola camera per gli ospiti<\/strong> e un secondo bagno ricavati nel vecchio magazzino. <\/p>\n<p><img draggable=\"true\" alt=\"mini casa bellissima con cemento a vista\" title=\"Mini-casa bellissima con cemento a vista\" loading=\"lazy\" width=\"2172\" height=\"1449\" decoding=\"async\" data-nimg=\"1\" style=\"color:transparent;width:100%;height:auto;\"   src=\"https:\/\/www.europesays.com\/it\/wp-content\/uploads\/2026\/02\/palma-hideaway-mariana-de-delas-09-69944eb8efe55.jpg\" class=\"css-0 e1g79fud0\"\/><a target=\"_blank\" rel=\"noopener nofollow\" data-theme-key=\"base-link\" href=\"https:\/\/pinterest.com\/pin\/create\/button\/?url=https:\/\/www.elledecor.com\/it\/case\/a70389555\/casa-92mq-ex-officina\/&amp;description=elledecoritalia&amp;media=https:\/\/hips.hearstapps.com\/hmg-prod\/images\/palma-hideaway-mariana-de-delas-09-69944eb8efe55.jpg?resize=1600:*\" class=\"pinterest css-on9hn5 e1c1bym14\"><img decoding=\"async\" data-dynamic-svg=\"true\" src=\"https:\/\/www.elledecor.com\/_assets\/design-tokens\/fre\/static\/icons\/social\/pinterest.e8cf655.svg?primary=%2523ffffff\" loading=\"lazy\" data-testid=\"dynamic-svg-base\" height=\"auto\" width=\"auto\" alt=\"pinterest\" class=\"css-4lml0h e1mlxuuw1\"\/><\/a><\/p>\n<p>jose hevia<\/p>\n<p><img draggable=\"true\" alt=\"mini casa bellissima con cemento a vista\" title=\"Mini-casa bellissima con cemento a vista\" loading=\"lazy\" width=\"2172\" height=\"1904\" decoding=\"async\" data-nimg=\"1\" style=\"color:transparent;width:100%;height:auto;\"   src=\"https:\/\/www.europesays.com\/it\/wp-content\/uploads\/2026\/02\/palma-hideaway-mariana-de-delas-10-69944ed0aadc5.jpg\" class=\"css-0 e1g79fud0\"\/><a target=\"_blank\" rel=\"noopener nofollow\" data-theme-key=\"base-link\" href=\"https:\/\/pinterest.com\/pin\/create\/button\/?url=https:\/\/www.elledecor.com\/it\/case\/a70389555\/casa-92mq-ex-officina\/&amp;description=elledecoritalia&amp;media=https:\/\/hips.hearstapps.com\/hmg-prod\/images\/palma-hideaway-mariana-de-delas-10-69944ed0aadc5.jpg?resize=1600:*\" class=\"pinterest css-on9hn5 e1c1bym14\"><img decoding=\"async\" data-dynamic-svg=\"true\" src=\"https:\/\/www.elledecor.com\/_assets\/design-tokens\/fre\/static\/icons\/social\/pinterest.e8cf655.svg?primary=%2523ffffff\" loading=\"lazy\" data-testid=\"dynamic-svg-base\" height=\"auto\" width=\"auto\" alt=\"pinterest\" class=\"css-4lml0h e1mlxuuw1\"\/><\/a><\/p>\n<p>jose hevia<\/p>\n<p><img draggable=\"true\" alt=\"mini casa bellissima con cemento a vista\" title=\"Mini-casa bellissima con cemento a vista\" loading=\"lazy\" width=\"2172\" height=\"2176\" decoding=\"async\" data-nimg=\"1\" style=\"color:transparent;width:100%;height:auto;\"   src=\"https:\/\/www.europesays.com\/it\/wp-content\/uploads\/2026\/02\/palma-hideaway-mariana-de-delas-11-69944eed93d5b.jpg\" class=\"css-0 e1g79fud0\"\/><a target=\"_blank\" rel=\"noopener nofollow\" data-theme-key=\"base-link\" href=\"https:\/\/pinterest.com\/pin\/create\/button\/?url=https:\/\/www.elledecor.com\/it\/case\/a70389555\/casa-92mq-ex-officina\/&amp;description=elledecoritalia&amp;media=https:\/\/hips.hearstapps.com\/hmg-prod\/images\/palma-hideaway-mariana-de-delas-11-69944eed93d5b.jpg?resize=1600:*\" class=\"pinterest css-on9hn5 e1c1bym14\"><img decoding=\"async\" data-dynamic-svg=\"true\" src=\"https:\/\/www.elledecor.com\/_assets\/design-tokens\/fre\/static\/icons\/social\/pinterest.e8cf655.svg?primary=%2523ffffff\" loading=\"lazy\" data-testid=\"dynamic-svg-base\" height=\"auto\" width=\"auto\" alt=\"pinterest\" class=\"css-4lml0h e1mlxuuw1\"\/><\/a><\/p>\n<p>jose hevia<\/p>\n<p><img draggable=\"true\" alt=\"mini casa bellissima con cemento a vista\" title=\"Mini-casa bellissima con cemento a vista\" loading=\"lazy\" width=\"2172\" height=\"3257\" decoding=\"async\" data-nimg=\"1\" style=\"color:transparent;width:100%;height:auto;\"   src=\"https:\/\/www.europesays.com\/it\/wp-content\/uploads\/2026\/02\/palma-hideaway-mariana-de-delas-14-69944f07b0e4f.jpg\" class=\"css-0 e1g79fud0\"\/><a target=\"_blank\" rel=\"noopener nofollow\" data-theme-key=\"base-link\" href=\"https:\/\/pinterest.com\/pin\/create\/button\/?url=https:\/\/www.elledecor.com\/it\/case\/a70389555\/casa-92mq-ex-officina\/&amp;description=elledecoritalia&amp;media=https:\/\/hips.hearstapps.com\/hmg-prod\/images\/palma-hideaway-mariana-de-delas-14-69944f07b0e4f.jpg?resize=1600:*\" class=\"pinterest css-on9hn5 e1c1bym14\"><img decoding=\"async\" data-dynamic-svg=\"true\" src=\"https:\/\/www.elledecor.com\/_assets\/design-tokens\/fre\/static\/icons\/social\/pinterest.e8cf655.svg?primary=%2523ffffff\" loading=\"lazy\" data-testid=\"dynamic-svg-base\" height=\"auto\" width=\"auto\" alt=\"pinterest\" class=\"css-4lml0h e1mlxuuw1\"\/><\/a><\/p>\n<p>Jese Hevia<\/p>\n<p><img draggable=\"true\" alt=\"mini casa bellissima con cemento a vista\" title=\"Mini-casa bellissima con cemento a vista\" loading=\"lazy\" width=\"2172\" height=\"2305\" decoding=\"async\" data-nimg=\"1\" style=\"color:transparent;width:100%;height:auto;\"   src=\"https:\/\/www.europesays.com\/it\/wp-content\/uploads\/2026\/02\/palma-hideaway-mariana-de-delas-17-69944f221b307.jpg\" class=\"css-0 e1g79fud0\"\/><a target=\"_blank\" rel=\"noopener nofollow\" data-theme-key=\"base-link\" href=\"https:\/\/pinterest.com\/pin\/create\/button\/?url=https:\/\/www.elledecor.com\/it\/case\/a70389555\/casa-92mq-ex-officina\/&amp;description=elledecoritalia&amp;media=https:\/\/hips.hearstapps.com\/hmg-prod\/images\/palma-hideaway-mariana-de-delas-17-69944f221b307.jpg?resize=1600:*\" class=\"pinterest css-on9hn5 e1c1bym14\"><img decoding=\"async\" data-dynamic-svg=\"true\" src=\"https:\/\/www.elledecor.com\/_assets\/design-tokens\/fre\/static\/icons\/social\/pinterest.e8cf655.svg?primary=%2523ffffff\" loading=\"lazy\" data-testid=\"dynamic-svg-base\" height=\"auto\" width=\"auto\" alt=\"pinterest\" class=\"css-4lml0h e1mlxuuw1\"\/><\/a><\/p>\n<p>jose hevia<\/p>\n<p><img draggable=\"true\" alt=\"mini casa bellissima con cemento a vista\" title=\"Mini-casa bellissima con cemento a vista\" loading=\"lazy\" width=\"2172\" height=\"2305\" decoding=\"async\" data-nimg=\"1\" style=\"color:transparent;width:100%;height:auto;\"   src=\"https:\/\/www.europesays.com\/it\/wp-content\/uploads\/2026\/02\/palma-hideaway-mariana-de-delas-17-69944f3d434c2.jpg\" class=\"css-0 e1g79fud0\"\/><a target=\"_blank\" rel=\"noopener nofollow\" data-theme-key=\"base-link\" href=\"https:\/\/pinterest.com\/pin\/create\/button\/?url=https:\/\/www.elledecor.com\/it\/case\/a70389555\/casa-92mq-ex-officina\/&amp;description=elledecoritalia&amp;media=https:\/\/hips.hearstapps.com\/hmg-prod\/images\/palma-hideaway-mariana-de-delas-17-69944f3d434c2.jpg?resize=1600:*\" class=\"pinterest css-on9hn5 e1c1bym14\"><img decoding=\"async\" data-dynamic-svg=\"true\" src=\"https:\/\/www.elledecor.com\/_assets\/design-tokens\/fre\/static\/icons\/social\/pinterest.e8cf655.svg?primary=%2523ffffff\" loading=\"lazy\" data-testid=\"dynamic-svg-base\" height=\"auto\" width=\"auto\" alt=\"pinterest\" class=\"css-4lml0h e1mlxuuw1\"\/><\/a><\/p>\n<p>jose hevia<\/p>\n<p><img draggable=\"true\" alt=\"mini casa bellissima con cemento a vista\" title=\"Mini-casa bellissima con cemento a vista\" loading=\"lazy\" width=\"2172\" height=\"2211\" decoding=\"async\" data-nimg=\"1\" style=\"color:transparent;width:100%;height:auto;\"   src=\"https:\/\/www.europesays.com\/it\/wp-content\/uploads\/2026\/02\/palma-hideaway-mariana-de-delas-18-69944f730db0a.jpg\" class=\"css-0 e1g79fud0\"\/><a target=\"_blank\" rel=\"noopener nofollow\" data-theme-key=\"base-link\" href=\"https:\/\/pinterest.com\/pin\/create\/button\/?url=https:\/\/www.elledecor.com\/it\/case\/a70389555\/casa-92mq-ex-officina\/&amp;description=elledecoritalia&amp;media=https:\/\/hips.hearstapps.com\/hmg-prod\/images\/palma-hideaway-mariana-de-delas-18-69944f730db0a.jpg?resize=1600:*\" class=\"pinterest css-on9hn5 e1c1bym14\"><img decoding=\"async\" data-dynamic-svg=\"true\" src=\"https:\/\/www.elledecor.com\/_assets\/design-tokens\/fre\/static\/icons\/social\/pinterest.e8cf655.svg?primary=%2523ffffff\" loading=\"lazy\" data-testid=\"dynamic-svg-base\" height=\"auto\" width=\"auto\" alt=\"pinterest\" class=\"css-4lml0h e1mlxuuw1\"\/><\/a><\/p>\n<p>jose hevia<\/p>\n<p><img draggable=\"true\" alt=\"mini casa bellissima con cemento a vista\" title=\"Mini-casa bellissima con cemento a vista\" loading=\"lazy\" width=\"2172\" height=\"1409\" decoding=\"async\" data-nimg=\"1\" style=\"color:transparent;width:100%;height:auto;\"   src=\"https:\/\/www.europesays.com\/it\/wp-content\/uploads\/2026\/02\/palma-hideaway-mariana-de-delas-19-69944fb2334b2.jpg\" class=\"css-0 e1g79fud0\"\/><a target=\"_blank\" rel=\"noopener nofollow\" data-theme-key=\"base-link\" href=\"https:\/\/pinterest.com\/pin\/create\/button\/?url=https:\/\/www.elledecor.com\/it\/case\/a70389555\/casa-92mq-ex-officina\/&amp;description=elledecoritalia&amp;media=https:\/\/hips.hearstapps.com\/hmg-prod\/images\/palma-hideaway-mariana-de-delas-19-69944fb2334b2.jpg?resize=1600:*\" class=\"pinterest css-on9hn5 e1c1bym14\"><img decoding=\"async\" data-dynamic-svg=\"true\" src=\"https:\/\/www.elledecor.com\/_assets\/design-tokens\/fre\/static\/icons\/social\/pinterest.e8cf655.svg?primary=%2523ffffff\" loading=\"lazy\" data-testid=\"dynamic-svg-base\" height=\"auto\" width=\"auto\" alt=\"pinterest\" class=\"css-4lml0h e1mlxuuw1\"\/><\/a><\/p>\n<p>jose hevia<\/p>\n<p><img draggable=\"true\" alt=\"mini casa bellissima con cemento a vista\" title=\"Mini-casa bellissima con cemento a vista\" loading=\"lazy\" width=\"2172\" height=\"2030\" decoding=\"async\" data-nimg=\"1\" style=\"color:transparent;width:100%;height:auto;\"   src=\"https:\/\/www.europesays.com\/it\/wp-content\/uploads\/2026\/02\/palma-hideaway-mariana-de-delas-24-69944fcf4a3c8.jpg\" class=\"css-0 e1g79fud0\"\/><a target=\"_blank\" rel=\"noopener nofollow\" data-theme-key=\"base-link\" href=\"https:\/\/pinterest.com\/pin\/create\/button\/?url=https:\/\/www.elledecor.com\/it\/case\/a70389555\/casa-92mq-ex-officina\/&amp;description=elledecoritalia&amp;media=https:\/\/hips.hearstapps.com\/hmg-prod\/images\/palma-hideaway-mariana-de-delas-24-69944fcf4a3c8.jpg?resize=1600:*\" class=\"pinterest css-on9hn5 e1c1bym14\"><img decoding=\"async\" data-dynamic-svg=\"true\" src=\"https:\/\/www.elledecor.com\/_assets\/design-tokens\/fre\/static\/icons\/social\/pinterest.e8cf655.svg?primary=%2523ffffff\" loading=\"lazy\" data-testid=\"dynamic-svg-base\" height=\"auto\" width=\"auto\" alt=\"pinterest\" class=\"css-4lml0h e1mlxuuw1\"\/><\/a><\/p>\n<p>jose hevia<\/p>\n<p><img src=\"https:\/\/www.europesays.com\/it\/wp-content\/uploads\/2026\/02\/1771412002_128_e84fffd4-6caa-4927-b6a7-ab5791add78d_1694417339.file.png\" alt=\"Headshot of Alessia Musillo\" title=\"Headshot of Alessia Musillo\" width=\"100%\" height=\"100%\" decoding=\"async\" loading=\"lazy\" class=\"css-o0wq4v ev8dhu53\"\/><\/p>\n<p>Alessia Musillo \u00e8 Head of Content di Elledecor.it e Marie Claire Maison Italia digital. Laureata all\u2019Universit\u00e0 Statale di Milano con una tesi custodita presso la Fondazione Treccani di Milano, ha studiato anche Modern Languages presso la University of Strathclyde a Glasgow (UK) e Semiotics presso la University of Tartu (Estonia). Dopo aver collaborato con diverse testate giornalistiche, oggi trasforma l\u2019attualit\u00e0 in racconti scrivendo di citt\u00e0, design e cultura pop per il sito web di Elle Decor Italia. Potete seguirla su Instagram (@alessia__musillo) o leggendo Elledecor.it. I suoi articoli sono viaggi sulle tracce dell\u2019abitare contemporaneo. Il suo mezzo? La parola. \u00a0\u00a0\u00a0\u00a0\u00a0<\/p>\n","protected":false},"excerpt":{"rendered":"Si chiama Palma Hideaway, ed \u00e8 il risultato di un lavoro di ristrutturazione di una ex officina. Oggi&hellip;\n","protected":false},"author":3,"featured_media":358926,"comment_status":"","ping_status":"","sticky":false,"template":"","format":"standard","meta":{"footnotes":"","_share_on_mastodon":"0"},"categories":[1446],"tags":[1615,1613,1614,1611,1610,727,1612,203,204,1537,90,89,15327,150621],"class_list":["post-358925","post","type-post","status-publish","format-standard","has-post-thumbnail","category-arte-e-design","tag-arte","tag-arte-e-design","tag-arteedesign","tag-arts","tag-arts-and-design","tag-case","tag-design","tag-entertainment","tag-intrattenimento","tag-it","tag-italia","tag-italy","tag-mini-casa","tag-palma-de-mallorca"],"share_on_mastodon":{"url":"https:\/\/pubeurope.com\/@it\/116091264222667524","error":""},"_links":{"self":[{"href":"https:\/\/www.europesays.com\/it\/wp-json\/wp\/v2\/posts\/358925","targetHints":{"allow":["GET"]}}],"collection":[{"href":"https:\/\/www.europesays.com\/it\/wp-json\/wp\/v2\/posts"}],"about":[{"href":"https:\/\/www.europesays.com\/it\/wp-json\/wp\/v2\/types\/post"}],"author":[{"embeddable":true,"href":"https:\/\/www.europesays.com\/it\/wp-json\/wp\/v2\/users\/3"}],"replies":[{"embeddable":true,"href":"https:\/\/www.europesays.com\/it\/wp-json\/wp\/v2\/comments?post=358925"}],"version-history":[{"count":0,"href":"https:\/\/www.europesays.com\/it\/wp-json\/wp\/v2\/posts\/358925\/revisions"}],"wp:featuredmedia":[{"embeddable":true,"href":"https:\/\/www.europesays.com\/it\/wp-json\/wp\/v2\/media\/358926"}],"wp:attachment":[{"href":"https:\/\/www.europesays.com\/it\/wp-json\/wp\/v2\/media?parent=358925"}],"wp:term":[{"taxonomy":"category","embeddable":true,"href":"https:\/\/www.europesays.com\/it\/wp-json\/wp\/v2\/categories?post=358925"},{"taxonomy":"post_tag","embeddable":true,"href":"https:\/\/www.europesays.com\/it\/wp-json\/wp\/v2\/tags?post=358925"}],"curies":[{"name":"wp","href":"https:\/\/api.w.org\/{rel}","templated":true}]}}